{"id":411994,"date":"2025-09-23T13:15:13","date_gmt":"2025-09-23T13:15:13","guid":{"rendered":"https:\/\/www.europesays.com\/fr\/411994\/"},"modified":"2025-09-23T13:15:13","modified_gmt":"2025-09-23T13:15:13","slug":"des-scientifiques-accusent-les-theories-classiques-docculter-locean-de-magma-decouvert-au-coeur-de-la-terre","status":"publish","type":"post","link":"https:\/\/www.europesays.com\/fr\/411994\/","title":{"rendered":"des scientifiques accusent les th\u00e9ories classiques d\u2019occulter l\u2019oc\u00e9an de magma d\u00e9couvert au c\u0153ur de la Terre"},"content":{"rendered":"<tr>\n<td><strong>EN BREF<\/strong><\/td>\n<\/tr>\n<tr>\n<td>\n<ul>\n<li>\ud83c\udf0b La <strong>mod\u00e9lisation num\u00e9rique<\/strong> r\u00e9v\u00e8le la formation d\u2019un oc\u00e9an de magma basal.<\/li>\n<li>\ud83d\udd0d La <strong>s\u00e9gr\u00e9gation gravitationnelle<\/strong> influence la diff\u00e9renciation chimique du manteau terrestre.<\/li>\n<li>\ud83d\udc8e Des <strong>signatures g\u00e9ochimiques<\/strong> red\u00e9finissent la p\u00e9trologie terrestre.<\/li>\n<li>\ud83d\ude80 Nouvelles perspectives pour la <strong>recherche g\u00e9ologique<\/strong> dans le syst\u00e8me solaire.<\/li>\n<\/ul>\n<\/td>\n<\/tr>\n<p>La compr\u00e9hension de la formation des structures internes de la Terre a toujours \u00e9t\u00e9 un sujet central pour les scientifiques. Les avanc\u00e9es technologiques r\u00e9centes ont permis de r\u00e9\u00e9valuer les th\u00e9ories sur la solidification du manteau terrestre. Ces recherches sont soutenues par des mod\u00e8les num\u00e9riques qui r\u00e9v\u00e8lent des processus dynamiques, donnant naissance \u00e0 un oc\u00e9an de magma basal. Ce ph\u00e9nom\u00e8ne, autrefois consid\u00e9r\u00e9 comme hypoth\u00e9tique, est d\u00e9sormais appuy\u00e9 par des preuves solides. Ces d\u00e9couvertes remettent en question notre compr\u00e9hension de l\u2019\u00e9volution g\u00e9ologique de la Terre, offrant de nouvelles perspectives sur la formation des plan\u00e8tes rocheuses.<\/p>\n<p>R\u00f4le essentiel de la mod\u00e9lisation num\u00e9rique<\/p>\n<p>La mod\u00e9lisation num\u00e9rique a r\u00e9volutionn\u00e9 notre compr\u00e9hension des processus sous la surface terrestre. En utilisant une approche multiphasique de la dynamique des fluides, les chercheurs ont simul\u00e9 les conditions favorisant la formation d\u2019un oc\u00e9an de magma basal. Cette mod\u00e9lisation a permis d\u2019int\u00e9grer des relations de phase et des diagrammes de fusion, afin d\u2019estimer la composition des r\u00e9servoirs g\u00e9ochimiques primordiaux avec pr\u00e9cision. Les r\u00e9sultats montrent des anomalies isotopiques dans des roches anciennes, confirmant la validit\u00e9 des mod\u00e8les num\u00e9riques.<\/p>\n<p><strong>Ces d\u00e9couvertes<\/strong> transforment notre compr\u00e9hension des processus de diff\u00e9renciation chimique et thermique du manteau terrestre primitif. Les implications ne se limitent pas \u00e0 la Terre, mais s\u2019\u00e9tendent \u00e0 l\u2019ensemble du syst\u00e8me solaire, offrant des perspectives nouvelles sur la formation des corps rocheux environnants.<\/p>\n<blockquote class=\"wp-embedded-content\" data-secret=\"weyncuKHfF\">\n<p><a href=\"https:\/\/www.innovant.fr\/2025\/08\/08\/creuser-jusquau-centre-de-la-terre-ce-projet-insense-qui-pourrait-bouleverser-notre-comprehension-de-la-planete\/\" rel=\"nofollow noopener\" target=\"_blank\">\u00ab Creuser jusqu\u2019au centre de la Terre ? \u00bb Ce projet insens\u00e9 qui pourrait bouleverser notre compr\u00e9hension de la plan\u00e8te<\/a><\/p>\n<\/blockquote>\n<p>S\u00e9gr\u00e9gation gravitationnelle dans le manteau terrestre<\/p>\n<p>L\u2019\u00e9tude met en lumi\u00e8re l\u2019importance de la s\u00e9gr\u00e9gation gravitationnelle dans la formation du manteau terrestre. Cette s\u00e9gr\u00e9gation, due \u00e0 la diff\u00e9rence de densit\u00e9 entre les liquides riches en fer et les solides plus l\u00e9gers, a conduit \u00e0 l\u2019accumulation de mat\u00e9riaux riches en oxyde de fer au-dessus du noyau terrestre. Ce processus a jou\u00e9 un r\u00f4le crucial dans la formation de l\u2019oc\u00e9an de magma basal. <strong>Plut\u00f4t que d\u2019\u00eatre un d\u00e9tail secondaire<\/strong>, cette s\u00e9gr\u00e9gation a d\u00e9termin\u00e9 la distribution des \u00e9l\u00e9ments chimiques et les interactions entre le manteau et le noyau.<\/p>\n<p>Cette nouvelle approche remet en question les mod\u00e8les traditionnels, affirmant que la solidification a commenc\u00e9 en surface. Les signatures g\u00e9ochimiques issues de ce ph\u00e9nom\u00e8ne ont influenc\u00e9 la p\u00e9trologie et la g\u00e9ochimie terrestres, offrant une nouvelle perspective sur l\u2019\u00e9volution des plan\u00e8tes rocheuses.<\/p>\n<blockquote class=\"wp-embedded-content\" data-secret=\"E7ettd6H4n\">\n<p><a href=\"https:\/\/www.innovant.fr\/2025\/07\/07\/un-cataclysme-inevitable-la-terre-sur-le-point-de-se-transformer-en-un-vaste-ocean-de-magma-basal-ardent-dici-2050-selon-des-experts\/\" rel=\"nofollow noopener\" target=\"_blank\">Un cataclysme in\u00e9vitable : la Terre sur le point de se transformer en un vaste oc\u00e9an de magma basal ardent d\u2019ici 2050, selon des experts<\/a><\/p>\n<\/blockquote>\n<p>Cons\u00e9quences sur la g\u00e9ochimie et la p\u00e9trologie<\/p>\n<p>Les r\u00e9centes d\u00e9couvertes ont des implications majeures pour la g\u00e9ochimie et la p\u00e9trologie. La formation de solides en surface, plut\u00f4t qu\u2019en profondeur, sugg\u00e8re que le fractionnement des silicates superficiels a inject\u00e9 des signatures g\u00e9ochimiques dans le manteau profond. Cette observation remet en question les interactions traditionnelles entre la dynamique du manteau, la p\u00e9trologie et la g\u00e9ochimie.<\/p>\n<p><strong>Un brassage vertical intense<\/strong> durant la solidification explique la faible empreinte g\u00e9ochimique de l\u2019oc\u00e9an de magma basal sur le manteau solide. Ces nouvelles perspectives permettent de r\u00e9\u00e9valuer les observations g\u00e9ochimiques pass\u00e9es pour une meilleure reconstruction de l\u2019histoire thermique et chimique de la Terre.<\/p>\n<blockquote class=\"wp-embedded-content\" data-secret=\"PFlCZ30B36\">\n<p><a href=\"https:\/\/www.innovant.fr\/2025\/03\/13\/10-000-influenceurs-boostent-leur-notoriete-avec-cette-methode-acheter-des-fans-com-simpose-pour-exploser-sur-les-reseaux-sociaux\/\" rel=\"nofollow noopener\" target=\"_blank\">\u00ab\u00a010 000 influenceurs boostent leur notori\u00e9t\u00e9 avec cette m\u00e9thode\u00a0\u00bb : Acheter-des-Fans.com s\u2019impose pour exploser sur les r\u00e9seaux sociaux<\/a><\/p>\n<\/blockquote>\n<p>Perspectives pour la recherche g\u00e9ologique future<\/p>\n<p>Les avanc\u00e9es r\u00e9centes dans la compr\u00e9hension de la formation d\u2019un oc\u00e9an de magma basal ouvrent de nouvelles perspectives de recherche. Ces d\u00e9couvertes incitent \u00e0 r\u00e9examiner les donn\u00e9es g\u00e9ophysiques et g\u00e9ochimiques pour mieux comprendre l\u2019\u00e9volution de la Terre. Les implications vont au-del\u00e0 de notre plan\u00e8te, \u00e9clairant la diversit\u00e9 des corps rocheux dans le syst\u00e8me solaire et au-del\u00e0.<\/p>\n<p><strong>La r\u00e9\u00e9valuation des mod\u00e8les g\u00e9ochimiques<\/strong> et g\u00e9ophysiques pourrait conduire \u00e0 de nouvelles th\u00e9ories sur la formation des plan\u00e8tes rocheuses. La question demeure : comment ces nouvelles connaissances influenceront-elles notre compr\u00e9hension des autres corps c\u00e9lestes dans l\u2019Univers ?<\/p>\n<p>Cet article s\u2019appuie sur des sources v\u00e9rifi\u00e9es et l\u2019assistance de technologies \u00e9ditoriales.<\/p>\n<p id=\"rating\">\u00c7a vous a plu ?\u00a04.4\/5 (29)<\/p>\n","protected":false},"excerpt":{"rendered":"EN BREF \ud83c\udf0b La mod\u00e9lisation num\u00e9rique r\u00e9v\u00e8le la formation d\u2019un oc\u00e9an de magma basal. \ud83d\udd0d La s\u00e9gr\u00e9gation gravitationnelle&hellip;\n","protected":false},"author":2,"featured_media":411995,"comment_status":"","ping_status":"","sticky":false,"template":"","format":"standard","meta":{"footnotes":""},"categories":[7],"tags":[1011,27,43,40,41,39,42,44],"class_list":{"0":"post-411994","1":"post","2":"type-post","3":"status-publish","4":"format-standard","5":"has-post-thumbnail","7":"category-sciences-et-technologies","8":"tag-fr","9":"tag-france","10":"tag-science","11":"tag-science-and-technology","12":"tag-sciences","13":"tag-sciences-et-technologies","14":"tag-technologies","15":"tag-technology"},"share_on_mastodon":{"url":"https:\/\/pubeurope.com\/@fr\/115253800041707677","error":""},"_links":{"self":[{"href":"https:\/\/www.europesays.com\/fr\/wp-json\/wp\/v2\/posts\/411994","targetHints":{"allow":["GET"]}}],"collection":[{"href":"https:\/\/www.europesays.com\/fr\/wp-json\/wp\/v2\/posts"}],"about":[{"href":"https:\/\/www.europesays.com\/fr\/wp-json\/wp\/v2\/types\/post"}],"author":[{"embeddable":true,"href":"https:\/\/www.europesays.com\/fr\/wp-json\/wp\/v2\/users\/2"}],"replies":[{"embeddable":true,"href":"https:\/\/www.europesays.com\/fr\/wp-json\/wp\/v2\/comments?post=411994"}],"version-history":[{"count":0,"href":"https:\/\/www.europesays.com\/fr\/wp-json\/wp\/v2\/posts\/411994\/revisions"}],"wp:featuredmedia":[{"embeddable":true,"href":"https:\/\/www.europesays.com\/fr\/wp-json\/wp\/v2\/media\/411995"}],"wp:attachment":[{"href":"https:\/\/www.europesays.com\/fr\/wp-json\/wp\/v2\/media?parent=411994"}],"wp:term":[{"taxonomy":"category","embeddable":true,"href":"https:\/\/www.europesays.com\/fr\/wp-json\/wp\/v2\/categories?post=411994"},{"taxonomy":"post_tag","embeddable":true,"href":"https:\/\/www.europesays.com\/fr\/wp-json\/wp\/v2\/tags?post=411994"}],"curies":[{"name":"wp","href":"https:\/\/api.w.org\/{rel}","templated":true}]}}