{"id":411999,"date":"2025-09-23T13:18:11","date_gmt":"2025-09-23T13:18:11","guid":{"rendered":"https:\/\/www.europesays.com\/fr\/411999\/"},"modified":"2025-09-23T13:18:11","modified_gmt":"2025-09-23T13:18:11","slug":"maria-fillette-de-9-ans-a-ete-retrouvee","status":"publish","type":"post","link":"https:\/\/www.europesays.com\/fr\/411999\/","title":{"rendered":"Maria, fillette de 9 ans, a \u00e9t\u00e9 retrouv\u00e9e"},"content":{"rendered":"<p>            Par<br \/>\n        <strong><br \/>\n            <a href=\"https:\/\/actu.fr\/auteur\/l-ameline\" title=\"Consulter tous les articles de Ludovic Ameline\" rel=\"nofollow noopener\" target=\"_blank\">Ludovic Ameline<\/a><br \/>\n        <\/strong><\/p>\n<p>        Publi\u00e9 le<\/p>\n<p>            23 sept. 2025 \u00e0 12h42        <\/p>\n<p><b>Maria Kitoko<\/b>, <a href=\"https:\/\/actu.fr\/normandie\/cherbourg-en-cotentin_50129\/disparition-inquietante-dune-fillette-de-9-ans-a-cherbourg_63199184.html\" rel=\"nofollow noopener\" target=\"_blank\">la fillette disparue<\/a><b> depuis la nuit du 20 au 21\u00a0septembre 2025 <\/b>\u00e0 <a href=\"https:\/\/actu.fr\/normandie\/cherbourg-en-cotentin_50129\" rel=\"nofollow noopener\" target=\"_blank\">Cherbourg-Octeville<\/a> (Manche), a \u00e9t\u00e9 retrouv\u00e9e ce mardi 23\u00a0septembre en fin de matin\u00e9e, <b>d\u00e9pos\u00e9e au commissariat<\/b> de <b>police <\/b>de Cherbourg.<\/p>\n<p>La fillette en cours d\u2019audition<\/p>\n<p class=\" wall-content\">Maria, <b>\u00e2g\u00e9e de 9\u00a0ans<\/b>, est <b>en cours d\u2019audition par les enqu\u00eateurs<\/b>.<\/p>\n<p class=\" wall-content\">Les autorit\u00e9s cherchent \u00e0 d\u00e9terminer si elle est partie seule ou a pu b\u00e9n\u00e9ficier de complicit\u00e9s, si elle a \u00e9t\u00e9 enlev\u00e9e et s\u00e9questr\u00e9e, ou si elle a subi quelconques s\u00e9vices au cours de cette disparition.<\/p>\n<p class=\" wall-content\">Pour l\u2019instant, les circonstances pr\u00e9cises de sa d\u00e9couverte ne sont pas communiqu\u00e9es par la police, qui reste tr\u00e8s prudente dans la diffusion des informations pour ne pas g\u00eaner le d\u00e9roulement de l\u2019<b>enqu\u00eate en cours<\/b>.<\/p>\n<p class=\" wall-content\">La police promet de faire toute la lumi\u00e8re sur cette affaire. Dans la matin\u00e9e, le parquet de Cherbourg indiquait privil\u00e9gier la fugue.<\/p>\n<p class=\" wall-content\">Plus d\u2019informations \u00e0 venir\u2026<\/p>\n<p class=\" wall-content\">Personnalisez votre actualit\u00e9 en ajoutant vos villes et m\u00e9dias en favori avec <a href=\"https:\/\/moncompte.actu.fr\" title=\"D\u00e9couvez Mon Actu\" rel=\"nofollow noopener\" data-trk=\"{&quot;cta&quot;:{&quot;action&quot;:&quot;https:\\\/\\\/moncompte.actu.fr&quot;,&quot;category&quot;:&quot;mon compte&quot;,&quot;from&quot;:&quot;article footer&quot;,&quot;name&quot;:&quot;Mon actu&quot;,&quot;type&quot;:&quot;cta&quot;}}\" target=\"_blank\">Mon Actu<\/a>.<\/p>\n","protected":false},"excerpt":{"rendered":"Par Ludovic Ameline Publi\u00e9 le 23 sept. 2025 \u00e0 12h42 Maria Kitoko, la fillette disparue depuis la nuit&hellip;\n","protected":false},"author":2,"featured_media":412000,"comment_status":"","ping_status":"","sticky":false,"template":"","format":"standard","meta":{"footnotes":""},"categories":[4],"tags":[11,3168,3676,118,1011,27,12,1072,25],"class_list":{"0":"post-411999","1":"post","2":"type-post","3":"status-publish","4":"format-standard","5":"has-post-thumbnail","7":"category-france","8":"tag-actualites","9":"tag-cotentin","10":"tag-disparition-inquietante","11":"tag-faits-divers","12":"tag-fr","13":"tag-france","14":"tag-news","15":"tag-police","16":"tag-republique-francaise"},"share_on_mastodon":{"url":"https:\/\/pubeurope.com\/@fr\/115253811938930028","error":""},"_links":{"self":[{"href":"https:\/\/www.europesays.com\/fr\/wp-json\/wp\/v2\/posts\/411999","targetHints":{"allow":["GET"]}}],"collection":[{"href":"https:\/\/www.europesays.com\/fr\/wp-json\/wp\/v2\/posts"}],"about":[{"href":"https:\/\/www.europesays.com\/fr\/wp-json\/wp\/v2\/types\/post"}],"author":[{"embeddable":true,"href":"https:\/\/www.europesays.com\/fr\/wp-json\/wp\/v2\/users\/2"}],"replies":[{"embeddable":true,"href":"https:\/\/www.europesays.com\/fr\/wp-json\/wp\/v2\/comments?post=411999"}],"version-history":[{"count":0,"href":"https:\/\/www.europesays.com\/fr\/wp-json\/wp\/v2\/posts\/411999\/revisions"}],"wp:featuredmedia":[{"embeddable":true,"href":"https:\/\/www.europesays.com\/fr\/wp-json\/wp\/v2\/media\/412000"}],"wp:attachment":[{"href":"https:\/\/www.europesays.com\/fr\/wp-json\/wp\/v2\/media?parent=411999"}],"wp:term":[{"taxonomy":"category","embeddable":true,"href":"https:\/\/www.europesays.com\/fr\/wp-json\/wp\/v2\/categories?post=411999"},{"taxonomy":"post_tag","embeddable":true,"href":"https:\/\/www.europesays.com\/fr\/wp-json\/wp\/v2\/tags?post=411999"}],"curies":[{"name":"wp","href":"https:\/\/api.w.org\/{rel}","templated":true}]}}