{"id":412027,"date":"2025-09-23T13:35:15","date_gmt":"2025-09-23T13:35:15","guid":{"rendered":"https:\/\/www.europesays.com\/fr\/412027\/"},"modified":"2025-09-23T13:35:15","modified_gmt":"2025-09-23T13:35:15","slug":"retour-sur-un-drame-en-3-actes","status":"publish","type":"post","link":"https:\/\/www.europesays.com\/fr\/412027\/","title":{"rendered":"retour sur un drame en 3 actes"},"content":{"rendered":"<p>            Par<br \/>\n        <strong><br \/>\n            <a href=\"https:\/\/actu.fr\/auteur\/ivan-capecchi\" title=\"Consulter tous les articles de Ivan CAPECCHI\" target=\"_blank\" rel=\"noopener\">Ivan CAPECCHI<\/a><br \/>\n        <\/strong><\/p>\n<p>        Publi\u00e9 le<\/p>\n<p>            23 sept. 2025 \u00e0 11h56        <\/p>\n<p>Lundi, la municipalit\u00e9 \u00e9cologiste a annonc\u00e9 <a href=\"https:\/\/actu.fr\/grand-est\/strasbourg_67482\/reconnaissance-de-la-palestine-par-la-france-a-strasbourg-l-hotel-de-ville-eclaire-aux-couleurs-du-drapeau_63195045.html\" target=\"_blank\" rel=\"noopener\">l\u2019allumage de son H\u00f4tel de Ville aux couleurs du drapeau palestinien<\/a> en soutien \u00e0 la <a href=\"https:\/\/actu.fr\/politique\/la-france-reconnait-officiellement-l-etat-de-palestine-l-annonce-historique-d-emmanuel-macron-a-l-onu_63196781.html\" target=\"_blank\" rel=\"noopener\">reconnaissance par la France de l\u2019\u00c9tat de Palestine<\/a>. Trente minutes plus tard, <strong>le pr\u00e9fet obtenait son extinction en r\u00e9f\u00e9r\u00e9<\/strong>. Retour sur ce drame en trois actes.<\/p>\n<p>Acte I\u2009: l\u2019annonce de la Ville<\/p>\n<p class=\" wall-content\">Lundi 22\u00a0septembre 2025, la mairie de Strasbourg <strong>officialise sa d\u00e9cision d\u2019illuminer, le soir m\u00eame, l\u2019H\u00f4tel de Ville aux couleurs du drapeau palestinien, et ce,<\/strong> en lien avec la reconnaissance, par la France et <a href=\"https:\/\/actu.fr\/tag\/emmanuel-macron\" target=\"_blank\" rel=\"noopener\">Emmanuel Macron<\/a>, de l\u2019<strong>\u00c9tat de Palestine<\/strong> lors de l\u2019<b>Assembl\u00e9e g\u00e9n\u00e9rale des Nations Unies<\/b>.<\/p>\n<p class=\" wall-content\">La capitale alsacienne se distingue alors\u2009: elle est la seule grande ville de la r\u00e9gion* \u00e0 suivre le <a href=\"https:\/\/actu.fr\/politique\/pourquoi-il-est-interdit-de-hisser-le-drapeau-palestinien-sur-une-mairie-comme-le-reclame-olivier-faure_63164531.html\" target=\"_blank\" rel=\"noopener\">mouvement initi\u00e9 par Olivier Faure<\/a>, premier secr\u00e9taire du PS, malgr\u00e9 une <strong>interdiction du minist\u00e8re de l\u2019Int\u00e9rieur<\/strong>. \u00ab\u2009Cette lumi\u00e8re <strong>symbolise notre soutien aux efforts diplomatiques en faveur d\u2019une paix juste et durable<\/strong>\u2009\u00bb, \u00e9crit <a href=\"https:\/\/actu.fr\/grand-est\/strasbourg_67482\/municipales-2026-jeanne-barseghian-maire-de-strasbourg-candidate-a-sa-reelection_62866356.html\" target=\"_blank\" rel=\"noopener\">Jeanne Barseghian<\/a>, la maire Les \u00c9cologistes de Strasbourg, sur Facebook.<\/p>\n<p>    <a href=\"https:\/\/www.facebook.com\/plugins\/post.php?href=https%3A%2F%2Fwww.facebook.com%2Fjeannebarseghianstrasbourg%2Fposts%2Fpfbid036isKYE5b1fuyxv3h9vdoSnzpY2DQRtDU8oRuFo1mAEteFH1D4Qk6BLNH9V5kXzS2l&amp;show_text=true&amp;width=350\" title=\"Ouvrie le lien\" target=\"_blank\" rel=\"noopener\">Cliquez ici pour visualiser le contenu<\/a><\/p>\n<p>Acte II\u2009: les critiques des opposants<\/p>\n<p class=\" wall-content\">Tr\u00e8s vite, la d\u00e9cision fait r\u00e9agir les adversaires politiques de Jeanne Barseghian. <a href=\"https:\/\/actu.fr\/grand-est\/strasbourg_67482\/municipales-2026-a-strasbourg-pierre-jakubowicz-horizons-officialise-sa-candidature_63115980.html\" target=\"_blank\" rel=\"noopener\">Pierre Jakubowicz<\/a> (Horizons), candidat aux municipales de 2026, fustige une \u00e9lue \u00ab\u2009<strong>qui agit en militante plut\u00f4t qu\u2019en maire<\/strong>\u2009\u00bb, accusant cette derni\u00e8re \u00ab\u2009<strong>d\u2019importer le conflit<\/strong>\u2009\u00bb et de mener une \u00ab\u2009<strong>instrumentalisation cynique \u00e0 des fins politiciennes<\/strong>\u2009\u00bb.<\/p>\n<p class=\" wall-content\">M\u00eame tonalit\u00e9 du c\u00f4t\u00e9 de <a href=\"https:\/\/actu.fr\/grand-est\/strasbourg_67482\/municipales-2026-jean-philippe-vetter-se-lance-dans-la-course-et-cree-son-mouvement_62102551.html\" target=\"_blank\" rel=\"noopener\">Jean-Philippe Vetter<\/a> (Les R\u00e9publicains), \u00e9galement candidat aux prochaines \u00e9lections municipales, qui d\u00e9nonce une \u00ab\u2009<strong>mise en sc\u00e8ne<\/strong>\u2009\u00bb destin\u00e9e selon lui \u00e0 \u00ab\u2009<strong>diviser, cliver et conflictualiser le d\u00e9bat public<\/strong>\u2009\u00bb, alors que le r\u00f4le du maire serait au contraire<strong> \u00ab\u2009d\u2019apaiser\u2009\u00bb et \u00ab\u2009d\u2019exporter le message de paix de Strasbourg\u2009\u00bb<\/strong>.<\/p>\n<p>Votre r\u00e9gion, votre actu !<\/p>\n<p>Recevez chaque jour les infos qui comptent pour vous.<\/p>\n<p>\t<a href=\"https:\/\/actu.fr\/newsletter\" class=\"ac-btn ac-btn--corner ac-btn--medium ac-btn--blue800\" target=\"_blank\" rel=\"noopener\">S&rsquo;incrire<\/a><\/p>\n<p>    <a href=\"https:\/\/www.facebook.com\/plugins\/post.php?href=https%3A%2F%2Fwww.facebook.com%2Fjeanphilippe.vetter%2Fposts%2Fpfbid0dPgfbj13AKEBk72yLJDknQa4q2K1pLtFCcnRutDQUGE6v8vSKFWX2GH8LBZWHEaal&amp;show_text=true&amp;width=350\" title=\"Ouvrie le lien\" target=\"_blank\" rel=\"noopener\">Cliquez ici pour visualiser le contenu<\/a><\/p>\n<p>Acte III\u2009: l\u2019intervention du pr\u00e9fet et du tribunal<\/p>\n<p class=\" wall-content\">\u00c0 19h30, <strong>les projecteurs s\u2019allument<\/strong>\u2009: la fa\u00e7ade de l\u2019H\u00f4tel de Ville, place Broglie, se pare de <strong>vert, rouge, noir et blanc<\/strong>. Mais <strong>\u00e0 peine une demi-heure plus tard, tout s\u2019\u00e9teint<\/strong>. Le pr\u00e9fet du Bas-Rhin avait <strong>saisi en urgence le tribunal administratif<\/strong>, qui rend sa d\u00e9cision dans la foul\u00e9e\u2009: <strong>suspension imm\u00e9diate de l\u2019illumination<\/strong>.<\/p>\n<p class=\" wall-content\">Dans son ordonnance, le juge des r\u00e9f\u00e9r\u00e9s rappelle que \u00ab\u2009<strong>le principe de neutralit\u00e9 des services publics s\u2019oppose \u00e0 ce que soient appos\u00e9s sur les \u00e9difices publics des signes symbolisant la revendication d\u2019opinions politiques, religieuses ou philosophiques<\/strong>\u2009\u00bb. Il estime que la d\u00e9cision de la maire \u00ab<strong>\u2009refl\u00e9tait une opinion politique sur un conflit international en cours<\/strong>\u2009\u00bb.<\/p>\n<p class=\" wall-content\">*En France, une cinquantaine de communes ont d\u00e9cid\u00e9 de braver le principe de neutralit\u00e9, selon des chiffres du minist\u00e8re de l\u2019Int\u00e9rieur.<\/p>\n<p class=\" wall-content\">Personnalisez votre actualit\u00e9 en ajoutant vos villes et m\u00e9dias en favori avec <a href=\"https:\/\/moncompte.actu.fr\" title=\"D\u00e9couvez Mon Actu\" rel=\"nofollow noopener\" data-trk=\"{&quot;cta&quot;:{&quot;action&quot;:&quot;https:\\\/\\\/moncompte.actu.fr&quot;,&quot;category&quot;:&quot;mon compte&quot;,&quot;from&quot;:&quot;article footer&quot;,&quot;name&quot;:&quot;Mon actu&quot;,&quot;type&quot;:&quot;cta&quot;}}\" target=\"_blank\">Mon Actu<\/a>.<\/p>\n","protected":false},"excerpt":{"rendered":"Par Ivan CAPECCHI Publi\u00e9 le 23 sept. 2025 \u00e0 11h56 Lundi, la municipalit\u00e9 \u00e9cologiste a annonc\u00e9 l\u2019allumage de&hellip;\n","protected":false},"author":2,"featured_media":412028,"comment_status":"","ping_status":"","sticky":false,"template":"","format":"standard","meta":{"footnotes":""},"categories":[2820],"tags":[1111,11,1073,1777,674,1011,27,775,5643,12,25,104,640],"class_list":{"0":"post-412027","1":"post","2":"type-post","3":"status-publish","4":"format-standard","5":"has-post-thumbnail","7":"category-strasbourg","8":"tag-actu","9":"tag-actualites","10":"tag-emmanuel-macron","11":"tag-eu","12":"tag-europe","13":"tag-fr","14":"tag-france","15":"tag-grand-est","16":"tag-guerre-israel-hamas","17":"tag-news","18":"tag-republique-francaise","19":"tag-societe","20":"tag-strasbourg"},"share_on_mastodon":{"url":"https:\/\/pubeurope.com\/@fr\/115253878702576301","error":""},"_links":{"self":[{"href":"https:\/\/www.europesays.com\/fr\/wp-json\/wp\/v2\/posts\/412027","targetHints":{"allow":["GET"]}}],"collection":[{"href":"https:\/\/www.europesays.com\/fr\/wp-json\/wp\/v2\/posts"}],"about":[{"href":"https:\/\/www.europesays.com\/fr\/wp-json\/wp\/v2\/types\/post"}],"author":[{"embeddable":true,"href":"https:\/\/www.europesays.com\/fr\/wp-json\/wp\/v2\/users\/2"}],"replies":[{"embeddable":true,"href":"https:\/\/www.europesays.com\/fr\/wp-json\/wp\/v2\/comments?post=412027"}],"version-history":[{"count":0,"href":"https:\/\/www.europesays.com\/fr\/wp-json\/wp\/v2\/posts\/412027\/revisions"}],"wp:featuredmedia":[{"embeddable":true,"href":"https:\/\/www.europesays.com\/fr\/wp-json\/wp\/v2\/media\/412028"}],"wp:attachment":[{"href":"https:\/\/www.europesays.com\/fr\/wp-json\/wp\/v2\/media?parent=412027"}],"wp:term":[{"taxonomy":"category","embeddable":true,"href":"https:\/\/www.europesays.com\/fr\/wp-json\/wp\/v2\/categories?post=412027"},{"taxonomy":"post_tag","embeddable":true,"href":"https:\/\/www.europesays.com\/fr\/wp-json\/wp\/v2\/tags?post=412027"}],"curies":[{"name":"wp","href":"https:\/\/api.w.org\/{rel}","templated":true}]}}