{"id":412029,"date":"2025-09-23T13:36:15","date_gmt":"2025-09-23T13:36:15","guid":{"rendered":"https:\/\/www.europesays.com\/fr\/412029\/"},"modified":"2025-09-23T13:36:15","modified_gmt":"2025-09-23T13:36:15","slug":"six-nouveaux-magistrats-installes-au-tribunal-administratif-de-nice","status":"publish","type":"post","link":"https:\/\/www.europesays.com\/fr\/412029\/","title":{"rendered":"Six nouveaux magistrats install\u00e9s au tribunal administratif de Nice"},"content":{"rendered":"<p>                    <img loading=\"lazy\" decoding=\"async\" src=\"https:\/\/www.europesays.com\/fr\/wp-content\/uploads\/2025\/09\/7904175b81f3a165e11f9e934ca56a.png\" class=\"img-responsive post-image\" width=\"680\" height=\"510\" alt=\"Six nouveaux magistrats\" title=\"Six nouveaux magistrats install\u00e9s au tribunal administratif de Nice\"\/><\/p>\n<p class=\"chapo\">Le tribunal administratif de Nice a tenu son audience solennelle le 12 septembre marqu\u00e9e par l\u2019installation de six nouveaux magistrats, en pr\u00e9sence de l\u2019ensemble de la communaut\u00e9 juridictionnelle. Cette arriv\u00e9e porte \u00e0 29 le nombre de magistrats en poste au sein de la juridiction.<\/p>\n<p>Depuis septembre 2022, l\u2019installation officielle des magistrats administratifs accompagne chaque nouvelle affectation, promotion au grade de pr\u00e9sident ou retour apr\u00e8s une p\u00e9riode de mobilit\u00e9. Elle symbolise leur int\u00e9gration dans la communaut\u00e9 juridictionnelle.<\/p>\n<p>La pr\u00e9sidente du tribunal, <strong>Marianne Pouget,<\/strong> entour\u00e9e des vice-pr\u00e9sidents, a pr\u00e9sent\u00e9 le parcours professionnel et acad\u00e9mique des six nouveaux arrivants avant de proc\u00e9der \u00e0 leur installation\u00a0:<br class=\"texte\"\/><br \/>\n<strong>Guillaume Thobaty,<\/strong> pr\u00e9sident de la 3e chambre (contentieux fiscal), en provenance du tribunal administratif de Cergy-Pontoise\u00a0;<br class=\"autobr\"\/><br \/>\n<strong>Thomas Ruocco-Nardo,<\/strong> premier conseiller, rapporteur public \u00e0 la 1\u00e8re chambre (contentieux fiscal), auparavant au tribunal administratif de Grenoble\u00a0;<br class=\"autobr\"\/><br \/>\n<strong>Aude Monnier-Desombes,<\/strong> conseill\u00e8re \u00e0 la 4e chambre (contentieux de l\u2019urbanisme), en provenance du tribunal administratif de la Martinique\u00a0;<br class=\"autobr\"\/><br \/>\n<strong>Flavien Facon,<\/strong> conseiller, rapporteur \u00e0 la 4e chambre\u00a0;<br class=\"autobr\"\/><br \/>\n<strong>Caroline Bossuet<\/strong>, conseill\u00e8re \u00e0 la 6e chambre (contentieux des march\u00e9s publics)\u00a0;<br class=\"autobr\"\/><br \/>\n<strong>Mathilde Asnard<\/strong>, conseill\u00e8re \u00e0 la 6e chambre (contentieux de la responsabilit\u00e9 hospitali\u00e8re).<\/p>\n<p>L\u2019audience a \u00e9galement permis d\u2019accueillir les agents de greffe affect\u00e9s au tribunal administratif en 2025 (<strong>Nathalie Barrant, Fr\u00e9d\u00e9ric Lyautey, Edlira Shehu<\/strong> et <strong>Marie-Anne Valente<\/strong>) ainsi qu\u2019<strong>Aur\u00e9lie Andr\u00e9oli<\/strong>, vacataire aide \u00e0 la d\u00e9cision.<br class=\"autobr\"\/><br \/>\nEnfin, deux magistrats ont pr\u00eat\u00e9 serment devant la pr\u00e9sidente du tribunal, repr\u00e9sentant le vice-pr\u00e9sident du Conseil d\u2019\u00c9tat. Cette c\u00e9r\u00e9monie renforce le caract\u00e8re solennel de leur entr\u00e9e en fonction et l\u2019unit\u00e9 de la juridiction administrative.<\/p>\n<p>Photo de Une \u00a9TA de Nice<\/p>\n","protected":false},"excerpt":{"rendered":"Le tribunal administratif de Nice a tenu son audience solennelle le 12 septembre marqu\u00e9e par l\u2019installation de six&hellip;\n","protected":false},"author":2,"featured_media":412030,"comment_status":"","ping_status":"","sticky":false,"template":"","format":"standard","meta":{"footnotes":""},"categories":[2819],"tags":[1111,11,2408,1777,674,1011,27,12,2401,882,25],"class_list":{"0":"post-412029","1":"post","2":"type-post","3":"status-publish","4":"format-standard","5":"has-post-thumbnail","7":"category-nice","8":"tag-actu","9":"tag-actualites","10":"tag-appels-d","11":"tag-eu","12":"tag-europe","13":"tag-fr","14":"tag-france","15":"tag-news","16":"tag-nice","17":"tag-provence-alpes-cote-dazur","18":"tag-republique-francaise"},"share_on_mastodon":{"url":"https:\/\/pubeurope.com\/@fr\/115253883237786254","error":""},"_links":{"self":[{"href":"https:\/\/www.europesays.com\/fr\/wp-json\/wp\/v2\/posts\/412029","targetHints":{"allow":["GET"]}}],"collection":[{"href":"https:\/\/www.europesays.com\/fr\/wp-json\/wp\/v2\/posts"}],"about":[{"href":"https:\/\/www.europesays.com\/fr\/wp-json\/wp\/v2\/types\/post"}],"author":[{"embeddable":true,"href":"https:\/\/www.europesays.com\/fr\/wp-json\/wp\/v2\/users\/2"}],"replies":[{"embeddable":true,"href":"https:\/\/www.europesays.com\/fr\/wp-json\/wp\/v2\/comments?post=412029"}],"version-history":[{"count":0,"href":"https:\/\/www.europesays.com\/fr\/wp-json\/wp\/v2\/posts\/412029\/revisions"}],"wp:featuredmedia":[{"embeddable":true,"href":"https:\/\/www.europesays.com\/fr\/wp-json\/wp\/v2\/media\/412030"}],"wp:attachment":[{"href":"https:\/\/www.europesays.com\/fr\/wp-json\/wp\/v2\/media?parent=412029"}],"wp:term":[{"taxonomy":"category","embeddable":true,"href":"https:\/\/www.europesays.com\/fr\/wp-json\/wp\/v2\/categories?post=412029"},{"taxonomy":"post_tag","embeddable":true,"href":"https:\/\/www.europesays.com\/fr\/wp-json\/wp\/v2\/tags?post=412029"}],"curies":[{"name":"wp","href":"https:\/\/api.w.org\/{rel}","templated":true}]}}