{"id":412033,"date":"2025-09-23T13:38:28","date_gmt":"2025-09-23T13:38:28","guid":{"rendered":"https:\/\/www.europesays.com\/fr\/412033\/"},"modified":"2025-09-23T13:38:28","modified_gmt":"2025-09-23T13:38:28","slug":"geopolitique-arts-litterature-cest-la-rentree-aussi-a-luniversite-permanente","status":"publish","type":"post","link":"https:\/\/www.europesays.com\/fr\/412033\/","title":{"rendered":"G\u00e9opolitique, arts, litt\u00e9rature\u2026 c\u2019est la rentr\u00e9e aussi \u00e0 l\u2019universit\u00e9 permanente"},"content":{"rendered":"<p>Ils seront 9\u00a0000\u00a0cette ann\u00e9e, sans doute un peu plus, \u00e0 pousser les portes de l\u2019Universit\u00e9 permanente de Nantes, dans les locaux des ateliers des chantiers de Nantes, sur l\u2019\u00eele de Nantes ou dans l\u2019une des antennes de la r\u00e9gion.<\/p>\n<p>Ces \u00e9tudiants \u2013 <strong>\u00ab\u00a0une majorit\u00e9 de personnes \u00e0 la retraite\u00a0\u00bb,<\/strong> souligne la directrice de l\u2019universit\u00e9, St\u00e9phanie Arnaud \u2013 viennent pour le plaisir chimiquement pur d\u2019apprendre et de comprendre ce monde parfois complexe. Pas de dipl\u00f4me de fin d\u2019ann\u00e9e, <strong>\u00ab\u00a0pas non plus de contr\u00f4le d\u2019assiduit\u00e9\u00a0\u00bb,<\/strong> sourit C\u00e9cile Estrade, qui s\u2019occupe notamment de la communication de l\u2019universit\u00e9 permanente, juste cette soif de connaissance \u00e0 \u00e9tancher, des cl\u00e9s de compr\u00e9hension \u00e0 trouver, des rep\u00e8res \u00e0 se donner.<\/p>\n<p>\u00ab\u00a0Ouvert \u00e0 tous\u00a0\u00bb<\/p>\n<p>Au programme, fid\u00e8le \u00e0 <a href=\"https:\/\/nantes.maville.com\/info\/info-locale\/bien-vieillir-cest-soccuper-de-ses-neurones-2926146\" target=\"_self\" rel=\"noopener\">l\u2019esprit du fondateur de cette universit\u00e9, Georges Fargeas, des cours et des conf\u00e9rences, <strong>\u00ab\u00a0ouverts \u00e0 tous, sans distinction d\u2019\u00e2ge\u00a0\u00bb,<\/strong> r\u00e9p\u00e8te la pr\u00e9sidente, Emmanuelle Bousquet.<\/a> Pas moins de deux cents conf\u00e9rences sont programm\u00e9es en cette rentr\u00e9e\u00a0! \u00c0 Nantes, et ailleurs dans la r\u00e9gion. Mais aussi des cours, en petits groupes d\u2019une trentaine de personnes.<\/p>\n<p>Rien \u00e0 voir avec un apprentissage vertical et descendant. <strong>\u00ab\u00a0\u00c7a ressemble plut\u00f4t \u00e0 des discussions, entre nous et l\u2019intervenant\u00a0\u00bb,<\/strong> renseigne Jean-Luc Orsonneau, m\u00e9decin \u00e0 la retraite et habitu\u00e9 des bancs de l\u2019universit\u00e9 permanente depuis d\u00e9j\u00e0 <strong>\u00ab\u00a0une dizaine d\u2019ann\u00e9es\u00a0\u00bb.<\/strong><\/p>\n<p>Ces cours peuvent \u00e9galement prendre la forme d\u2019une interview, <strong>\u00ab\u00a0men\u00e9e par un journaliste, avec un auteur, un chercheur, un scientifique\u00a0\u00bb,<\/strong> indique C\u00e9cile Estrade, avant que les \u00e9tudiants ne posent librement leurs questions. Et puisque l\u2019universit\u00e9 permanente de Nantes f\u00eate son cinquanti\u00e8me anniversaire, on retrouvera, sur son site ou sa cha\u00eene YouTube, certaines conf\u00e9rences capt\u00e9es au cours de ce demi-si\u00e8cle, et rediffus\u00e9es dans leur int\u00e9gralit\u00e9.<\/p>\n<p>Les inscriptions sont ouvertes depuis le 4\u00a0septembre. Elles se poursuivent. L\u2019adh\u00e9sion est de 58\u00a0\u20ac, plein tarif, et elle permet d\u2019assister \u00e0 toutes les conf\u00e9rences. Les cours sont payants.<\/p>\n<p>\u00a0<\/p>\n","protected":false},"excerpt":{"rendered":"Ils seront 9\u00a0000\u00a0cette ann\u00e9e, sans doute un peu plus, \u00e0 pousser les portes de l\u2019Universit\u00e9 permanente de Nantes,&hellip;\n","protected":false},"author":2,"featured_media":412034,"comment_status":"","ping_status":"","sticky":false,"template":"","format":"standard","meta":{"footnotes":""},"categories":[2818],"tags":[1111,11,1348,1777,674,1011,27,3535,1351,766,12,2636,30991,28313,25,6689,5768,9693],"class_list":{"0":"post-412033","1":"post","2":"type-post","3":"status-publish","4":"format-standard","5":"has-post-thumbnail","7":"category-nantes","8":"tag-actu","9":"tag-actualites","10":"tag-arts","11":"tag-eu","12":"tag-europe","13":"tag-fr","14":"tag-france","15":"tag-geopolitique","16":"tag-litterature","17":"tag-nantes","18":"tag-news","19":"tag-pays-de-la-loire","20":"tag-permanente","21":"tag-rentree","22":"tag-republique-francaise","23":"tag-roche","24":"tag-universite","25":"tag-yon"},"share_on_mastodon":{"url":"https:\/\/pubeurope.com\/@fr\/115253890507864007","error":""},"_links":{"self":[{"href":"https:\/\/www.europesays.com\/fr\/wp-json\/wp\/v2\/posts\/412033","targetHints":{"allow":["GET"]}}],"collection":[{"href":"https:\/\/www.europesays.com\/fr\/wp-json\/wp\/v2\/posts"}],"about":[{"href":"https:\/\/www.europesays.com\/fr\/wp-json\/wp\/v2\/types\/post"}],"author":[{"embeddable":true,"href":"https:\/\/www.europesays.com\/fr\/wp-json\/wp\/v2\/users\/2"}],"replies":[{"embeddable":true,"href":"https:\/\/www.europesays.com\/fr\/wp-json\/wp\/v2\/comments?post=412033"}],"version-history":[{"count":0,"href":"https:\/\/www.europesays.com\/fr\/wp-json\/wp\/v2\/posts\/412033\/revisions"}],"wp:featuredmedia":[{"embeddable":true,"href":"https:\/\/www.europesays.com\/fr\/wp-json\/wp\/v2\/media\/412034"}],"wp:attachment":[{"href":"https:\/\/www.europesays.com\/fr\/wp-json\/wp\/v2\/media?parent=412033"}],"wp:term":[{"taxonomy":"category","embeddable":true,"href":"https:\/\/www.europesays.com\/fr\/wp-json\/wp\/v2\/categories?post=412033"},{"taxonomy":"post_tag","embeddable":true,"href":"https:\/\/www.europesays.com\/fr\/wp-json\/wp\/v2\/tags?post=412033"}],"curies":[{"name":"wp","href":"https:\/\/api.w.org\/{rel}","templated":true}]}}