{"id":412049,"date":"2025-09-23T13:46:15","date_gmt":"2025-09-23T13:46:15","guid":{"rendered":"https:\/\/www.europesays.com\/fr\/412049\/"},"modified":"2025-09-23T13:46:15","modified_gmt":"2025-09-23T13:46:15","slug":"a-marseille-un-centre-de-secours-et-dincendie-a-saint-julien-12eme","status":"publish","type":"post","link":"https:\/\/www.europesays.com\/fr\/412049\/","title":{"rendered":"\u00c0 Marseille, un Centre de Secours et d\u2019Incendie \u00e0 Saint-Julien (12\u00e8me)"},"content":{"rendered":"<p>                    <img loading=\"lazy\" decoding=\"async\" src=\"https:\/\/www.europesays.com\/fr\/wp-content\/uploads\/2025\/09\/e95605a806f4268257b6f7d3f3d2ec.png\" class=\"img-responsive post-image\" width=\"680\" height=\"510\" alt=\"\u00c0 Marseille, un Centre de\" title=\" \u00c0 Marseille, un Centre de Secours et d'Incendie \u00e0 Saint-Julien (12\u00e8me)\"\/><\/p>\n<p class=\"chapo\">Pour accueillir les marins-pompiers dans les meilleures conditions et permettre de mailler encore plus le territoire, un Centre d\u2019Incendie et de Secours (CIS) va am\u00e9liorer la couverture de l\u2019est et du nord de la ville.<\/p>\n<p>Le b\u00e2timent \u00e0 \u00e9nergie positive accueille 74 marins-pompiers. Un investissement de plus de 12 millions d\u2019\u20ac. Le meilleur maillage territorial et l\u2019exp\u00e9rience du Bataillon permettent de r\u00e9duire son temps d\u2019intervention. Des secondes pr\u00e9cieuses qui sauvent des vies.<br class=\"texte\"\/><br \/>\nPar ailleurs, le premier centre de formation d\u2019excellence maritime et portuaire de marins-pompiers va voir le jour dans le 12\u00e8me arrondissement sur le terrain de l\u2019ancien coll\u00e8ge Louis Armand. 53 millions d\u2019\u20ac sont investis pour regrouper sur un seul et m\u00eame site la formation des marins-pompiers. Le centre fera office de r\u00e9f\u00e9rence pour les former aux nouveaux risques majeurs.<\/p>\n<p>Aux c\u00f4t\u00e9s des Marseillais <\/p>\n<p>Depuis 2020, les marins-pompiers ont \u00e9t\u00e9 aux c\u00f4t\u00e9s des Marseillais \u00e0 chaque instant, dans le quotidien et lors d\u2019\u00e9v\u00e9nements tragiques ou d\u2019ampleur.<br class=\"autobr\"\/><br \/>\nAinsi, lors de l\u2019explosions rue Tivoli\u00a0: durant ce tragique \u00e9v\u00e9nement d\u2019avril 2023, le Bataillon \u00e9tait en premi\u00e8re ligne. Au total, l\u2019intervention aura sollicit\u00e9 les efforts de 422 marins-pompiers et 104 engins.<br class=\"autobr\"\/><br \/>\nAinsi encore lors de la crise sanitaire, les marins-pompiers \u00e9taient aux c\u00f4t\u00e9s des Marseillais en r\u00e9alisant des campagnes de d\u00e9pistage, des interventions de secours \u00e0 la personne, et, au quotidien, dans le plus grand vaccinodrome de France.<br class=\"autobr\"\/><br \/>\nEnfin, lors de l\u2019accueil de la Flamme. Le Bataillon a pris sa part pour permettre l\u2019arriv\u00e9e de la Flamme Olympique en 2024. Avec 600 marins-pompiers mobilis\u00e9s, il a \u00e9t\u00e9 un artisan du succ\u00e8s de cet \u00e9v\u00e8nement plan\u00e9taire.<\/p>\n<p>Photo de Une\u00a0: \u00a9Ville de Marseille<\/p>\n","protected":false},"excerpt":{"rendered":"Pour accueillir les marins-pompiers dans les meilleures conditions et permettre de mailler encore plus le territoire, un Centre&hellip;\n","protected":false},"author":2,"featured_media":412050,"comment_status":"","ping_status":"","sticky":false,"template":"","format":"standard","meta":{"footnotes":""},"categories":[2814],"tags":[1111,11,2408,1777,674,1011,27,884,12,882,25],"class_list":{"0":"post-412049","1":"post","2":"type-post","3":"status-publish","4":"format-standard","5":"has-post-thumbnail","7":"category-marseille","8":"tag-actu","9":"tag-actualites","10":"tag-appels-d","11":"tag-eu","12":"tag-europe","13":"tag-fr","14":"tag-france","15":"tag-marseille","16":"tag-news","17":"tag-provence-alpes-cote-dazur","18":"tag-republique-francaise"},"share_on_mastodon":{"url":"https:\/\/pubeurope.com\/@fr\/115253922453795110","error":""},"_links":{"self":[{"href":"https:\/\/www.europesays.com\/fr\/wp-json\/wp\/v2\/posts\/412049","targetHints":{"allow":["GET"]}}],"collection":[{"href":"https:\/\/www.europesays.com\/fr\/wp-json\/wp\/v2\/posts"}],"about":[{"href":"https:\/\/www.europesays.com\/fr\/wp-json\/wp\/v2\/types\/post"}],"author":[{"embeddable":true,"href":"https:\/\/www.europesays.com\/fr\/wp-json\/wp\/v2\/users\/2"}],"replies":[{"embeddable":true,"href":"https:\/\/www.europesays.com\/fr\/wp-json\/wp\/v2\/comments?post=412049"}],"version-history":[{"count":0,"href":"https:\/\/www.europesays.com\/fr\/wp-json\/wp\/v2\/posts\/412049\/revisions"}],"wp:featuredmedia":[{"embeddable":true,"href":"https:\/\/www.europesays.com\/fr\/wp-json\/wp\/v2\/media\/412050"}],"wp:attachment":[{"href":"https:\/\/www.europesays.com\/fr\/wp-json\/wp\/v2\/media?parent=412049"}],"wp:term":[{"taxonomy":"category","embeddable":true,"href":"https:\/\/www.europesays.com\/fr\/wp-json\/wp\/v2\/categories?post=412049"},{"taxonomy":"post_tag","embeddable":true,"href":"https:\/\/www.europesays.com\/fr\/wp-json\/wp\/v2\/tags?post=412049"}],"curies":[{"name":"wp","href":"https:\/\/api.w.org\/{rel}","templated":true}]}}