{"id":412051,"date":"2025-09-23T13:47:10","date_gmt":"2025-09-23T13:47:10","guid":{"rendered":"https:\/\/www.europesays.com\/fr\/412051\/"},"modified":"2025-09-23T13:47:10","modified_gmt":"2025-09-23T13:47:10","slug":"un-magistrat-suspendu-pour-avoir-conserve-le-cadavre-de-sa-mere","status":"publish","type":"post","link":"https:\/\/www.europesays.com\/fr\/412051\/","title":{"rendered":"un magistrat suspendu pour avoir conserv\u00e9 le cadavre de sa m\u00e8re"},"content":{"rendered":"<p>Le juge a \u00e9t\u00e9 relev\u00e9 de ses fonctions \u00e0 la suite de sa mise en examen pour \u00abnon-assistance \u00e0 la personne en danger\u00bb et son placement sous contr\u00f4le judiciaire. L\u2019homme n\u2019avait pas signal\u00e9 le d\u00e9c\u00e8s de sa m\u00e8re 20 jours apr\u00e8s sa mort.<\/p>\n<p class=\"fig-paragraph\">Les faits ont fait basculer les\u00a0<a href=\"http:\/\/www.lefigaro.fr\/marseille\/construire-cette-cite-judiciaire-est-une-idiotie-a-marseille-la-delocalisation-des-tribunaux-du-centre-ville-suscite-la-controverse-20250722\" data-fig-type=\"NewsFlash\" data-gtm-custom-categorie=\"navigation\" data-gtm-custom-action=\"crossclick\" data-gtm-custom-label=\"Contextuel\" data-gtm-event=\"customEventSPE\" data-fig-domain=\"LEFIGARO\" target=\"_blank\" rel=\"noopener\">juridictions marseillaises<\/a>\u00a0dans l\u2019horreur. Au d\u00e9but de l\u2019\u00e9t\u00e9, l\u2019un de leurs magistrats a \u00e9t\u00e9 interpell\u00e9 et d\u00e9f\u00e9r\u00e9 au tribunal judiciaire d\u2019Aix-en-Provence pour des faits particuli\u00e8rement abominables. L\u2019homme est, selon nos confr\u00e8res de\u00a0<a href=\"https:\/\/www.parismatch.com\/actu\/faits-divers\/info-paris-match-marseille-un-magistrat-mis-en-examen-apres-avoir-conserve-le-corps-de-sa-mere-decedee-257420\" target=\"_blank\" rel=\"sponsored noopener\" data-gtm-custom-categorie=\"navigation\" data-gtm-custom-action=\"crossclick\" data-gtm-custom-label=\"Contextuel\" data-gtm-event=\"customEventSPE\">Paris Match<\/a>, suspect\u00e9 d\u2019avoir conserv\u00e9 le cadavre de sa m\u00e8re dans l\u2019appartement familial.<\/p>\n<p class=\"fig-paragraph\">Comme confirm\u00e9 au Figaro par le tribunal judiciaire de Marseille, le magistrat a depuis \u00e9t\u00e9 relev\u00e9 de ses fonctions. Le dossier a \u00e9t\u00e9 d\u00e9pays\u00e9 \u00e0\u00a0<a href=\"http:\/\/www.lefigaro.fr\/marseille\/prendre-le-pouvoir-sur-le-territoire-dans-les-bouches-du-rhone-les-bandes-criminelles-harcelent-de-nouveau-les-commercants-20250912\" data-fig-type=\"NewsFlash\" data-gtm-custom-categorie=\"navigation\" data-gtm-custom-action=\"crossclick\" data-gtm-custom-label=\"Contextuel\" data-gtm-event=\"customEventSPE\" data-fig-domain=\"LEFIGARO\" target=\"_blank\" rel=\"noopener\">Aix-en-Provence<\/a>\u00a0afin d\u2019\u00e9viter toute forme de collusion au sein du corps judiciaire marseillais. Mis en examen pour \u00abnon-assistance \u00e0 la personne en danger\u00bb, cet ex-juge si\u00e9geant au tribunal correctionnel a \u00e9t\u00e9 plac\u00e9 sous contr\u00f4le judiciaire. Il est soup\u00e7onn\u00e9 de ne pas avoir port\u00e9 assistance \u00e0 sa propre m\u00e8re, dont l\u2019\u00e9tat de sant\u00e9 s\u2019\u00e9tait d\u00e9grad\u00e9 avant le d\u00e9c\u00e8s.<\/p>\n<p>                                    <a class=\"fig-a11y-skip a11y-hidden\" href=\"#fig-a11y-skip-main-inarticle\"><br \/>\n        Passer la publicit\u00e9<br \/>\n    <\/a><\/p>\n<p>Sa m\u00e8re serait tomb\u00e9e de son lit<\/p>\n<p class=\"fig-paragraph\">D\u2019apr\u00e8s nos confr\u00e8res, cette d\u00e9couverte est intervenue fin juin, quand des voisins, d\u00e9rang\u00e9s par l\u2019odeur pestilentielle qui \u00e9manait de l\u2019appartement de la victime, ont alert\u00e9 les secours. En p\u00e9n\u00e9trant \u00e0 l\u2019int\u00e9rieur, les\u00a0<a href=\"http:\/\/www.lefigaro.fr\/marseille\/creer-du-lien-avec-la-population-a-marseille-cette-unite-des-marins-pompiers-previent-les-violences-urbaines-par-la-desescalade-20240422\" data-fig-type=\"NewsFlash\" data-gtm-custom-categorie=\"navigation\" data-gtm-custom-action=\"crossclick\" data-gtm-custom-label=\"Contextuel\" data-gtm-event=\"customEventSPE\" data-fig-domain=\"LEFIGARO\" target=\"_blank\" rel=\"noopener\">marins-pompiers de Marseille<\/a>\u00a0ont fait la d\u00e9couverte d\u2019un corps en d\u00e9composition pos\u00e9 au pied de son lit.<\/p>\n<p class=\"fig-paragraph\">Le magistrat a \u00e9t\u00e9 arr\u00eat\u00e9 quelques heures plus tard par la police alors qu\u2019il regagnait son domicile. Toujours selon nos confr\u00e8res, l\u2019homme aurait spontan\u00e9ment expliqu\u00e9 aux forces de l\u2019ordre avoir d\u00e9couvert que sa m\u00e8re \u00e9tait tomb\u00e9e du lit au d\u00e9but du mois, pr\u00e9cisant qu\u2019il s\u2019occupait d\u2019elle en \u00ablui prodiguant la toilette et en l\u2019alimentant\u00bb. Le corps aurait s\u00e9journ\u00e9 dans l\u2019appartement pendant pr\u00e8s d\u2019une vingtaine de jours sans que le magistrat ne prenne le temps de signaler le d\u00e9c\u00e8s de sa m\u00e8re.<\/p>\n","protected":false},"excerpt":{"rendered":"Le juge a \u00e9t\u00e9 relev\u00e9 de ses fonctions \u00e0 la suite de sa mise en examen pour \u00abnon-assistance&hellip;\n","protected":false},"author":2,"featured_media":412052,"comment_status":"","ping_status":"","sticky":false,"template":"","format":"standard","meta":{"footnotes":""},"categories":[2814],"tags":[1111,11,1777,674,1011,27,303,6194,884,12,882,25],"class_list":{"0":"post-412051","1":"post","2":"type-post","3":"status-publish","4":"format-standard","5":"has-post-thumbnail","7":"category-marseille","8":"tag-actu","9":"tag-actualites","10":"tag-eu","11":"tag-europe","12":"tag-fr","13":"tag-france","14":"tag-justice","15":"tag-magistrats","16":"tag-marseille","17":"tag-news","18":"tag-provence-alpes-cote-dazur","19":"tag-republique-francaise"},"share_on_mastodon":{"url":"https:\/\/pubeurope.com\/@fr\/115253925896886073","error":""},"_links":{"self":[{"href":"https:\/\/www.europesays.com\/fr\/wp-json\/wp\/v2\/posts\/412051","targetHints":{"allow":["GET"]}}],"collection":[{"href":"https:\/\/www.europesays.com\/fr\/wp-json\/wp\/v2\/posts"}],"about":[{"href":"https:\/\/www.europesays.com\/fr\/wp-json\/wp\/v2\/types\/post"}],"author":[{"embeddable":true,"href":"https:\/\/www.europesays.com\/fr\/wp-json\/wp\/v2\/users\/2"}],"replies":[{"embeddable":true,"href":"https:\/\/www.europesays.com\/fr\/wp-json\/wp\/v2\/comments?post=412051"}],"version-history":[{"count":0,"href":"https:\/\/www.europesays.com\/fr\/wp-json\/wp\/v2\/posts\/412051\/revisions"}],"wp:featuredmedia":[{"embeddable":true,"href":"https:\/\/www.europesays.com\/fr\/wp-json\/wp\/v2\/media\/412052"}],"wp:attachment":[{"href":"https:\/\/www.europesays.com\/fr\/wp-json\/wp\/v2\/media?parent=412051"}],"wp:term":[{"taxonomy":"category","embeddable":true,"href":"https:\/\/www.europesays.com\/fr\/wp-json\/wp\/v2\/categories?post=412051"},{"taxonomy":"post_tag","embeddable":true,"href":"https:\/\/www.europesays.com\/fr\/wp-json\/wp\/v2\/tags?post=412051"}],"curies":[{"name":"wp","href":"https:\/\/api.w.org\/{rel}","templated":true}]}}