{"id":412067,"date":"2025-09-23T13:55:15","date_gmt":"2025-09-23T13:55:15","guid":{"rendered":"https:\/\/www.europesays.com\/fr\/412067\/"},"modified":"2025-09-23T13:55:15","modified_gmt":"2025-09-23T13:55:15","slug":"deux-restaurants-incendies-dans-la-meme-rue-des-employes-parmi-les-suspects","status":"publish","type":"post","link":"https:\/\/www.europesays.com\/fr\/412067\/","title":{"rendered":"Deux restaurants incendi\u00e9s dans la m\u00eame rue, des employ\u00e9s parmi les suspects"},"content":{"rendered":"<p>Trois hommes ont \u00e9t\u00e9 interpell\u00e9s dimanche en toute fin de soir\u00e9e apr\u00e8s l\u2019<a href=\"https:\/\/www.20minutes.fr\/dossier\/incendie_criminel\" class=\"c-link c-link--is-underlined\" target=\"_blank\" rel=\"noopener\">incendie<\/a> du <a href=\"https:\/\/www.20minutes.fr\/dossier\/restaurant\" class=\"c-link c-link--is-underlined\" target=\"_blank\" rel=\"noopener\">restaurant<\/a> \u00ab\u00a0Au Pavillon Paris\u00a0\u00bb, dans le 1er arrondissement, \u00e9voque <a href=\"https:\/\/www.lefigaro.fr\/faits-divers\/paris-deux-restaurants-incendies-a-20-heures-d-intervalle-trois-individus-places-en-garde-a-vue-20250922\" target=\"_blank\" class=\"c-link c-link--is-underlined\" rel=\"noopener\">Le Figaro<\/a>. Il s\u2019agit de trois hommes qui travaillent au sein de l\u2019\u00e9tablissement.<\/p>\n<p>De nombreux t\u00e9moignages de personnes pr\u00e9sentes sur les lieux ont permis aux policiers, arriv\u00e9s tr\u00e8s rapidement, de mener l\u2019enqu\u00eate. Les t\u00e9moins ont expliqu\u00e9 que deux hommes \u00e9taient sortis d\u2019un v\u00e9hicule et avaient jet\u00e9 un engin incendiaire sur l\u2019\u00e9tablissement, rapidement en proie aux flammes. Ils ont alors donn\u00e9 une description pr\u00e9cise du v\u00e9hicule aux fonctionnaires de police et des deux individus.<\/p>\n<p>Un autre incendie sur le trottoir d\u2019en face, la veille<\/p>\n<p>Les policiers \u00e9tant arriv\u00e9s tr\u00e8s rapidement sur place, ils ont pu tenter de se lancer \u00e0 la poursuite du v\u00e9hicule. Des efforts couronn\u00e9s de succ\u00e8s puisque le v\u00e9hicule, d\u00e9crit par les t\u00e9moins, \u00e9tait toujours bloqu\u00e9 dans la circulation du boulevard de S\u00e9bastopol, encore importante \u00e0 cette heure-l\u00e0.<\/p>\n<\/p>\n<p>Trois hommes ont \u00e9t\u00e9 interpell\u00e9s. Les trois employ\u00e9s du restaurant sont \u00e2g\u00e9s de 25, 33 et 37 ans et originaires d\u2019Allemagne, de Saint-Denis et du Sri Lanka. Les policiers tentent de comprendre leurs motivations, mais \u00e9galement s\u2019il y a un lien avec l\u2019embrasement d\u2019un autre \u00e9tablissement la veille.<\/p>\n<p>Le \u00ab\u00a0Sacr\u00e9 Frenchy\u00a0!\u00a0\u00bb a lui aussi \u00e9t\u00e9 victime d\u2019un incendie certainement volontaire, dans la nuit du samedi au dimanche. Seule la porte de ce restaurant a \u00e9t\u00e9 touch\u00e9e. \u00ab\u00a0Au Pavillon Paris\u00a0\u00bb est en revanche totalement hors d\u2019usage.<\/p>\n","protected":false},"excerpt":{"rendered":"Trois hommes ont \u00e9t\u00e9 interpell\u00e9s dimanche en toute fin de soir\u00e9e apr\u00e8s l\u2019incendie du restaurant \u00ab\u00a0Au Pavillon Paris\u00a0\u00bb,&hellip;\n","protected":false},"author":2,"featured_media":412068,"comment_status":"","ping_status":"","sticky":false,"template":"","format":"standard","meta":{"footnotes":""},"categories":[1888],"tags":[47,11,1777,674,118,658,1011,27,662,23559,12,626,25,1340],"class_list":{"0":"post-412067","1":"post","2":"type-post","3":"status-publish","4":"format-standard","5":"has-post-thumbnail","7":"category-paris","8":"tag-actualite","9":"tag-actualites","10":"tag-eu","11":"tag-europe","12":"tag-faits-divers","13":"tag-faits-divers-paris","14":"tag-fr","15":"tag-france","16":"tag-ile-de-france","17":"tag-incendie-criminel","18":"tag-news","19":"tag-paris","20":"tag-republique-francaise","21":"tag-restaurant"},"share_on_mastodon":{"url":"https:\/\/pubeurope.com\/@fr\/115253957375734511","error":""},"_links":{"self":[{"href":"https:\/\/www.europesays.com\/fr\/wp-json\/wp\/v2\/posts\/412067","targetHints":{"allow":["GET"]}}],"collection":[{"href":"https:\/\/www.europesays.com\/fr\/wp-json\/wp\/v2\/posts"}],"about":[{"href":"https:\/\/www.europesays.com\/fr\/wp-json\/wp\/v2\/types\/post"}],"author":[{"embeddable":true,"href":"https:\/\/www.europesays.com\/fr\/wp-json\/wp\/v2\/users\/2"}],"replies":[{"embeddable":true,"href":"https:\/\/www.europesays.com\/fr\/wp-json\/wp\/v2\/comments?post=412067"}],"version-history":[{"count":0,"href":"https:\/\/www.europesays.com\/fr\/wp-json\/wp\/v2\/posts\/412067\/revisions"}],"wp:featuredmedia":[{"embeddable":true,"href":"https:\/\/www.europesays.com\/fr\/wp-json\/wp\/v2\/media\/412068"}],"wp:attachment":[{"href":"https:\/\/www.europesays.com\/fr\/wp-json\/wp\/v2\/media?parent=412067"}],"wp:term":[{"taxonomy":"category","embeddable":true,"href":"https:\/\/www.europesays.com\/fr\/wp-json\/wp\/v2\/categories?post=412067"},{"taxonomy":"post_tag","embeddable":true,"href":"https:\/\/www.europesays.com\/fr\/wp-json\/wp\/v2\/tags?post=412067"}],"curies":[{"name":"wp","href":"https:\/\/api.w.org\/{rel}","templated":true}]}}