{"id":412080,"date":"2025-09-23T14:02:15","date_gmt":"2025-09-23T14:02:15","guid":{"rendered":"https:\/\/www.europesays.com\/fr\/412080\/"},"modified":"2025-09-23T14:02:15","modified_gmt":"2025-09-23T14:02:15","slug":"lue-peut-elle-surmonter-ses-divergences-sur-les-sanctions-contre-israel","status":"publish","type":"post","link":"https:\/\/www.europesays.com\/fr\/412080\/","title":{"rendered":"L&rsquo;UE peut-elle surmonter ses divergences sur les sanctions contre Isra\u00ebl\u00a0?"},"content":{"rendered":"<p>          <img decoding=\"async\" class=\"c-ad__placeholder__logo\" src=\"https:\/\/static.euronews.com\/website\/images\/logos\/logo-euronews-stacked-outlined-72x72-grey-9.svg\" width=\"72\" height=\"72\" alt=\"\" loading=\"lazy\"\/><br \/>\n          PUBLICIT\u00c9<\/p>\n<p>L&rsquo;annonce faite par Ursula von der Leyen lors de son discours sur l&rsquo;\u00e9tat de l&rsquo;Union ce mois-ci intervient quelques semaines avant le second anniversaire de la guerre de Gaza. Dans une r\u00e9primande inhabituelle \u00e0 l&rsquo;\u00e9gard de l&rsquo;\u00c9tat h\u00e9breu, la pr\u00e9sidente de la Commission europ\u00e9enne a critiqu\u00e9 l&rsquo;ampleur de la campagne militaire isra\u00e9lienne qui, selon elle, a provoqu\u00e9 une \u00ab famine d&rsquo;origine humaine \u00bb dans le territoire palestinien.\u00a0<\/p>\n<p>\u00c0 la suite des attaques du Hamas du 7 octobre 2023, qui ont fait 1 200 morts et 250 otages, Isra\u00ebl a lanc\u00e9 une op\u00e9ration militaire de grande envergure dans la bande de Gaza, qui a d\u00e9j\u00e0 caus\u00e9 plus de 64 000 morts, selon les donn\u00e9es du gouvernement de Gaza dirig\u00e9 par le Hamas.\u00a0<\/p>\n<p>Pour contraindre le gouvernement de Tel-Aviv \u00e0 changer de cap, la Commission europ\u00e9enne a propos\u00e9 un ensemble de mesures, dont la plus importante \u00e9tait la suspension de la composante commerciale de l&rsquo;accord d&rsquo;association UE-Isra\u00ebl.\u202fLe co\u00fbt de cette mesure pour les exportateurs isra\u00e9liens est estim\u00e9 \u00e0 227 millions d&rsquo;euros.\u00a0<\/p>\n<p>Pour \u00eatre mise en \u0153uvre, cette sanction n\u00e9cessite un vote \u00e0 la majorit\u00e9 qualifi\u00e9e des 27 \u00c9tats membres, ce qui sera difficile \u00e0 obtenir.\u00a0<\/p>\n<p>\u00ab Les divisions sont tr\u00e8s, tr\u00e8s marqu\u00e9es en Europe. D&rsquo;un c\u00f4t\u00e9, vous avez tous les pays qui souhaitent appliquer des sanctions, qui pensent que la Palestine a le droit d&rsquo;\u00eatre un \u00c9tat, qui croient en la solution \u00e0 deux \u00c9tats et qui veulent davantage d&rsquo;actions \u00bb, a d\u00e9clar\u00e9 Ma\u00efa de La Baume, qui couvre ce sujet pour Euronews.\u00a0<\/p>\n<p>\u00ab De l&rsquo;autre c\u00f4t\u00e9, vous avez tous les pays qui ont \u00e9galement des liens historiques avec Isra\u00ebl : l&rsquo;Allemagne, l&rsquo;Autriche, la R\u00e9publique tch\u00e8que, qui veulent pr\u00e9server leurs liens sacr\u00e9s avec Isra\u00ebl \u00bb, a-t-elle ajout\u00e9.\u00a0<\/p>\n<p>Le paquet propos\u00e9 comprend \u00e9galement l&rsquo;arr\u00eat des transferts du budget de l&rsquo;UE vers le programme de coop\u00e9ration bilat\u00e9rale, ainsi que des sanctions \u00e0 l&rsquo;encontre des ministres isra\u00e9liens pour incitation \u00e0 la haine et \u00e0 l&rsquo;encontre des colons violents qui causent des destructions en Cisjordanie.\u00a0<\/p>\n<p>Le ministre isra\u00e9lien des Affaires \u00e9trang\u00e8res, Gideon Sa&rsquo;ar, a r\u00e9agi \u00e0 l&rsquo;annonce de la Commission europ\u00e9enne en d\u00e9clarant qu&rsquo;il s&rsquo;agissait d&rsquo;un \u00ab comportement inacceptable entre partenaires \u00bb.\u00a0<\/p>\n<p>Le Parlement adopte \u00e9galement une r\u00e9solution dans un contexte de profondes divisions<\/p>\n<p>Le Parlement europ\u00e9en a adopt\u00e9 une r\u00e9solution (305 votes pour, 151 contre et 122 abstentions) appelant \u00e0 des mesures pour mettre fin \u00e0 la guerre \u00e0 Gaza et trouver une solution au conflit isra\u00e9lo-palestinien.\u00a0<\/p>\n<p>Hildegard Bentele (Allemagne\/PPE), pr\u00e9sidente de la d\u00e9l\u00e9gation pour les relations avec Isra\u00ebl, a d\u00e9clar\u00e9 \u00e0 Euronews que \u00ab ce n&rsquo;\u00e9tait pas le moment \u00bb de proposer des sanctions, en particulier au niveau commercial.\u00a0<\/p>\n<p>\u00ab Nous l&rsquo;avons d\u00e9clar\u00e9 dans notre r\u00e9solution qu&rsquo;il y avait une am\u00e9lioration de la situation humanitaire. Je pr\u00e9f\u00e9rerais une suspension conditionnelle (du commerce) ou une mesure incitative \u00e0 l&rsquo;\u00e9gard d&rsquo;Isra\u00ebl plut\u00f4t qu&rsquo;une sanction \u00bb, a d\u00e9clar\u00e9 Mme Bentele.\u00a0<\/p>\n<p>En revanche, sa coll\u00e8gue Lynn Boylan (Irlande\/La Gauche), pr\u00e9sidente de la d\u00e9l\u00e9gation pour les relations avec la Palestine, a d\u00e9clar\u00e9 : \u00ab Je pense que si nous avions pris des mesures plus t\u00f4t, cela aurait envoy\u00e9 un message tr\u00e8s fort et aurait probablement sauv\u00e9 des milliers de vies. \u00bb\u00a0<\/p>\n<p>L&rsquo;UE a toujours pr\u00e9conis\u00e9 une solution \u00e0 deux \u00c9tats, avec une coexistence pacifique entre Isra\u00ebl et la Palestine. Seuls 10 des 27 pays de l&rsquo;UE ont reconnu la souverainet\u00e9 palestinienne. L&rsquo;Espagne, l&rsquo;Irlande et la Slov\u00e9nie l&rsquo;ont fait apr\u00e8s le d\u00e9but de la guerre \u00e0 Gaza, et la France, la Belgique, Malte et le Luxembourg ont r\u00e9cemment annonc\u00e9 leur intention de faire de m\u00eame.\u00a0<\/p>\n<p>La d\u00e9put\u00e9e europ\u00e9enne Bentele estime qu&rsquo;il s&rsquo;agit d&rsquo;une d\u00e9marche risqu\u00e9e : \u00ab Nous devons nous assurer que ce nouvel \u00c9tat palestinien reconnaisse le droit d&rsquo;existence d&rsquo;Isra\u00ebl, car c&rsquo;est l\u00e0 le principal probl\u00e8me dans la r\u00e9gion, et qu&rsquo;il n&rsquo;abrite pas de terroristes. \u00bb\u00a0<\/p>\n<p>La d\u00e9put\u00e9e europ\u00e9enne Boylan a toutefois salu\u00e9 cette initiative, d\u00e9clarant : \u00ab Je pense que l&rsquo;UE devrait reconna\u00eetre l&rsquo;\u00c9tat palestinien, mais pour moi, la priorit\u00e9 absolue, c&rsquo;est de mettre fin aux tueries, car nous avons besoin d&rsquo;une Palestine de Palestiniens pour avoir un \u00c9tat. \u00bb\u00a0<\/p>\n<p><strong>Regardez la vid\u00e9o ici\u202f!<\/strong>\u00a0<\/p>\n<p><strong>Journaliste\u202f: Isabel Marques da Silva<\/strong>\u00a0<\/p>\n<p><strong>Production de contenu\u202f: Pilar\u202fMontero\u202fL\u00f3pez<\/strong>\u00a0<\/p>\n<p><strong>Production vid\u00e9o\u202f: Zacharia\u202fVigneron<\/strong>\u00a0<\/p>\n<p><strong>Graphisme\u202f: Loredana\u202fDumitru<\/strong>\u00a0<\/p>\n<p><strong>Coordination \u00e9ditoriale\u202f: Ana\u202fL\u00e1zaro\u202fBosch et Jeremy\u202fFleming-Jones<\/strong><\/p>\n","protected":false},"excerpt":{"rendered":"PUBLICIT\u00c9 L&rsquo;annonce faite par Ursula von der Leyen lors de son discours sur l&rsquo;\u00e9tat de l&rsquo;Union ce mois-ci&hellip;\n","protected":false},"author":2,"featured_media":412081,"comment_status":"","ping_status":"","sticky":false,"template":"","format":"standard","meta":{"footnotes":""},"categories":[1586],"tags":[11,2196,1777,674,1779,1011,27,664,12,17749,25,7185,1778,364,2544],"class_list":{"0":"post-412080","1":"post","2":"type-post","3":"status-publish","4":"format-standard","5":"has-post-thumbnail","7":"category-europe","8":"tag-actualites","9":"tag-commission-europeenne","10":"tag-eu","11":"tag-europe","12":"tag-european-union","13":"tag-fr","14":"tag-france","15":"tag-israel","16":"tag-news","17":"tag-politique-europeenne","18":"tag-republique-francaise","19":"tag-sanctions","20":"tag-ue","21":"tag-union-europeenne","22":"tag-ursula-von-der-leyen"},"share_on_mastodon":{"url":"https:\/\/pubeurope.com\/@fr\/115253985014718768","error":""},"_links":{"self":[{"href":"https:\/\/www.europesays.com\/fr\/wp-json\/wp\/v2\/posts\/412080","targetHints":{"allow":["GET"]}}],"collection":[{"href":"https:\/\/www.europesays.com\/fr\/wp-json\/wp\/v2\/posts"}],"about":[{"href":"https:\/\/www.europesays.com\/fr\/wp-json\/wp\/v2\/types\/post"}],"author":[{"embeddable":true,"href":"https:\/\/www.europesays.com\/fr\/wp-json\/wp\/v2\/users\/2"}],"replies":[{"embeddable":true,"href":"https:\/\/www.europesays.com\/fr\/wp-json\/wp\/v2\/comments?post=412080"}],"version-history":[{"count":0,"href":"https:\/\/www.europesays.com\/fr\/wp-json\/wp\/v2\/posts\/412080\/revisions"}],"wp:featuredmedia":[{"embeddable":true,"href":"https:\/\/www.europesays.com\/fr\/wp-json\/wp\/v2\/media\/412081"}],"wp:attachment":[{"href":"https:\/\/www.europesays.com\/fr\/wp-json\/wp\/v2\/media?parent=412080"}],"wp:term":[{"taxonomy":"category","embeddable":true,"href":"https:\/\/www.europesays.com\/fr\/wp-json\/wp\/v2\/categories?post=412080"},{"taxonomy":"post_tag","embeddable":true,"href":"https:\/\/www.europesays.com\/fr\/wp-json\/wp\/v2\/tags?post=412080"}],"curies":[{"name":"wp","href":"https:\/\/api.w.org\/{rel}","templated":true}]}}