{"id":412107,"date":"2025-09-23T14:19:17","date_gmt":"2025-09-23T14:19:17","guid":{"rendered":"https:\/\/www.europesays.com\/fr\/412107\/"},"modified":"2025-09-23T14:19:17","modified_gmt":"2025-09-23T14:19:17","slug":"m6-arrete-son-feuilleton-quotidien-faute-daudience","status":"publish","type":"post","link":"https:\/\/www.europesays.com\/fr\/412107\/","title":{"rendered":"M6 arr\u00eate son feuilleton quotidien, faute d\u2019audience"},"content":{"rendered":"<p>Fin de parcours pour <a href=\"https:\/\/www.20minutes.fr\/arts-stars\/television\/nouveau-jour\/\" class=\"c-link c-link--is-underlined\" target=\"_blank\" rel=\"noopener\">Nouveau jour<\/a> sur M6. Comme l\u2019ont annonc\u00e9 plusieurs m\u00e9dias lundi, la cha\u00eene a d\u00e9cid\u00e9 de mettre un terme \u00e0 sa s\u00e9rie au bout de trois mois de diffusion seulement, faute d\u2019audience. \u00ab\u00a0Malgr\u00e9 des critiques tr\u00e8s positives depuis son lancement et des audiences cons\u00e9quentes sur M6 +, Nouveau jour n\u2019a pas trouv\u00e9 son public en lin\u00e9aire\u00a0\u00bb, confirme la cha\u00eene \u00e0 20 Minutes.<\/p>\n<p>Pour expliquer cet \u00e9chec, <a href=\"https:\/\/www.20minutes.fr\/dossier\/m6\" class=\"c-link c-link--is-underlined\" target=\"_blank\" rel=\"noopener\">M6<\/a> \u00e9voque le nombre trop important de feuilletons diffus\u00e9s actuellement. Lanc\u00e9 en juin dernier, juste apr\u00e8s <a href=\"https:\/\/www.20minutes.fr\/arts-stars\/serie\/tout-pour-la-lumiere\/\" class=\"c-link c-link--is-underlined\" target=\"_blank\" rel=\"noopener\">Tout pour la lumi\u00e8re<\/a> sur <a href=\"https:\/\/www.20minutes.fr\/dossier\/netflix\" class=\"c-link c-link--is-underlined\" target=\"_blank\" rel=\"noopener\">Netflix<\/a> et <a href=\"https:\/\/www.20minutes.fr\/dossier\/tf1\" class=\"c-link c-link--is-underlined\" target=\"_blank\" rel=\"noopener\">TF1<\/a>, Nouveau jour \u00e9tait devenue la 5e fiction quotidienne de la t\u00e9l\u00e9 apr\u00e8s <a href=\"https:\/\/www.20minutes.fr\/television\/plus-belle-la-vie\/\" class=\"c-link c-link--is-underlined\" target=\"_blank\" rel=\"noopener\">Plus belle la vie<\/a>, <a href=\"https:\/\/www.20minutes.fr\/arts-stars\/serie\/tout-commence\/\" class=\"c-link c-link--is-underlined\" target=\"_blank\" rel=\"noopener\">Ici tout commence<\/a> ou encore <a href=\"https:\/\/www.20minutes.fr\/arts-stars\/serie\/si-grand-soleil\/\" class=\"c-link c-link--is-underlined\" target=\"_blank\" rel=\"noopener\">Un si grand soleil<\/a>.<\/p>\n<p>\u00ab\u00a0Le constat que nous faisons est qu\u2019il n\u2019y a pas la place pour plus de 4 s\u00e9ries quotidiennes feuilletonantes en lin\u00e9aire. Le tournage s\u2019arr\u00eatera donc \u00e0 l\u2019issue de cette premi\u00e8re saison\u00a0\u00bb, pr\u00e9cise M6. A la place, les t\u00e9l\u00e9spectateurs de la cha\u00eene retrouveront Sc\u00e8nes de m\u00e9nages puis \u00ab\u00a0Un jour, un doc\u00a0\u00bb.<\/p>\n<\/p>\n<p>Les derniers \u00e9pisodes diffus\u00e9s sur M6 +<\/p>\n<p>Nouveau jour dispara\u00eet sans plus attendre des grilles de la cha\u00eene. A partir de ce mardi, les \u00e9pisodes in\u00e9dits restants seront diffus\u00e9s exclusivement sur la plateforme M6 +. Toutefois, le tournage se poursuit encore quelques semaines. \u00ab\u00a0Les \u00e9quipes de production continuent \u00e0 tourner et \u00e0 monter les \u00e9pisodes en parall\u00e8le pour proposer une fin \u00ab\u00a0boucl\u00e9e\u00a0\u00bb aux t\u00e9l\u00e9spectateurs de la s\u00e9rie\u00a0\u00bb, explique la cha\u00eene.<\/p>\n<p>C\u2019en est donc fini des aventures du clan Bartoli, une famille dysfonctionnelle \u00e0 la t\u00eate d\u2019un domaine h\u00f4telier haut de gamme dans la r\u00e9gion de <a href=\"https:\/\/www.20minutes.fr\/montpellier\/\" class=\"c-link c-link--is-underlined\" target=\"_blank\" rel=\"noopener\">Montpellier<\/a>. Les fans devront faire leurs adieux aux multiples personnages de la fiction incarn\u00e9s par <a href=\"https:\/\/www.20minutes.fr\/arts-stars\/people\/helena-noguerra\/\" class=\"c-link c-link--is-underlined\" target=\"_blank\" rel=\"noopener\">Helena Noguerra<\/a>, <a href=\"https:\/\/www.20minutes.fr\/dossier\/laetitia-milot\" class=\"c-link c-link--is-underlined\" target=\"_blank\" rel=\"noopener\">La\u00ebtitia Milot<\/a> ou encore Bruno Solo.<\/p>\n<p>Apr\u00e8s un lancement en grande pompe, Nouveau jour n\u2019a jamais r\u00e9ussi \u00e0 attirer les foules. D\u2019abord programm\u00e9e du lundi au vendredi \u00e0 20h40, la s\u00e9rie <a href=\"https:\/\/www.20minutes.fr\/arts-stars\/television\/4166779-20250805-m6-deprogramme-nouveau-jour-soiree-rentree-scenes-menages-retour\" class=\"c-link c-link--is-underlined\" target=\"_blank\" rel=\"noopener\">a \u00e9t\u00e9 d\u00e9plac\u00e9e dans un second au tout d\u00e9but d\u2019apr\u00e8s-midi<\/a>, \u00e0 13h30. Malgr\u00e9 cela, les audiences n\u2019ont cess\u00e9 de d\u00e9gringoler au fil des semaines. Si les 40 premiers \u00e9pisodes ont attir\u00e9 en moyenne 864.000 t\u00e9l\u00e9spectateurs (5.4\u00a0% de part d\u2019audiences), les derniers ne rassemblaient plus que 397.000 personnes quotidiennement (4.5\u00a0% de PDA), rapporte <a href=\"https:\/\/www.ozap.com\/actu\/nouveau-jour-cest-fini-face-aux-audiences-catastrophiques-m6-met-fin-a-la-diffusion-de-son-feuilleton-quotidien-des-demain\/651730\" target=\"_blank\" class=\"c-link c-link--is-underlined\" rel=\"noopener\">Purem\u00e9dias<\/a>.<\/p>\n<p>Un pari perdu pour la cha\u00eene\u00a0?<\/p>\n<p>M6 avait pourtant mis\u00e9 gros sur ce nouveau feuilleton. Outre un casting 4 \u00e9toiles, la cha\u00eene avait mis le paquet sur les d\u00e9cors avec la reproduction en ext\u00e9rieur de rues de Montpellier ou encore la location d\u2019un sublime domaine, enti\u00e8rement r\u00e9nov\u00e9 pour la s\u00e9rie.<\/p>\n<p>Un feuilleton n\u00e9cessitant \u00ab\u00a0un budget important\u00a0\u00bb, <a href=\"https:\/\/www.20minutes.fr\/arts-stars\/television\/4154642-20250525-nouveau-jour-visite-decors-nouvelle-serie-quotidienne-m6-mis-paquet\" class=\"c-link c-link--is-underlined\" target=\"_blank\" rel=\"noopener\">expliquait au printemps dernier la productrice Aude Th\u00e9venin<\/a>, pr\u00e9cisant que la s\u00e9rie doublait l\u2019investissement annuel accord\u00e9 aux projets de fiction chez M6.<\/p>\n<p>Autant d\u2019efforts qui n\u2019ont pourtant pas port\u00e9 leur fruit pour imposer Nouveau jour dans ce genre t\u00e9l\u00e9visuel devenu tr\u00e8s concurrentiel. \u00ab\u00a0Nous tenons \u00e0 remercier tr\u00e8s sinc\u00e8rement tous les com\u00e9diens, les auteurs, les r\u00e9alisateurs, les techniciens et toutes les \u00e9quipes de production qui ont travaill\u00e9 avec passion et enthousiasme sur ce projet, salu\u00e9 par le public, mais qui n\u2019a malheureusement pas rencontr\u00e9 le public\u00a0\u00bb, souligne M6. Une d\u00e9ception probablement \u00e0 la hauteur de l\u2019investissement de la cha\u00eene.<\/p>\n","protected":false},"excerpt":{"rendered":"Fin de parcours pour Nouveau jour sur M6. Comme l\u2019ont annonc\u00e9 plusieurs m\u00e9dias lundi, la cha\u00eene a d\u00e9cid\u00e9&hellip;\n","protected":false},"author":2,"featured_media":412108,"comment_status":"","ping_status":"","sticky":false,"template":"","format":"standard","meta":{"footnotes":""},"categories":[1356],"tags":[2369,58,59,1011,27,9293,10839,494,40430,521,252,1364],"class_list":{"0":"post-412107","1":"post","2":"type-post","3":"status-publish","4":"format-standard","5":"has-post-thumbnail","7":"category-television","8":"tag-audience-tv","9":"tag-divertissement","10":"tag-entertainment","11":"tag-fr","12":"tag-france","13":"tag-helena-noguerra","14":"tag-laetitia-milot","15":"tag-m6","16":"tag-nouveau-jour","17":"tag-serie","18":"tag-television","19":"tag-tv"},"share_on_mastodon":{"url":"https:\/\/pubeurope.com\/@fr\/115254051986708100","error":""},"_links":{"self":[{"href":"https:\/\/www.europesays.com\/fr\/wp-json\/wp\/v2\/posts\/412107","targetHints":{"allow":["GET"]}}],"collection":[{"href":"https:\/\/www.europesays.com\/fr\/wp-json\/wp\/v2\/posts"}],"about":[{"href":"https:\/\/www.europesays.com\/fr\/wp-json\/wp\/v2\/types\/post"}],"author":[{"embeddable":true,"href":"https:\/\/www.europesays.com\/fr\/wp-json\/wp\/v2\/users\/2"}],"replies":[{"embeddable":true,"href":"https:\/\/www.europesays.com\/fr\/wp-json\/wp\/v2\/comments?post=412107"}],"version-history":[{"count":0,"href":"https:\/\/www.europesays.com\/fr\/wp-json\/wp\/v2\/posts\/412107\/revisions"}],"wp:featuredmedia":[{"embeddable":true,"href":"https:\/\/www.europesays.com\/fr\/wp-json\/wp\/v2\/media\/412108"}],"wp:attachment":[{"href":"https:\/\/www.europesays.com\/fr\/wp-json\/wp\/v2\/media?parent=412107"}],"wp:term":[{"taxonomy":"category","embeddable":true,"href":"https:\/\/www.europesays.com\/fr\/wp-json\/wp\/v2\/categories?post=412107"},{"taxonomy":"post_tag","embeddable":true,"href":"https:\/\/www.europesays.com\/fr\/wp-json\/wp\/v2\/tags?post=412107"}],"curies":[{"name":"wp","href":"https:\/\/api.w.org\/{rel}","templated":true}]}}