{"id":412118,"date":"2025-09-23T14:25:14","date_gmt":"2025-09-23T14:25:14","guid":{"rendered":"https:\/\/www.europesays.com\/fr\/412118\/"},"modified":"2025-09-23T14:25:14","modified_gmt":"2025-09-23T14:25:14","slug":"le-compagnon-ideal-pour-repousser-ses-limites","status":"publish","type":"post","link":"https:\/\/www.europesays.com\/fr\/412118\/","title":{"rendered":"le compagnon id\u00e9al pour repousser ses limites"},"content":{"rendered":"<p>Le gravel bike est en plein essor. \u00c0 mi-chemin entre v\u00e9lo de route, VTT et cyclo-cross, il s\u00e9duit par sa polyvalence et son esprit d\u2019aventure. L\u2019assistance \u00e9lectrique vient renforcer ses atouts, permettant de parcourir plus de kilom\u00e8tres et d\u2019affronter des terrains exigeants. D\u00e9cryptage d\u2019un ph\u00e9nom\u00e8ne qui red\u00e9finit la pratique du v\u00e9lo, avec un exemple concret sign\u00e9 Decathlon.<\/p>\n<p><strong>Le gravel, une discipline n\u00e9e de la polyvalence<\/strong><\/p>\n<p>Le <a href=\"https:\/\/www.decathlon.fr\/tous-les-sports\/velo-cyclisme\/velo-gravel-electrique\" target=\"_blank\" rel=\"noreferrer noopener nofollow\">gravel \u00e9lectrique<\/a> est apparu aux \u00c9tats-Unis, sur les longues pistes de gravier (\u00ab gravel roads \u00bb) qui relient les campagnes. Les cyclistes voulaient un v\u00e9lo capable de rouler vite sur route mais aussi de supporter des sections plus accident\u00e9es sans avoir besoin d\u2019un VTT. C\u2019est de ce besoin de polyvalence qu\u2019est n\u00e9 le gravel.<\/p>\n<p>Concr\u00e8tement, il reprend le meilleur de plusieurs mondes. Le cadre et le cintre proviennent du v\u00e9lo de route, garantissant efficacit\u00e9 et a\u00e9rodynamisme. Les pneus plus larges et crant\u00e9s rappellent le cyclo-cross, assurant grip et confort sur les chemins. L\u2019esprit voyage et les fixations multiples viennent du v\u00e9lo de trekking, avec la possibilit\u00e9 d\u2019installer sacoches, garde-boue et porte-bagages. Enfin, les freins \u00e0 disque, inspir\u00e9s du VTT, garantissent un freinage puissant et constant, m\u00eame sous la pluie ou dans la boue.<\/p>\n<p><img fetchpriority=\"high\" decoding=\"async\" width=\"750\" height=\"499\" src=\"https:\/\/www.europesays.com\/fr\/wp-content\/uploads\/2025\/09\/medium_Decathlon_Van_Rysel_E_GRVL_AF_HD_Mahle_X35_Ride2_a2ade0ce83.webp.webp\" alt=\"Decathlon Gravel\" class=\"wp-image-505215\"  \/><\/p>\n<p><strong>Un v\u00e9lo con\u00e7u pour aller partout<\/strong><\/p>\n<p>L\u2019un des principaux atouts du gravel est sa capacit\u00e9 \u00e0 s\u2019adapter. Il est aussi \u00e0 l\u2019aise sur l\u2019asphalte que sur les sentiers de for\u00eat ou les pistes caillouteuses. Ses pneus polyvalents assurent un rendement efficace sur la route tout en offrant une accroche suffisante hors bitume. Cette double comp\u00e9tence ouvre la voie \u00e0 de nouveaux itin\u00e9raires : un cycliste peut partir de chez lui, rouler en ville, puis bifurquer vers un chemin de campagne, sans jamais se sentir limit\u00e9 par sa monture.<\/p>\n<p>Le cintre, plus \u00e9vas\u00e9 qu\u2019un guidon de route classique, am\u00e9liore la stabilit\u00e9 et facilite le contr\u00f4le sur terrain accident\u00e9. Les g\u00e9om\u00e9tries de cadre, plus confortables que celles d\u2019un v\u00e9lo de route, permettent de rouler des heures sans souffrir du dos ou des \u00e9paules. Pour beaucoup, le gravel est synonyme de libert\u00e9 totale, sans contrainte de surface.<\/p>\n<p><strong>Un esprit d\u2019aventure et de voyage<\/strong><\/p>\n<p>Au-del\u00e0 de la simple pratique sportive, le gravel incarne un \u00e9tat d\u2019esprit. Contrairement au v\u00e9lo de route, souvent associ\u00e9 \u00e0 la performance pure, ou au VTT centr\u00e9 sur le franchissement technique, le gravel privil\u00e9gie l\u2019endurance et l\u2019exploration. Les cyclistes appr\u00e9cient de pouvoir s\u2019aventurer hors des axes principaux, de d\u00e9couvrir de nouveaux paysages et de s\u2019offrir une exp\u00e9rience immersive.<\/p>\n<p>De nombreux adeptes utilisent le gravel pour le bikepacking, une forme de voyage l\u00e9ger \u00e0 v\u00e9lo. Gr\u00e2ce aux multiples fixations pr\u00e9vues sur le cadre et la fourche, il est facile d\u2019emporter tente, sacoches et mat\u00e9riel. Ce c\u00f4t\u00e9 baroudeur contribue largement \u00e0 son succ\u00e8s, notamment aupr\u00e8s de ceux qui recherchent une pratique sportive mais aussi une \u00e9chapp\u00e9e loin du quotidien.<\/p>\n<p><img loading=\"lazy\" decoding=\"async\" width=\"750\" height=\"499\" src=\"https:\/\/www.europesays.com\/fr\/wp-content\/uploads\/2025\/09\/medium_Decathlon_Van_Rysel_E_GRVL_AF_HD_Mahle_X35_Ride3_2156b87618.webp.webp\" alt=\"Decathlon Gravel\" class=\"wp-image-505216\"  \/><\/p>\n<p><strong>Pourquoi passer au gravel \u00e9lectrique ?<\/strong><\/p>\n<p>Si le gravel classique conna\u00eet d\u00e9j\u00e0 un fort engouement, le gravel \u00e9lectrique ouvre encore plus de possibilit\u00e9s. L\u2019assistance vient gommer les difficult\u00e9s du relief et repousser les limites de l\u2019endurance. Elle ne transforme pas le v\u00e9lo en scooter : il faut toujours p\u00e9daler, mais avec une aide proportionnelle \u00e0 l\u2019effort fourni.<\/p>\n<p>Cette assistance se r\u00e9v\u00e8le particuli\u00e8rement pr\u00e9cieuse en mont\u00e9e ou lors de longues sorties. Elle permet \u00e0 des cyclistes de niveaux diff\u00e9rents de rouler ensemble, chacun adaptant le niveau d\u2019assistance \u00e0 ses besoins. Le gravel \u00e9lectrique ne supprime pas l\u2019effort : il rend simplement la pratique plus accessible et plus gratifiante, en r\u00e9duisant la fatigue et en augmentant la distance parcourue.<\/p>\n<p>Avec une autonomie qui peut d\u00e9passer les 100 kilom\u00e8tres, voire plus avec des batteries additionnelles, il est possible d\u2019envisager de v\u00e9ritables exp\u00e9ditions \u00e0 la journ\u00e9e. Pour beaucoup, c\u2019est l\u2019occasion de partir plus loin, plus longtemps, sans craindre de \u00ab craquer \u00bb en cours de route.<\/p>\n<p><strong>Un v\u00e9lo qui s\u00e9duit toutes les g\u00e9n\u00e9rations<\/strong><\/p>\n<p>L\u2019autre force du gravel \u00e9lectrique est sa capacit\u00e9 \u00e0 s\u00e9duire un public vari\u00e9. Les cyclistes exp\u00e9riment\u00e9s y voient une nouvelle mani\u00e8re de varier leurs parcours, en m\u00ealant route et chemins. Les d\u00e9butants ou ceux qui reprennent le v\u00e9lo apr\u00e8s une longue pause trouvent un mod\u00e8le qui les met en confiance, capable d\u2019absorber les terrains sans difficult\u00e9.<\/p>\n<p>Le gravel \u00e9lectrique attire aussi les amateurs de voyages et de d\u00e9couvertes. Avec lui, il devient possible d\u2019explorer des itin\u00e9raires moins fr\u00e9quent\u00e9s, de sortir des grands axes, et de se rapprocher de la nature. Son c\u00f4t\u00e9 hybride en fait une alternative id\u00e9ale pour ceux qui h\u00e9sitent entre un v\u00e9lo de route et un VTT.<\/p>\n<p><strong>Exemple concret : le Van Rysel E-GRVL AF HD de Decathlon<\/strong><\/p>\n<p><img loading=\"lazy\" decoding=\"async\" width=\"1024\" height=\"650\" src=\"https:\/\/www.europesays.com\/fr\/wp-content\/uploads\/2025\/09\/decathlon-van-ryzel-e-grvl-af-hd-12-02-1024x650.jpg\" alt=\"\" class=\"wp-image-505218\"  \/><\/p>\n<p>Parmi les nombreux mod\u00e8les du march\u00e9, Decathlon propose le <a href=\"https:\/\/www.decathlon.fr\/p\/velo-gravel-electrique-e-grvl-af-hd-mahle-x35-sram-apex-1x12-bleu\/_\/R-p-365612?mc=8942989\" target=\"_blank\" rel=\"noreferrer noopener nofollow\"><strong>Van Rysel E-GRVL AF HD<\/strong><\/a>, r\u00e9cemment mis \u00e0 jour. Ce gravel \u00e9lectrique conserve son moteur Mahle X35, discret et efficace, d\u00e9veloppant 40 Nm de couple pour une autonomie d\u2019environ 100 kilom\u00e8tres. Sa nouveaut\u00e9 r\u00e9side dans une transmission SRAM Apex 12 vitesses, plus polyvalente, qui facilite les mont\u00e9es tout en pr\u00e9servant un bon rendement sur terrain roulant. Affich\u00e9 \u00e0 2899 \u20ac, il illustre bien l\u2019ADN du gravel \u00e9lectrique : un v\u00e9lo robuste, polyvalent et accessible, pens\u00e9 pour \u00e9largir l\u2019horizon des cyclistes.<\/p>\n<p>Le gravel \u00e9lectrique s\u2019impose comme une v\u00e9ritable r\u00e9volution dans l\u2019univers du v\u00e9lo. H\u00e9ritier de plusieurs disciplines, il combine polyvalence, confort et esprit d\u2019aventure. Gr\u00e2ce \u00e0 l\u2019assistance, il permet de repousser ses limites, d\u2019oser des sorties plus longues et d\u2019affronter des terrains plus exigeants. Qu\u2019il s\u2019agisse d\u2019une pratique sportive, d\u2019un loisir ou d\u2019un voyage itin\u00e9rant, le gravel \u00e9lectrique incarne la libert\u00e9 sur deux roues.<\/p>\n<p>Partager sur les r\u00e9seaux<\/p>\n","protected":false},"excerpt":{"rendered":"Le gravel bike est en plein essor. \u00c0 mi-chemin entre v\u00e9lo de route, VTT et cyclo-cross, il s\u00e9duit&hellip;\n","protected":false},"author":2,"featured_media":412119,"comment_status":"","ping_status":"","sticky":false,"template":"","format":"standard","meta":{"footnotes":""},"categories":[7],"tags":[1011,27,43,40,41,39,42,44],"class_list":{"0":"post-412118","1":"post","2":"type-post","3":"status-publish","4":"format-standard","5":"has-post-thumbnail","7":"category-sciences-et-technologies","8":"tag-fr","9":"tag-france","10":"tag-science","11":"tag-science-and-technology","12":"tag-sciences","13":"tag-sciences-et-technologies","14":"tag-technologies","15":"tag-technology"},"share_on_mastodon":{"url":"https:\/\/pubeurope.com\/@fr\/115254075471188466","error":""},"_links":{"self":[{"href":"https:\/\/www.europesays.com\/fr\/wp-json\/wp\/v2\/posts\/412118","targetHints":{"allow":["GET"]}}],"collection":[{"href":"https:\/\/www.europesays.com\/fr\/wp-json\/wp\/v2\/posts"}],"about":[{"href":"https:\/\/www.europesays.com\/fr\/wp-json\/wp\/v2\/types\/post"}],"author":[{"embeddable":true,"href":"https:\/\/www.europesays.com\/fr\/wp-json\/wp\/v2\/users\/2"}],"replies":[{"embeddable":true,"href":"https:\/\/www.europesays.com\/fr\/wp-json\/wp\/v2\/comments?post=412118"}],"version-history":[{"count":0,"href":"https:\/\/www.europesays.com\/fr\/wp-json\/wp\/v2\/posts\/412118\/revisions"}],"wp:featuredmedia":[{"embeddable":true,"href":"https:\/\/www.europesays.com\/fr\/wp-json\/wp\/v2\/media\/412119"}],"wp:attachment":[{"href":"https:\/\/www.europesays.com\/fr\/wp-json\/wp\/v2\/media?parent=412118"}],"wp:term":[{"taxonomy":"category","embeddable":true,"href":"https:\/\/www.europesays.com\/fr\/wp-json\/wp\/v2\/categories?post=412118"},{"taxonomy":"post_tag","embeddable":true,"href":"https:\/\/www.europesays.com\/fr\/wp-json\/wp\/v2\/tags?post=412118"}],"curies":[{"name":"wp","href":"https:\/\/api.w.org\/{rel}","templated":true}]}}