{"id":412128,"date":"2025-09-23T14:31:11","date_gmt":"2025-09-23T14:31:11","guid":{"rendered":"https:\/\/www.europesays.com\/fr\/412128\/"},"modified":"2025-09-23T14:31:11","modified_gmt":"2025-09-23T14:31:11","slug":"regis-juanico-designe-chef-de-file-de-saint-etienne-demain","status":"publish","type":"post","link":"https:\/\/www.europesays.com\/fr\/412128\/","title":{"rendered":"R\u00e9gis Juanico d\u00e9sign\u00e9 chef de file de Saint-Etienne Demain"},"content":{"rendered":"\n<p>Ce samedi 20 septembre, les adh\u00e9rents de Saint-Etienne Demain ont d\u00e9sign\u00e9 R\u00e9gis Juanico comme chef de file pour les municipales de 2026. Parmi ses priorit\u00e9s, le socialiste dit notamment vouloir plancher sur le pouvoir d\u2019achat des St\u00e9phanois : \u00ab\u00a0Dans la continuit\u00e9 du projet port\u00e9 par Saint-\u00c9tienne Demain lors des pr\u00e9c\u00e9dentes \u00e9lections municipales, j\u2019aurai \u00e0 c\u0153ur de porter un programme pour une ville apais\u00e9e, \u00e0 nouveau respect\u00e9e et davantage anim\u00e9e. Le pouvoir d\u2019achat des St\u00e9phanois et St\u00e9phanoises constituera l\u2019une des grandes priorit\u00e9s\u00a0\u00bb \u00e9crit-il, entre autres, sur le r\u00e9seau social Facebook.\u00a0<\/p>\n<p>Les \u00e9lections municipales auront lieu les 15 et 22 mars prochains.<\/p>\n","protected":false},"excerpt":{"rendered":"Ce samedi 20 septembre, les adh\u00e9rents de Saint-Etienne Demain ont d\u00e9sign\u00e9 R\u00e9gis Juanico comme chef de file pour&hellip;\n","protected":false},"author":2,"featured_media":200219,"comment_status":"","ping_status":"","sticky":false,"template":"","format":"standard","meta":{"footnotes":""},"categories":[9653],"tags":[1111,11,2430,3226,1777,674,1011,27,3554,12,316,25,4001],"class_list":{"0":"post-412128","1":"post","2":"type-post","3":"status-publish","4":"format-standard","5":"has-post-thumbnail","7":"category-saint-etienne","8":"tag-actu","9":"tag-actualites","10":"tag-auvergne-rhone-alpes","11":"tag-campagne","12":"tag-eu","13":"tag-europe","14":"tag-fr","15":"tag-france","16":"tag-municipales","17":"tag-news","18":"tag-politique","19":"tag-republique-francaise","20":"tag-saint-etienne"},"share_on_mastodon":{"url":"https:\/\/pubeurope.com\/@fr\/115254099042055614","error":""},"_links":{"self":[{"href":"https:\/\/www.europesays.com\/fr\/wp-json\/wp\/v2\/posts\/412128","targetHints":{"allow":["GET"]}}],"collection":[{"href":"https:\/\/www.europesays.com\/fr\/wp-json\/wp\/v2\/posts"}],"about":[{"href":"https:\/\/www.europesays.com\/fr\/wp-json\/wp\/v2\/types\/post"}],"author":[{"embeddable":true,"href":"https:\/\/www.europesays.com\/fr\/wp-json\/wp\/v2\/users\/2"}],"replies":[{"embeddable":true,"href":"https:\/\/www.europesays.com\/fr\/wp-json\/wp\/v2\/comments?post=412128"}],"version-history":[{"count":0,"href":"https:\/\/www.europesays.com\/fr\/wp-json\/wp\/v2\/posts\/412128\/revisions"}],"wp:featuredmedia":[{"embeddable":true,"href":"https:\/\/www.europesays.com\/fr\/wp-json\/wp\/v2\/media\/200219"}],"wp:attachment":[{"href":"https:\/\/www.europesays.com\/fr\/wp-json\/wp\/v2\/media?parent=412128"}],"wp:term":[{"taxonomy":"category","embeddable":true,"href":"https:\/\/www.europesays.com\/fr\/wp-json\/wp\/v2\/categories?post=412128"},{"taxonomy":"post_tag","embeddable":true,"href":"https:\/\/www.europesays.com\/fr\/wp-json\/wp\/v2\/tags?post=412128"}],"curies":[{"name":"wp","href":"https:\/\/api.w.org\/{rel}","templated":true}]}}