{"id":41213,"date":"2025-04-21T09:59:13","date_gmt":"2025-04-21T09:59:13","guid":{"rendered":"https:\/\/www.europesays.com\/fr\/41213\/"},"modified":"2025-04-21T09:59:13","modified_gmt":"2025-04-21T09:59:13","slug":"toute-lactualite-de-ce-lundi-21-avril-2025-a-lyon","status":"publish","type":"post","link":"https:\/\/www.europesays.com\/fr\/41213\/","title":{"rendered":"Toute l&rsquo;actualit\u00e9 de ce lundi 21 avril 2025 \u00e0 Lyon"},"content":{"rendered":"<p>A la une de l\u2019info \u00e0 Lyon :  Les attaques contre les prisons de la r\u00e9gion, fin de gr\u00e8ve \u00e0 l\u2019Institut d\u2019h\u00e9matologie et d\u2019oncologie p\u00e9diatrique (IHOPe), le stationnement payant, l\u2019apaisement du quartier des Clochettes \u00e0 Saint-Fons, l\u2019installation de l\u2019entreprise Tecofi sur la zone industrielle Sud-Est, le service Rhonexpress \u00e0 l\u2019arr\u00eat, le Festival Chasseurs d\u2019Orages\u2026.<\/p>\n<p>ECOUTEZ LE 1\/4H LYONNAIS\u2026 Toute l\u2019actualit\u00e9 de ce lundi 21 avril 2025<\/p>\n<p>LE 1\/4H LYONNAIS | lundi 21 avril 2025<\/p>\n<p>Les <strong>attaques contre les prisons<\/strong> se multpilient en France. Lyon n\u2019est pas \u00e9pargn\u00e9\u2026Les inscriptions <strong>DDPF<\/strong>, pour <strong>D\u00e9fense des Prisonniers fran\u00e7ais<\/strong>, ont \u00e9t\u00e9 tagu\u00e9es. Et une voiture incendi\u00e9e pr\u00e8s d\u2019une <strong>prison<\/strong>.<\/p>\n<p>Apr\u00e8s 9 jours de gr\u00e8ve, les personnels de l<strong>\u2019Institut d\u2019h\u00e9matologie et d\u2019oncologie p\u00e9diatrique (IHOPe)<\/strong> ont arr\u00eat\u00e9 leur mouvement\u00a0<\/p>\n<p>De nouveaux secteurs de <strong>stationnement payant<\/strong> dans trois arrondissements lyonnais \u00e0 partir du 13 mai.\u00a0<\/p>\n<p>Le <strong>projet de transformation<\/strong> du <strong>quartier des Clochettes<\/strong> et de la <strong>place des Palabres<\/strong> \u00e0 <strong>Saint-Fons<\/strong>, pr\u00e9voit la suppression d\u2019une centaine de<strong> places de stationnement<\/strong><\/p>\n<p>La <strong>M\u00e9tropole de Lyon<\/strong> et la <strong>ville de Corbas<\/strong> ont choisi l\u2019entreprise <strong>Tecofi<\/strong> pour la <strong>zone industrielle Sud-Est<\/strong>. L\u2019entreprise va pouvoir relocaliser une <strong>production 100 % fran\u00e7aise<\/strong>.<\/p>\n<p>Attention le service <strong><a href=\"https:\/\/www.rhonexpress.fr\/fr_FR\/\" target=\"_blank\" rel=\"noreferrer noopener nofollow\">Rhonexpress<\/a><\/strong> est \u00e0 l\u2019arr\u00eat jusqu\u2019au 7 mai. Des bus relais sont mis en place toutes les 30 minutes. Le m\u00e9tro A est aussi renforc\u00e9. Pour rejoindre l\u2019<strong>a\u00e9roport<\/strong>, il faut compter 65 minutes contre 30 habituellemnet<\/p>\n<p>Egalement dans l\u2019actualit\u00e9 de ce lundi 21 avril<\/p>\n<p>Passionn\u00e9s de m\u00e9t\u00e9o et amateurs de sensations fortes ! La <strong>ville de Bron<\/strong> s\u2019appr\u00eate \u00e0 accueillir un \u00e9v\u00e9nement unique en son genre. La premi\u00e8re \u00e9dition du <strong>festival Chasseurs d\u2019Orages<\/strong>, qui se tiendra le week-end prochain\u00a0\u00e0 l\u2019<strong>Espace Albert Camus.<\/strong><\/p>\n<p>Notre invit\u00e9 : <strong>Mathieu Brochier<\/strong>, organisateur de ce <strong>festival Chasseurs d\u2019Orages<\/strong><\/p>\n<p>Ligue 1 : les Verts s\u2019offrent le derby<\/p>\n<p>Top 14 : le LOU gagne contre Montpellier<\/p>\n<p>Ecoutez aussi : <a href=\"https:\/\/www.lyondemain.fr\/orage-alexis-maillard\/\" target=\"_blank\" rel=\"noreferrer noopener nofollow\">Alexis Maillard, chasseur d\u2019orages : \u00ab\u00a0chaque orage est diff\u00e9rent\u00a0\u00bb<\/a><\/p>\n<p>Dans cette \u00e9dition, focus sur les Festival Chasseurs d\u2019Orages<\/p>\n<p>Ce <strong>festival<\/strong> vous plongera au c\u0153ur des <strong>ph\u00e9nom\u00e8nes m\u00e9t\u00e9orologiques<\/strong> les plus extr\u00eames. Au programme, une <strong>exposition photographique<\/strong>, \u00e0 couper le souffle, qui pr\u00e9sentera les \u0153uvres de douze <strong>artistes-photographes <\/strong>sp\u00e9cialis\u00e9s dans la <strong>capture d\u2019\u00e9clairs et de supercellules<\/strong>. Mais aussi des conf\u00e9rences et des d\u00e9bats\u2026<\/p>\n<p>Evoutez aussi : <a href=\"https:\/\/www.lyondemain.fr\/actualite-de-ce-vendredi-18-avril-lyon-info-ruisseau-la-mouche\/\" target=\"_blank\" rel=\"noreferrer noopener nofollow\">Toute l\u2019actualit\u00e9 de ce vendredi 18 avril 2025 \u00e0 Lyon<\/a><\/p>\n<p><img fetchpriority=\"high\" decoding=\"async\" width=\"1200\" height=\"675\" src=\"data:image\/svg+xml,%3Csvg%20xmlns=\" http:=\"\" alt=\"actualit\u00e9 de ce lundi 21 avril 2025 info \u00e0 Lyon\" class=\"wp-image-249066\" data-lazy- data-lazy- data-lazy-src=\"https:\/\/www.europesays.com\/fr\/wp-content\/uploads\/2025\/04\/actualite-de-ce-lundi-21-avril-2025.jpg\"\/>Retrouvez aussi le Quart d\u2019Heure Lyonnais de Lyon Demain sur les antennes de Radio Pluriel (Lyon), Radio Salam (Lyon, Saint-Etienne et Bourg) et Radio Arm\u00e9nie (Lyon et Vienne)<br \/>\nJ\u2019aime \u00e7a\u00a0:<\/p>\n<p>J\u2019aime chargement\u2026<\/p>\n<p><a class=\"sd-link-color\"\/><\/p>\n<p>\t\t\t\t<img decoding=\"async\" src=\"data:image\/svg+xml,%3Csvg%20xmlns=\" http:=\"\" alt=\"G\u00e9rald Bouchon\" data-lazy-src=\"https:\/\/www.europesays.com\/fr\/wp-content\/uploads\/2025\/04\/1745229553_581_7866158698e17e8ed633c05e8f8e7fe5d9e057ad78661c4dc34e413abb6b9f19\"\/><\/p>\n<p>Pionnier des radios libres, passionn\u00e9 de radio, journaliste et dirigeant de m\u00e9dias \u00e9co-responsables..<\/p>\n","protected":false},"excerpt":{"rendered":"A la une de l\u2019info \u00e0 Lyon : Les attaques contre les prisons de la r\u00e9gion, fin de&hellip;\n","protected":false},"author":2,"featured_media":41214,"comment_status":"","ping_status":"","sticky":false,"template":"","format":"standard","meta":{"footnotes":""},"categories":[1889],"tags":[1111,11,12584,461,2430,9492,10785,1129,12585,9840,12586,1777,674,1011,27,12587,693,12588,12589,2428,2487,12,978,4594,12590,899,25,12591,12592,12593,12594],"class_list":{"0":"post-41213","1":"post","2":"type-post","3":"status-publish","4":"format-standard","5":"has-post-thumbnail","7":"category-lyon","8":"tag-actu","9":"tag-actualites","10":"tag-apaisement","11":"tag-asse","12":"tag-auvergne-rhone-alpes","13":"tag-bron","14":"tag-chasseur-dorages","15":"tag-climat","16":"tag-clochettes","17":"tag-derby","18":"tag-espace-albert-camus","19":"tag-eu","20":"tag-europe","21":"tag-fr","22":"tag-france","23":"tag-ihope","24":"tag-industrie","25":"tag-institut-dhematologie-et-doncologie-pediatrique","26":"tag-lou-rugby","27":"tag-lyon","28":"tag-meteo","29":"tag-news","30":"tag-olympique-lyonnais","31":"tag-orages","32":"tag-prison-de-corbas","33":"tag-prisons","34":"tag-republique-francaise","35":"tag-rhonexpress","36":"tag-saint-fons","37":"tag-stationnement-payant","38":"tag-tecofi"},"share_on_mastodon":{"url":"https:\/\/pubeurope.com\/@fr\/114375371293698016","error":""},"_links":{"self":[{"href":"https:\/\/www.europesays.com\/fr\/wp-json\/wp\/v2\/posts\/41213","targetHints":{"allow":["GET"]}}],"collection":[{"href":"https:\/\/www.europesays.com\/fr\/wp-json\/wp\/v2\/posts"}],"about":[{"href":"https:\/\/www.europesays.com\/fr\/wp-json\/wp\/v2\/types\/post"}],"author":[{"embeddable":true,"href":"https:\/\/www.europesays.com\/fr\/wp-json\/wp\/v2\/users\/2"}],"replies":[{"embeddable":true,"href":"https:\/\/www.europesays.com\/fr\/wp-json\/wp\/v2\/comments?post=41213"}],"version-history":[{"count":0,"href":"https:\/\/www.europesays.com\/fr\/wp-json\/wp\/v2\/posts\/41213\/revisions"}],"wp:featuredmedia":[{"embeddable":true,"href":"https:\/\/www.europesays.com\/fr\/wp-json\/wp\/v2\/media\/41214"}],"wp:attachment":[{"href":"https:\/\/www.europesays.com\/fr\/wp-json\/wp\/v2\/media?parent=41213"}],"wp:term":[{"taxonomy":"category","embeddable":true,"href":"https:\/\/www.europesays.com\/fr\/wp-json\/wp\/v2\/categories?post=41213"},{"taxonomy":"post_tag","embeddable":true,"href":"https:\/\/www.europesays.com\/fr\/wp-json\/wp\/v2\/tags?post=41213"}],"curies":[{"name":"wp","href":"https:\/\/api.w.org\/{rel}","templated":true}]}}