{"id":412143,"date":"2025-09-23T14:40:09","date_gmt":"2025-09-23T14:40:09","guid":{"rendered":"https:\/\/www.europesays.com\/fr\/412143\/"},"modified":"2025-09-23T14:40:09","modified_gmt":"2025-09-23T14:40:09","slug":"exposition-et-dedicace-pres-de-rouen-pour-montrer-des-visions-humaines-de-la-guerre-dalgerie","status":"publish","type":"post","link":"https:\/\/www.europesays.com\/fr\/412143\/","title":{"rendered":"Exposition et d\u00e9dicace pr\u00e8s de Rouen pour montrer \u00ab\u2009des visions humaines de la guerre d\u2019Alg\u00e9rie\u2009\u00bb"},"content":{"rendered":"<p>            Par<br \/>\n        <strong><br \/>\n            <a href=\"https:\/\/actu.fr\/auteur\/laredaction\" title=\"Consulter tous les articles de R\u00e9daction Normandie\" target=\"_blank\" rel=\"noopener\">R\u00e9daction Normandie<\/a><br \/>\n        <\/strong><\/p>\n<p>        Publi\u00e9 le<\/p>\n<p>            23 sept. 2025 \u00e0 16h18        <\/p>\n<p>Nadine et Jean-Pierre Marchand pr\u00e9sentent<strong> une exposition<\/strong> \u00e9voquant les tu\u00e9s et les disparus de la guerre d\u2019Alg\u00e9rie, \u00e0 <a href=\"https:\/\/actu.fr\/normandie\/saint-etienne-du-rouvray_76575\" target=\"_blank\" rel=\"noopener\">Saint-\u00c9tienne-du-Rouvray (Seine-Maritime)<\/a>. Dans ce cadre, ce mercredi, <strong>Zoulilkha Haba<\/strong> propose une s\u00e9ance de d\u00e9dicace de son livre L\u2019histoire d\u2019une famille alg\u00e9rienne. Une histoire vraie des \u00e9v\u00e9nements et des premiers temps de l\u2019ind\u00e9pendance vus \u00e0 travers les yeux d\u2019une jeune fille.<\/p>\n<p>Huit ans\u00a0de travail acharn\u00e9<\/p>\n<p class=\" wall-content\">Une rencontre avec <strong>Nadine et Jean-Pierre Marchand<\/strong>, pr\u00e9sident-fondateur du M\u00e9morial 76 AMT 1952-1962, est toujours empreinte jusqu\u2019aux tripes de l\u2019histoire de la guerre d\u2019Alg\u00e9rie. Jean-Pierre Marchand a en effet v\u00e9cu cette douloureuse p\u00e9riode de notre histoire, rest\u00e9e ancr\u00e9e dans sa m\u00e9moire comme une blessure ingu\u00e9rissable.<\/p>\n<p class=\" wall-content\">Avec son \u00e9pouse, il s\u2019est consacr\u00e9<strong> corps et \u00e2me<\/strong> \u00e0 la m\u00e9moire des 417 tu\u00e9s et disparus seinomarins de cette guerre \u00ab\u2009tabou\u2009\u00bb. Pendant huit ans, ils ont mont\u00e9 seuls le dossier pour installer \u00e0 Rouen un M\u00e9morial d\u00e9partemental Alg\u00e9rie-Maroc-Tunisie. Apr\u00e8s huit ans pass\u00e9s \u00e0 obtenir les autorisations et rechercher des fonds, le monument a \u00e9t\u00e9 inaugur\u00e9 le 1er\u00a0f\u00e9vrier 2018, place Carnot.<\/p>\n<p class=\" wall-content\">Toujours ensemble, Nadine et Jean-Pierre Marchand ont poursuivi leurs recherches, \u00ab\u2009car cela nous a ouvert des portes aupr\u00e8s d\u2019historiens, d\u2019universitaires et leurs \u00e9tudiants, de soci\u00e9t\u00e9s savantes. <strong>Nous avons particip\u00e9 \u00e0 des conf\u00e9rences<\/strong>, des colloques internationaux, mont\u00e9 un spectacle \u00e0 l\u2019H\u00f4tel de Ville de Rouen, particip\u00e9 au tournage pour France T\u00e9l\u00e9vision du film, Les appel\u00e9s de la guerre d\u2019Alg\u00e9rie\u2009: un si long silence et surtout, nous avons pu avoir des \u00e9changes avec des coll\u00e9giens et des lyc\u00e9ens. Car, c\u2019est important de travailler sur la m\u00e9moire. Il faut en parler\u2009\u00bb.<\/p>\n<p>Exposition jusqu\u2019au 29\u00a0septembre 2025<\/p>\n<p class=\" wall-content\">Se d\u00e9finissant comme des \u00ab<strong>\u2009m\u00e9morialistes<\/strong>, un terme barbare selon les historiens que nous ne sommes pas\u2009\u00bb, ils ont poursuivi pendant des ann\u00e9es un autre travail autour des tu\u00e9s et des disparus.<\/p>\n<p class=\" wall-content\">Un travail qui va aboutir \u00e0 une exposition, intitul\u00e9e <strong>Poussi\u00e8res d\u2019histoire, une g\u00e9n\u00e9ration sacrifi\u00e9e<\/strong>, pr\u00e9sent\u00e9e pour la premi\u00e8re fois jusqu\u2019au 29\u00a0septembre, au centre socioculturel Georges-D\u00e9zir\u00e9 \u00e0 Saint-\u00c9tienne-du-Rouvray.<\/p>\n<p class=\" wall-content\">L\u2019exposition sera compos\u00e9e de quinze panneaux\u2009: \u00ab\u2009un travail en profondeur qui n\u2019a jamais \u00e9t\u00e9 fait en France\u2009\u00bb, affirment Nadine et Jean-Pierre Marchand. Le premier est un bilan froid des chiffres des morts et disparus de la r\u00e9gion et du d\u00e9partement (1\u2009146 Normands tu\u00e9s, dont 417 Seinomarins et 9 disparus).<\/p>\n<p>Votre r\u00e9gion, votre actu !<\/p>\n<p>Recevez chaque jour les infos qui comptent pour vous.<\/p>\n<p>\t<a href=\"https:\/\/actu.fr\/newsletter\" class=\"ac-btn ac-btn--corner ac-btn--medium ac-btn--blue800\" target=\"_blank\" rel=\"noopener\">S&rsquo;incrire<\/a><br \/>\nD\u00e9dicace<\/p>\n<p class=\" wall-content\">L\u2019autrice <strong>Zoulikha Haba<\/strong> sera pr\u00e9sente ce mercredi 24\u00a0septembre afin d\u2019y d\u00e9dicacer son livre publi\u00e9 par les \u00e9ditions Les Choucas\u2009: L\u2019histoire d\u2019une famille alg\u00e9rienne. \u00c0 travers les yeux d\u2019une enfant puis d\u2019une jeune femme, les \u00e9v\u00e9nements d\u2019Alg\u00e9rie sont restitu\u00e9s sans animosit\u00e9. Un simple constat des faits o\u00f9 l\u2019humain prime.<\/p>\n<p><strong>Infos pratiques\u2009:<\/strong><br \/>Exposition Poussi\u00e8res d\u2019histoire, une g\u00e9n\u00e9ration sacrifi\u00e9e, jusqu\u2019au 29\u00a0septembre 2025\u00a0au centre socioculturel Georges-D\u00e9zir\u00e9, 271 rue de Paris, \u00e0 Saint-\u00c9tienne-du-Rouvray.<br \/>D\u00e9dicace de Zoulikha Haba, mercredi 24\u00a0septembre 2025, de 10h30 \u00e0 12h et de 14h \u00e0 16h.<\/p>\n<p class=\" wall-content\">Personnalisez votre actualit\u00e9 en ajoutant vos villes et m\u00e9dias en favori avec <a href=\"https:\/\/moncompte.actu.fr\" title=\"D\u00e9couvez Mon Actu\" rel=\"nofollow noopener\" data-trk=\"{&quot;cta&quot;:{&quot;action&quot;:&quot;https:\\\/\\\/moncompte.actu.fr&quot;,&quot;category&quot;:&quot;mon compte&quot;,&quot;from&quot;:&quot;article footer&quot;,&quot;name&quot;:&quot;Mon actu&quot;,&quot;type&quot;:&quot;cta&quot;}}\" target=\"_blank\">Mon Actu<\/a>.<\/p>\n","protected":false},"excerpt":{"rendered":"Par R\u00e9daction Normandie Publi\u00e9 le 23 sept. 2025 \u00e0 16h18 Nadine et Jean-Pierre Marchand pr\u00e9sentent une exposition \u00e9voquant&hellip;\n","protected":false},"author":2,"featured_media":412144,"comment_status":"","ping_status":"","sticky":false,"template":"","format":"standard","meta":{"footnotes":""},"categories":[9587],"tags":[1111,11,9086,1777,674,1011,27,15646,1652,12,5161,25,9590],"class_list":{"0":"post-412143","1":"post","2":"type-post","3":"status-publish","4":"format-standard","5":"has-post-thumbnail","7":"category-rouen","8":"tag-actu","9":"tag-actualites","10":"tag-bon-plan-a-rouen","11":"tag-eu","12":"tag-europe","13":"tag-fr","14":"tag-france","15":"tag-guerre-dalgerie","16":"tag-loisirs-culture","17":"tag-news","18":"tag-normandie","19":"tag-republique-francaise","20":"tag-rouen"},"share_on_mastodon":{"url":"https:\/\/pubeurope.com\/@fr\/115254134306410327","error":""},"_links":{"self":[{"href":"https:\/\/www.europesays.com\/fr\/wp-json\/wp\/v2\/posts\/412143","targetHints":{"allow":["GET"]}}],"collection":[{"href":"https:\/\/www.europesays.com\/fr\/wp-json\/wp\/v2\/posts"}],"about":[{"href":"https:\/\/www.europesays.com\/fr\/wp-json\/wp\/v2\/types\/post"}],"author":[{"embeddable":true,"href":"https:\/\/www.europesays.com\/fr\/wp-json\/wp\/v2\/users\/2"}],"replies":[{"embeddable":true,"href":"https:\/\/www.europesays.com\/fr\/wp-json\/wp\/v2\/comments?post=412143"}],"version-history":[{"count":0,"href":"https:\/\/www.europesays.com\/fr\/wp-json\/wp\/v2\/posts\/412143\/revisions"}],"wp:featuredmedia":[{"embeddable":true,"href":"https:\/\/www.europesays.com\/fr\/wp-json\/wp\/v2\/media\/412144"}],"wp:attachment":[{"href":"https:\/\/www.europesays.com\/fr\/wp-json\/wp\/v2\/media?parent=412143"}],"wp:term":[{"taxonomy":"category","embeddable":true,"href":"https:\/\/www.europesays.com\/fr\/wp-json\/wp\/v2\/categories?post=412143"},{"taxonomy":"post_tag","embeddable":true,"href":"https:\/\/www.europesays.com\/fr\/wp-json\/wp\/v2\/tags?post=412143"}],"curies":[{"name":"wp","href":"https:\/\/api.w.org\/{rel}","templated":true}]}}