{"id":412188,"date":"2025-09-23T15:04:17","date_gmt":"2025-09-23T15:04:17","guid":{"rendered":"https:\/\/www.europesays.com\/fr\/412188\/"},"modified":"2025-09-23T15:04:17","modified_gmt":"2025-09-23T15:04:17","slug":"deux-restaurants-incendies-dans-la-meme-rue-des-employes-parmi-les-suspects-2","status":"publish","type":"post","link":"https:\/\/www.europesays.com\/fr\/412188\/","title":{"rendered":"Deux restaurants incendi\u00e9s dans la m\u00eame rue, des employ\u00e9s parmi les suspects"},"content":{"rendered":"<p class=\"mb-4 text-lg md:leading-8 break-words\"><strong>Feux &#8211; Trois employ\u00e9s du restaurant \u00ab\u00a0Au Pavillon Paris\u00a0\u00bb, situ\u00e9 dans le 1er arrondissement, ont \u00e9t\u00e9 interpell\u00e9s dimanche soir apr\u00e8s l\u2019incendie de leur \u00e9tablissement caus\u00e9 par un engin incendiaire jet\u00e9 par deux hommes sortis d\u2019un v\u00e9hicule<\/strong><\/p>\n<p class=\"mb-4 text-lg md:leading-8 break-words\">Trois hommes ont \u00e9t\u00e9 interpell\u00e9s dimanche en toute fin de soir\u00e9e apr\u00e8s l\u2019<a href=\"https:\/\/www.20minutes.fr\/dossier\/incendie_criminel?at_medium=RSS%20feed&amp;at_campaign=ynews&amp;utm_source=yahoo&amp;utm_medium=rss&amp;utm_campaign=news_feed&amp;utm_content=in_article_link\" rel=\"nofollow noopener\" target=\"_blank\" data-ylk=\"slk:incendie;elm:context_link;itc:0;sec:content-canvas\" class=\"link \">incendie<\/a> du <a href=\"https:\/\/www.20minutes.fr\/dossier\/restaurant?at_medium=RSS%20feed&amp;at_campaign=ynews&amp;utm_source=yahoo&amp;utm_medium=rss&amp;utm_campaign=news_feed&amp;utm_content=in_article_link\" rel=\"nofollow noopener\" target=\"_blank\" data-ylk=\"slk:restaurant;elm:context_link;itc:0;sec:content-canvas\" class=\"link \">restaurant<\/a> \u00ab\u00a0Au Pavillon Paris\u00a0\u00bb, dans le 1er arrondissement, \u00e9voque <a href=\"https:\/\/www.lefigaro.fr\/faits-divers\/paris-deux-restaurants-incendies-a-20-heures-d-intervalle-trois-individus-places-en-garde-a-vue-20250922?at_medium=RSS%20feed&amp;at_campaign=ynews&amp;utm_source=yahoo&amp;utm_medium=rss&amp;utm_campaign=news_feed&amp;utm_content=in_article_link\" rel=\"nofollow noopener\" target=\"_blank\" data-ylk=\"slk:Le Figaro;elm:context_link;itc:0;sec:content-canvas\" class=\"link \">Le Figaro<\/a>. Il s\u2019agit de trois hommes qui travaillent au sein de l\u2019\u00e9tablissement.<\/p>\n<p class=\"mb-4 text-lg md:leading-8 break-words\">De nombreux t\u00e9moignages de personnes pr\u00e9sentes sur les lieux ont permis aux policiers, arriv\u00e9s tr\u00e8s rapidement, de mener l\u2019enqu\u00eate. Les t\u00e9moins ont expliqu\u00e9 que deux hommes \u00e9taient sortis d\u2019un v\u00e9hicule et avaient jet\u00e9 un engin incendiaire sur l\u2019\u00e9tablissement, rapidement en proie aux flammes. Ils ont alors donn\u00e9 une description pr\u00e9cise du v\u00e9hicule aux fonctionnaires de police et des deux individus.<\/p>\n<p>Un autre incendie sur le trottoir d\u2019en face, la veille<\/p>\n<p class=\"mb-4 text-lg md:leading-8 break-words\">Les policiers \u00e9tant arriv\u00e9s tr\u00e8s rapidement sur place, ils ont pu tenter de se lancer \u00e0 la poursuite du v\u00e9hicule. Des efforts couronn\u00e9s de succ\u00e8s puisque le v\u00e9hicule, d\u00e9crit par les t\u00e9moins, \u00e9tait toujours bloqu\u00e9 dans la circulation du boulevard de S\u00e9bastopol, encore importante \u00e0 cette heure-l\u00e0.<\/p>\n<p class=\"mb-4 text-lg md:leading-8 break-words\">Trois hommes ont \u00e9t\u00e9 interpell\u00e9s. Les trois employ\u00e9s du restaurant sont \u00e2g\u00e9s de 25, 33 et 37 ans et originaires d\u2019Allemagne, de Saint-Denis et du Sri Lanka. Les policiers tentent de comprendre leurs motivations, mais \u00e9galement s\u2019il y a un lien avec l\u2019embrasement d\u2019un autre \u00e9tablissement la veille.<\/p>\n<p class=\"mb-4 text-lg md:leading-8 break-words\">Le \u00ab\u00a0Sacr\u00e9 Frenchy\u00a0!\u00a0\u00bb a lui aussi \u00e9t\u00e9 victime d\u2019un incendie certainement volontaire, dans la nuit du samedi au dimanche. Seule la porte de ce restaurant a \u00e9t\u00e9 touch\u00e9e. \u00ab\u00a0Au Pavillon Paris\u00a0\u00bb est en revanche tota(&#8230;)<\/p>\n<p class=\"mb-4 text-lg md:leading-8 break-words\"><a href=\"https:\/\/www.20minutes.fr\/faits_divers\/faits-divers-paris\/4174742-20250923-paris-deux-restaurants-incendies-rue-employes-parmi-suspects?at_medium=RSS%20feed&amp;at_campaign=ynews&amp;utm_source=yahoo&amp;utm_medium=rss&amp;utm_campaign=news_feed&amp;utm_content=read_more_link&quot;\" rel=\"nofollow noopener\" target=\"_blank\" data-ylk=\"slk:Lire la suite sur 20minutes;elm:context_link;itc:0;sec:content-canvas\" class=\"link \">Lire la suite sur 20minutes<\/a><\/p>\n<p>\u00c0 lire aussi :<br \/><a href=\"https:\/\/www.20minutes.fr\/justice\/4157100-20250605-feminicide-juge-avoir-piege-compagne-enceinte-appartement-morte-brulee-vive?at_medium=RSS%20feed&amp;at_campaign=ynews&amp;utm_source=yahoo&amp;utm_medium=rss&amp;utm_campaign=news_feed&amp;utm_content=related_content_link\" rel=\"nofollow noopener\" target=\"_blank\" data-ylk=\"slk:F\u00e9minicide\u00a0: Jug\u00e9 pour avoir pi\u00e9g\u00e9 sa compagne enceinte dans leur appartement o\u00f9 elle est morte br\u00fbl\u00e9e vive;elm:context_link;itc:0;sec:content-canvas\" class=\"link \">F\u00e9minicide\u00a0: Jug\u00e9 pour avoir pi\u00e9g\u00e9 sa compagne enceinte dans leur appartement o\u00f9 elle est morte br\u00fbl\u00e9e vive<\/a><br \/><a href=\"https:\/\/www.20minutes.fr\/faits_divers\/4152087-20250506-haute-loire-figure-maire-ciblee-voitures-maire-epouse-incendiees?at_medium=RSS%20feed&amp;at_campaign=ynews&amp;utm_source=yahoo&amp;utm_medium=rss&amp;utm_campaign=news_feed&amp;utm_content=related_content_link\" rel=\"nofollow noopener\" target=\"_blank\" data-ylk=\"slk:Haute-Loire\u00a0: \u00ab\u00a0C\u2019est la figure de l\u2019\u00e9lu qui a \u00e9t\u00e9 cibl\u00e9e\u00a0\u00bb\u2026 Les voitures d\u2019un maire et de son \u00e9pouse incendi\u00e9es;elm:context_link;itc:0;sec:content-canvas\" class=\"link \">Haute-Loire\u00a0: \u00ab\u00a0C\u2019est la figure de l\u2019\u00e9lu qui a \u00e9t\u00e9 cibl\u00e9e\u00a0\u00bb\u2026 Les voitures d\u2019un maire et de son \u00e9pouse incendi\u00e9es<\/a><\/p>\n","protected":false},"excerpt":{"rendered":"Feux &#8211; Trois employ\u00e9s du restaurant \u00ab\u00a0Au Pavillon Paris\u00a0\u00bb, situ\u00e9 dans le 1er arrondissement, ont \u00e9t\u00e9 interpell\u00e9s dimanche&hellip;\n","protected":false},"author":2,"featured_media":412189,"comment_status":"","ping_status":"","sticky":false,"template":"","format":"standard","meta":{"footnotes":""},"categories":[1888],"tags":[54313,1111,1928,11,1927,54314,20345,1777,674,1011,27,12,1926,626,1925,25,12883],"class_list":{"0":"post-412188","1":"post","2":"type-post","3":"status-publish","4":"format-standard","5":"has-post-thumbnail","7":"category-paris","8":"tag-1er-arrondissement","9":"tag-actu","10":"tag-actu-paris","11":"tag-actualites","12":"tag-actualites-paris","13":"tag-boulevard-de-sebastopol","14":"tag-employes","15":"tag-eu","16":"tag-europe","17":"tag-fr","18":"tag-france","19":"tag-news","20":"tag-news-paris","21":"tag-paris","22":"tag-paris-news","23":"tag-republique-francaise","24":"tag-trois-hommes"},"share_on_mastodon":{"url":"https:\/\/pubeurope.com\/@fr\/115254229164618493","error":""},"_links":{"self":[{"href":"https:\/\/www.europesays.com\/fr\/wp-json\/wp\/v2\/posts\/412188","targetHints":{"allow":["GET"]}}],"collection":[{"href":"https:\/\/www.europesays.com\/fr\/wp-json\/wp\/v2\/posts"}],"about":[{"href":"https:\/\/www.europesays.com\/fr\/wp-json\/wp\/v2\/types\/post"}],"author":[{"embeddable":true,"href":"https:\/\/www.europesays.com\/fr\/wp-json\/wp\/v2\/users\/2"}],"replies":[{"embeddable":true,"href":"https:\/\/www.europesays.com\/fr\/wp-json\/wp\/v2\/comments?post=412188"}],"version-history":[{"count":0,"href":"https:\/\/www.europesays.com\/fr\/wp-json\/wp\/v2\/posts\/412188\/revisions"}],"wp:featuredmedia":[{"embeddable":true,"href":"https:\/\/www.europesays.com\/fr\/wp-json\/wp\/v2\/media\/412189"}],"wp:attachment":[{"href":"https:\/\/www.europesays.com\/fr\/wp-json\/wp\/v2\/media?parent=412188"}],"wp:term":[{"taxonomy":"category","embeddable":true,"href":"https:\/\/www.europesays.com\/fr\/wp-json\/wp\/v2\/categories?post=412188"},{"taxonomy":"post_tag","embeddable":true,"href":"https:\/\/www.europesays.com\/fr\/wp-json\/wp\/v2\/tags?post=412188"}],"curies":[{"name":"wp","href":"https:\/\/api.w.org\/{rel}","templated":true}]}}