{"id":412208,"date":"2025-09-23T15:14:10","date_gmt":"2025-09-23T15:14:10","guid":{"rendered":"https:\/\/www.europesays.com\/fr\/412208\/"},"modified":"2025-09-23T15:14:10","modified_gmt":"2025-09-23T15:14:10","slug":"un-trentenaire-retrouve-grievement-blesse-il-aurait-eu-un-accident-de-trottinette","status":"publish","type":"post","link":"https:\/\/www.europesays.com\/fr\/412208\/","title":{"rendered":"un trentenaire retrouv\u00e9 gri\u00e8vement bless\u00e9, il aurait eu un accident de trottinette"},"content":{"rendered":"<p>Un homme a \u00e9t\u00e9 transport\u00e9 dans un \u00e9tat grave au service r\u00e9animation du Centre hospitalier universitaire (CHU) d\u2019Angers (<a target=\"_self\" href=\"https:\/\/www.lanouvellerepublique.fr\/maine-et-loire\" rel=\"noopener\">Maine-et-Loire<\/a>) dans la nuit du 18 au 19\u00a0septembre 2025. Vers minuit, son corps inanim\u00e9 avait \u00e9t\u00e9 retrouv\u00e9 par un passant dans une rue de Montreuil-Juign\u00e9 (Maine-et-Loire), explique <a target=\"_blank\" href=\"https:\/\/www.ouest-france.fr\/societe\/faits-divers\/un-homme-en-trottinette-retrouve-blesse-et-inanime-sur-une-route-pres-dangers-0040eac6-9554-11f0-87cf-e619b6e4aa34\" rel=\"noopener\">Ouest-France<\/a>.<\/p>\n<p>Des investigations en cours<\/p>\n<p><a target=\"_self\" href=\"https:\/\/www.lanouvellerepublique.fr\/niort\/pour-les-medecins-c-est-un-miracule-un-homme-sort-du-coma-15-jours-apres-un-grave-accident-de-trottinette-a-niort-1753293925\" rel=\"noopener\">Une trottinette<\/a> se trouvait \u00e0 c\u00f4t\u00e9 de lui. L\u2019homme \u00e2g\u00e9 de 32\u00a0ans serait le conducteur de l\u2019engin. Les secours ont \u00e9t\u00e9 pr\u00e9venus par le t\u00e9moin. \u00c0 leur arriv\u00e9e, la victime se trouvait en arr\u00eat cardiorespiratoire. L\u2019intervention du Smur a permis de stabiliser l\u2019\u00e9tat du jeune homme. Une enqu\u00eate de gendarmerie a \u00e9t\u00e9 ouverte.<br \/>La piste de l\u2019accident n\u2019impliquant pas de tiers est privil\u00e9gi\u00e9e par les militaires. Le trentenaire a \u00e9t\u00e9 retrouv\u00e9 dans une section de la rue assez peu \u00e9clair\u00e9e \u00e0 partir de 23\u00a0h. Au guidon de sa trottinette, il serait entr\u00e9 en collision avec un terre-plein et aurait chut\u00e9 au sol.<\/p>\n","protected":false},"excerpt":{"rendered":"Un homme a \u00e9t\u00e9 transport\u00e9 dans un \u00e9tat grave au service r\u00e9animation du Centre hospitalier universitaire (CHU) d\u2019Angers&hellip;\n","protected":false},"author":2,"featured_media":412209,"comment_status":"","ping_status":"","sticky":false,"template":"","format":"standard","meta":{"footnotes":""},"categories":[1586],"tags":[3085,11,1674,1777,674,1779,274,1011,27,13291,12,25,1778,364],"class_list":{"0":"post-412208","1":"post","2":"type-post","3":"status-publish","4":"format-standard","5":"has-post-thumbnail","7":"category-europe","8":"tag-accidents","9":"tag-actualites","10":"tag-communes","11":"tag-eu","12":"tag-europe","13":"tag-european-union","14":"tag-faits-divers-justice","15":"tag-fr","16":"tag-france","17":"tag-maine-et-loire","18":"tag-news","19":"tag-republique-francaise","20":"tag-ue","21":"tag-union-europeenne"},"share_on_mastodon":{"url":"https:\/\/pubeurope.com\/@fr\/115254267999839053","error":""},"_links":{"self":[{"href":"https:\/\/www.europesays.com\/fr\/wp-json\/wp\/v2\/posts\/412208","targetHints":{"allow":["GET"]}}],"collection":[{"href":"https:\/\/www.europesays.com\/fr\/wp-json\/wp\/v2\/posts"}],"about":[{"href":"https:\/\/www.europesays.com\/fr\/wp-json\/wp\/v2\/types\/post"}],"author":[{"embeddable":true,"href":"https:\/\/www.europesays.com\/fr\/wp-json\/wp\/v2\/users\/2"}],"replies":[{"embeddable":true,"href":"https:\/\/www.europesays.com\/fr\/wp-json\/wp\/v2\/comments?post=412208"}],"version-history":[{"count":0,"href":"https:\/\/www.europesays.com\/fr\/wp-json\/wp\/v2\/posts\/412208\/revisions"}],"wp:featuredmedia":[{"embeddable":true,"href":"https:\/\/www.europesays.com\/fr\/wp-json\/wp\/v2\/media\/412209"}],"wp:attachment":[{"href":"https:\/\/www.europesays.com\/fr\/wp-json\/wp\/v2\/media?parent=412208"}],"wp:term":[{"taxonomy":"category","embeddable":true,"href":"https:\/\/www.europesays.com\/fr\/wp-json\/wp\/v2\/categories?post=412208"},{"taxonomy":"post_tag","embeddable":true,"href":"https:\/\/www.europesays.com\/fr\/wp-json\/wp\/v2\/tags?post=412208"}],"curies":[{"name":"wp","href":"https:\/\/api.w.org\/{rel}","templated":true}]}}