{"id":412224,"date":"2025-09-23T15:24:18","date_gmt":"2025-09-23T15:24:18","guid":{"rendered":"https:\/\/www.europesays.com\/fr\/412224\/"},"modified":"2025-09-23T15:24:18","modified_gmt":"2025-09-23T15:24:18","slug":"le-rallye-de-rome-va-prendre-la-place-de-la-sardaigne-au-calendrier-wrc","status":"publish","type":"post","link":"https:\/\/www.europesays.com\/fr\/412224\/","title":{"rendered":"Le Rallye de Rome va prendre la place de la Sardaigne au calendrier WRC"},"content":{"rendered":"<p>Le Rallye d&rsquo;Italie va retrouver le continent. Le WRC a annonc\u00e9 que le Rallye de Rome reprendra l&rsquo;organisation de l&rsquo;\u00e9preuve en 2027, autour de la capitale italienne. Cette \u00e9preuve actuellement pr\u00e9sente au calendrier du championnat d&rsquo;Europe (ERC) va \u00e9changer sa place avec le Rallye de Sardaigne, qui accueillera encore le championnat du monde la saison prochaine.<\/p>\n<p>Le Rallye de Sardaigne a int\u00e9gr\u00e9 le <a href=\"https:\/\/fr.motorsport.com\/wrc\/schedule\/2025\/\" target=\"_self\" rel=\"noopener\">calendrier du WRC<\/a> en 2004, en prenant la succession du l\u00e9gendaire Sanremo, qui a accueilli le championnat durant 30 ans. L&rsquo;\u00eele a depuis connu une pr\u00e9sence continue, avec une seule interruption, en 2010, tandis que les saisons perturb\u00e9es par le Covid ont vu l&rsquo;int\u00e9gration d&rsquo;une seconde \u00e9preuve italienne, le Rallye de Monza, en 2020 et 2021.<\/p>\n<p>Le Rallye de Rome\u00a0\u2013 officiellement nomm\u00e9 Rally di Roma Capitale\u00a0\u2013 est de son c\u00f4t\u00e9 n\u00e9 en 2013 et figure au calendrier de l&rsquo;ERC depuis 2017, et <a href=\"https:\/\/fr.motorsport.com\/wrc\/news\/rally-roma-capitale-ambitions-calendrier-wrc\/10640423\/\" target=\"_blank\" rel=\"noopener\">promettait une sp\u00e9ciale devant le Colis\u00e9e pour s\u00e9duire le WRC<\/a>. Les deux cat\u00e9gories ayant le m\u00eame promoteur, une transition dans la douceur est pr\u00e9vue entre les deux rallyes avant leur changement de championnat en 2027, et les contrats des \u00e9preuves ont \u00e9t\u00e9 verrouill\u00e9s jusqu&rsquo;en 2030.<\/p>\n<p>\u00ab\u00a0Nous sommes confiants quant au fait que cet accord soit la meilleure d\u00e9cision pour l&rsquo;avenir du rallye de haut niveau en Italie\u00a0\u00bb, a d\u00e9clar\u00e9 Simon Larkin, directeur des \u00e9preuves chez WRC Promoter, qui organise le championnat. \u00ab\u00a0La d\u00e9cision de repousser le changement \u00e0 2027 nous donne le temps n\u00e9cessaire, avec la FIA, pour pr\u00e9parer au mieux l&rsquo;\u00e9preuve \u00e0 Rome, assurant son succ\u00e8s d\u00e8s la toute premi\u00e8re ann\u00e9e.\u00a0\u00bb<\/p>\n<p>   <img decoding=\"async\" draggable=\"false\" src=\"https:\/\/www.europesays.com\/fr\/wp-content\/uploads\/2025\/09\/thierry-neuville-martijn-wydae.jpg\" alt=\"Thierry Neuville, Martijn Wydaeghe, Hyundai World Rally Team Hyundai i20 N Rally1\" width=\"1200\" height=\"800\" loading=\"lazy\"\/> <\/p>\n<p class=\"title\">Le WRC va abandonner le cadre m\u00e9diterran\u00e9en du Rallye de Sardaigne.<\/p>\n<p class=\"photographer\">Photo de : Fabien Dufour \/ Hyundai Motorsport<\/p>\n<p>Le rallye recevra le soutien de la ville de Rome mais aussi de sa r\u00e9gion, le Latium, qui sera \u00e0 la fois sponsor de l&rsquo;\u00e9preuve et th\u00e9\u00e2tre de la majorit\u00e9 des sp\u00e9ciales. Ces derni\u00e8res seront disput\u00e9es sur asphalte, alors que le Rallye de Sardaigne se d\u00e9roule sur la terre.<\/p>\n<p>\u00ab\u00a0L&rsquo;ann\u00e9e 2027 marquera un changera d&rsquo;\u00e8re pour le WRC, avec l&rsquo;arriv\u00e9e de nouvelles voitures et de nouveaux r\u00e8glements\u00a0\u00bb, a soulign\u00e9 Giovanni Tombolato, sous-commissaire de l&rsquo;Automobile Club d&rsquo;Italia. \u00ab\u00a0Cette perspective me ravit parce que sur le papier, les nouveaux r\u00e8glements permettront \u00e0 nos pilotes locaux de jouer les premi\u00e8res places et comme nous le savons nous, nous avons beaucoup de sp\u00e9cialistes de l&rsquo;asphalte en Italie.\u00a0\u00bb<\/p>\n<p>Lire aussi :<\/p>\n","protected":false},"excerpt":{"rendered":"Le Rallye d&rsquo;Italie va retrouver le continent. Le WRC a annonc\u00e9 que le Rallye de Rome reprendra l&rsquo;organisation&hellip;\n","protected":false},"author":2,"featured_media":412225,"comment_status":"","ping_status":"","sticky":false,"template":"","format":"standard","meta":{"footnotes":""},"categories":[1412],"tags":[1451,1452,1453,1454,1455,1011,27,452,54317,54318,60,16405],"class_list":{"0":"post-412224","1":"post","2":"type-post","3":"status-publish","4":"format-standard","5":"has-post-thumbnail","7":"category-f1","8":"tag-f1","9":"tag-formula-1","10":"tag-formula1","11":"tag-formule-1","12":"tag-formule1","13":"tag-fr","14":"tag-france","15":"tag-italie","16":"tag-le-rallye-de-rome-va-prendre-la-place-de-la-sardaigne-au-calendrier-wrc","17":"tag-rallye-de-sardaigne","18":"tag-sports","19":"tag-wrc"},"share_on_mastodon":{"url":"https:\/\/pubeurope.com\/@fr\/115254307762245097","error":""},"_links":{"self":[{"href":"https:\/\/www.europesays.com\/fr\/wp-json\/wp\/v2\/posts\/412224","targetHints":{"allow":["GET"]}}],"collection":[{"href":"https:\/\/www.europesays.com\/fr\/wp-json\/wp\/v2\/posts"}],"about":[{"href":"https:\/\/www.europesays.com\/fr\/wp-json\/wp\/v2\/types\/post"}],"author":[{"embeddable":true,"href":"https:\/\/www.europesays.com\/fr\/wp-json\/wp\/v2\/users\/2"}],"replies":[{"embeddable":true,"href":"https:\/\/www.europesays.com\/fr\/wp-json\/wp\/v2\/comments?post=412224"}],"version-history":[{"count":0,"href":"https:\/\/www.europesays.com\/fr\/wp-json\/wp\/v2\/posts\/412224\/revisions"}],"wp:featuredmedia":[{"embeddable":true,"href":"https:\/\/www.europesays.com\/fr\/wp-json\/wp\/v2\/media\/412225"}],"wp:attachment":[{"href":"https:\/\/www.europesays.com\/fr\/wp-json\/wp\/v2\/media?parent=412224"}],"wp:term":[{"taxonomy":"category","embeddable":true,"href":"https:\/\/www.europesays.com\/fr\/wp-json\/wp\/v2\/categories?post=412224"},{"taxonomy":"post_tag","embeddable":true,"href":"https:\/\/www.europesays.com\/fr\/wp-json\/wp\/v2\/tags?post=412224"}],"curies":[{"name":"wp","href":"https:\/\/api.w.org\/{rel}","templated":true}]}}