{"id":412230,"date":"2025-09-23T15:27:10","date_gmt":"2025-09-23T15:27:10","guid":{"rendered":"https:\/\/www.europesays.com\/fr\/412230\/"},"modified":"2025-09-23T15:27:10","modified_gmt":"2025-09-23T15:27:10","slug":"un-celebre-realisateur-lie-a-une-candidate-un","status":"publish","type":"post","link":"https:\/\/www.europesays.com\/fr\/412230\/","title":{"rendered":"un c\u00e9l\u00e8bre r\u00e9alisateur li\u00e9 \u00e0 une candidate, un &#8230;"},"content":{"rendered":"<p>EN BREF<\/p>\n<ul class=\"bloc_resume_post_list\">\n<li>Mareva Michel, Miss \u00cele-de-France 2026, est de la m\u00eame<br \/>\nfamille qu\u00a0\u00bbun c\u00e9l\u00e8bre r\u00e9alisateur<\/li>\n<li>\u00c9tudiante \u00e0 l\u2019ESSEC, elle vise une carri\u00e8re dans le<br \/>\nmarketing et l\u2019entrepreneuriat.<\/li>\n<li>Elle \u00e0 trois mois pour se pr\u00e9parer \u00e0<br \/>\nl&rsquo;\u00e9lection<\/li>\n<\/ul>\n<p data-start=\"283\" data-end=\"723\">Dans environ trois mois, la<br \/>\nFrance aura une nouvelle reine de beaut\u00e9. L\u2019ann\u00e9e derni\u00e8re, c\u2019est<br \/>\nAng\u00e9lique Angarni-Filopon, initialement Miss Martinique, qui a<br \/>\nremport\u00e9 <strong>le titre de Miss France 2025.<\/strong> C\u2019\u00e9tait la<br \/>\npremi\u00e8re fois qu\u2019une Miss de cette r\u00e9gion \u00e9tait \u00e9lue. \u00c0 34 ans,<br \/>\nl\u2019ancienne h\u00f4tesse de l\u2019air a vu son destin basculer. Et depuis<br \/>\nplusieurs mois, elle parcourt les diff\u00e9rentes r\u00e9gions de France, \u00e0<br \/>\nl\u2019occasion des \u00e9lections r\u00e9gionales.<\/p>\n<p data-start=\"725\" data-end=\"1074\">Parmi les nouvelles \u00e9lues se<br \/>\ntrouvent <a href=\"https:\/\/www.telestar.fr\/actu_tv\/miss-france-2026-decouvrez-charlene-laurin-la-ravissante-miss-bourgogne-1738907\" target=\"_blank\" rel=\"noopener\"><br \/>\nCharl\u00e8ne Laurin, Miss Bourgogne<\/a>, <a href=\"https:\/\/www.telestar.fr\/actu_tv\/miss-france-2026-decouvrez-noemie-baiamonte-la-ravissante-miss-rhone-alpes-1738785\" target=\"_blank\" rel=\"noopener\"><br \/>\nNo\u00e9mie Baiamonte, Miss Rh\u00f4ne-Alpes<\/a> ou encore <a href=\"https:\/\/www.telestar.fr\/actu_tv\/miss_france\/miss-france-2026-decouvrez-jade-cholley-la-ravissante-miss-franche-comte-1738096\" target=\"_blank\" rel=\"noopener\"><br \/>\nJade Cholley, Miss Franche-Comt\u00e9<\/a>. Si certaines candidates sont<br \/>\nd\u00e9j\u00e0 tr\u00e8s suivies sur les r\u00e9seaux sociaux, ce qui leur conf\u00e8re un<br \/>\navantage, une autre est li\u00e9e \u00e0 un c\u00e9l\u00e8bre r\u00e9alisateur hollywoodien,<br \/>\net cela fait d\u00e9j\u00e0 beaucoup parler\u2026<\/p>\n<p>Quelle Miss r\u00e9gionale est de<br \/>\nla m\u00eame famille qu\u2019un r\u00e9alisateur hollywoodien ?<\/p>\n<p data-start=\"1165\" data-end=\"1594\">\u00catre d\u00e9j\u00e0 connue du grand<br \/>\npublic peut \u00eatre un avantage de taille dans le concours Miss<br \/>\nFrance. En effet, les t\u00e9l\u00e9spectateurs jouent un r\u00f4le tr\u00e8s important<br \/>\nle soir de l\u2019\u00e9lection. Et une Miss pourrait profiter de la<br \/>\nnotori\u00e9t\u00e9 d\u2019un des membres de sa famille, lors du prime diffus\u00e9 en<br \/>\ndirect sur TF1. La reine de beaut\u00e9 en question <a href=\"https:\/\/www.telestar.fr\/people\/miss-france-2026-decouvrez-mareva-michel-la-ravissante-miss-ile-de-france-1738852\" target=\"_blank\" rel=\"noopener\"><br \/>\nest Mareva Michel<\/a>, qui, \u00e0 21 ans, a \u00e9t\u00e9 <strong>\u00e9lue Miss<br \/>\n\u00cele-de-France<\/strong> le 20 septembre \u00e0 Dammarie-les-Lys.<\/p>\n<p data-start=\"1596\" data-end=\"1994\">\u00c9tudiante en 4\u1d49 ann\u00e9e \u00e0<br \/>\nl\u2019ESSEC Business School, elle pr\u00e9sente des liens familiaux \u00e9troits<br \/>\n<strong>avec Guillermo Del Toro.<\/strong> Le r\u00e9alisateur du<br \/>\nHobbit, de<br \/>\nLa Forme de l\u2019eau ou<br \/>\nencore des Cinq L\u00e9gendes<br \/>\nn\u2019est autre que le cousin direct de sa m\u00e8re. Comme on peut le lire<br \/>\ndans <a href=\"https:\/\/actu.fr\/ile-de-france\/le-chesnay-rocquencourt_78158\/etre-miss-cest-etre-un-exemple-qui-est-mareva-michel-miss-yvelines-2025_62685354.html\" target=\"_blank\" rel=\"nofollow noopener\">Actu.fr<\/a>, l\u2019\u00e9tudiante a des origines<br \/>\nmexicaines, gr\u00e2ce \u00e0 sa m\u00e8re, qui porte le m\u00eame nom de famille que<br \/>\nle c\u00e9l\u00e8bre r\u00e9alisateur.<\/p>\n<p>Miss<br \/>\nFrance 2026 : qui est Mareva Michel ?<\/p>\n<p data-start=\"2050\" data-end=\"2408\">Si Mareva a d\u00e9clar\u00e9 qu\u2019\u00eatre<br \/>\nactrice serait \u201cun r\u00eave\u201d, elle ne se dirige pour l\u2019instant<br \/>\npas vers une carri\u00e8re dans le cin\u00e9ma. Lorsqu\u2019on l\u2019interroge sur son<br \/>\nprojet professionnel, elle explique qu\u2019elle souhaiterait<br \/>\n\u201ctravailler en marketing dans le secteur de la cosm\u00e9tique ou de<br \/>\nla parfumerie, mais j\u2019ai aussi de l\u2019attrait pour le monde de<br \/>\nl\u2019entrepreneuriat\u201d.<\/p>\n<p data-start=\"2410\" data-end=\"2684\">Pour l\u2019instant, cette<br \/>\npassionn\u00e9e de sport va mettre ses \u00e9tudes entre parenth\u00e8ses, le<br \/>\ntemps de se pr\u00e9parer au concours Miss France 2026 et peut-\u00eatre<br \/>\n<strong>succ\u00e9der \u00e0 Ang\u00e9lique Angarni-Filopon<\/strong>. Elle partira<br \/>\nbient\u00f4t en voyage de pr\u00e9paration, avec <a href=\"https:\/\/www.telestar.fr\/actu_tv\/miss-france-2026-qui-sont-les-candidates-1728857\" target=\"_blank\" rel=\"noopener\"><br \/>\ntoutes les autres Miss r\u00e9gionales.<\/a><\/p>\n","protected":false},"excerpt":{"rendered":"EN BREF Mareva Michel, Miss \u00cele-de-France 2026, est de la m\u00eame famille qu\u00a0\u00bbun c\u00e9l\u00e8bre r\u00e9alisateur \u00c9tudiante \u00e0 l\u2019ESSEC,&hellip;\n","protected":false},"author":2,"featured_media":412231,"comment_status":"","ping_status":"","sticky":false,"template":"","format":"standard","meta":{"footnotes":""},"categories":[1359],"tags":[548,58,59,1011,27,3034,973],"class_list":{"0":"post-412230","1":"post","2":"type-post","3":"status-publish","4":"format-standard","5":"has-post-thumbnail","7":"category-people","8":"tag-article-simple","9":"tag-divertissement","10":"tag-entertainment","11":"tag-fr","12":"tag-france","13":"tag-miss-france","14":"tag-people"},"share_on_mastodon":{"url":"https:\/\/pubeurope.com\/@fr\/115254319005614785","error":""},"_links":{"self":[{"href":"https:\/\/www.europesays.com\/fr\/wp-json\/wp\/v2\/posts\/412230","targetHints":{"allow":["GET"]}}],"collection":[{"href":"https:\/\/www.europesays.com\/fr\/wp-json\/wp\/v2\/posts"}],"about":[{"href":"https:\/\/www.europesays.com\/fr\/wp-json\/wp\/v2\/types\/post"}],"author":[{"embeddable":true,"href":"https:\/\/www.europesays.com\/fr\/wp-json\/wp\/v2\/users\/2"}],"replies":[{"embeddable":true,"href":"https:\/\/www.europesays.com\/fr\/wp-json\/wp\/v2\/comments?post=412230"}],"version-history":[{"count":0,"href":"https:\/\/www.europesays.com\/fr\/wp-json\/wp\/v2\/posts\/412230\/revisions"}],"wp:featuredmedia":[{"embeddable":true,"href":"https:\/\/www.europesays.com\/fr\/wp-json\/wp\/v2\/media\/412231"}],"wp:attachment":[{"href":"https:\/\/www.europesays.com\/fr\/wp-json\/wp\/v2\/media?parent=412230"}],"wp:term":[{"taxonomy":"category","embeddable":true,"href":"https:\/\/www.europesays.com\/fr\/wp-json\/wp\/v2\/categories?post=412230"},{"taxonomy":"post_tag","embeddable":true,"href":"https:\/\/www.europesays.com\/fr\/wp-json\/wp\/v2\/tags?post=412230"}],"curies":[{"name":"wp","href":"https:\/\/api.w.org\/{rel}","templated":true}]}}