{"id":412280,"date":"2025-09-23T15:57:10","date_gmt":"2025-09-23T15:57:10","guid":{"rendered":"https:\/\/www.europesays.com\/fr\/412280\/"},"modified":"2025-09-23T15:57:10","modified_gmt":"2025-09-23T15:57:10","slug":"art-contemporain-un-appel-a-candidature-pour-le-prix-theophile-schuler-jusquau-2-octobre","status":"publish","type":"post","link":"https:\/\/www.europesays.com\/fr\/412280\/","title":{"rendered":"Art contemporain. Un appel \u00e0 candidature pour le Prix Th\u00e9ophile Schuler jusqu\u2019au 2\u00a0octobre"},"content":{"rendered":"<p>Il reste quelques jours pour r\u00e9pondre \u00e0 l\u2019appel \u00e0 candidature de la SAAMS (Soci\u00e9t\u00e9 des amis des arts et des mus\u00e9es de Strasbourg) pour son Prix Th\u00e9ophile Schuler par lequel elle encourage aussi\u00a0la jeune cr\u00e9ation. Dot\u00e9 de 3\u00a0000\u00a0\u20ac, le prix est\u00a0remis au salon d\u2019art contemporain ST-ART. Pour postuler il faut avoir moins de 35 ans et travailler en Alsace en dessin, gravure, peinture, sculpture ou photographie. Les dossiers papiers sont \u00e0 d\u00e9poser au\u00a0plus tard le jeudi 2\u00a0octobre \u00e0 la SAAMS, 20 rue des Serruriers \u00e0 Strasbourg.<\/p>\n<p>\u00c0 partir de d\u00e9but octobre\u00a02025, le jury pr\u00e9s\u00e9lectionne dix candidats. Ils d\u00e9poseront jusqu\u2019\u00e0 trois \u0153uvres, du 13\u00a0octobre au 3\u00a0novembre. Le 4\u00a0novembre 2025, le jury s\u00e9lectionne le laur\u00e9at qui sera expos\u00e9 \u00e0 <a href=\"https:\/\/www.dna.fr\/culture-loisirs\/2024\/11\/30\/regards-sur-la-foire-d-art-contemporain-st-art-a-strasbourg\" target=\"_blank\" rel=\"nofollow noopener\">ST-ART<\/a>.<\/p>\n<p class=\"note\">www.amisartsetmusees-strasbourg.fr<\/p>\n","protected":false},"excerpt":{"rendered":"Il reste quelques jours pour r\u00e9pondre \u00e0 l\u2019appel \u00e0 candidature de la SAAMS (Soci\u00e9t\u00e9 des amis des arts&hellip;\n","protected":false},"author":2,"featured_media":412281,"comment_status":"","ping_status":"","sticky":false,"template":"","format":"standard","meta":{"footnotes":""},"categories":[2820],"tags":[1111,11,2389,1687,2880,1777,674,2271,107,1011,27,775,12,25,640,2879],"class_list":{"0":"post-412280","1":"post","2":"type-post","3":"status-publish","4":"format-standard","5":"has-post-thumbnail","7":"category-strasbourg","8":"tag-actu","9":"tag-actualites","10":"tag-alsace","11":"tag-culture-loisirs","12":"tag-edition-strasbourg","13":"tag-eu","14":"tag-europe","15":"tag-exposition-arts-plastiques","16":"tag-fil-info","17":"tag-fr","18":"tag-france","19":"tag-grand-est","20":"tag-news","21":"tag-republique-francaise","22":"tag-strasbourg","23":"tag-strasbourg-ville"},"share_on_mastodon":{"url":"https:\/\/pubeurope.com\/@fr\/115254437177479290","error":""},"_links":{"self":[{"href":"https:\/\/www.europesays.com\/fr\/wp-json\/wp\/v2\/posts\/412280","targetHints":{"allow":["GET"]}}],"collection":[{"href":"https:\/\/www.europesays.com\/fr\/wp-json\/wp\/v2\/posts"}],"about":[{"href":"https:\/\/www.europesays.com\/fr\/wp-json\/wp\/v2\/types\/post"}],"author":[{"embeddable":true,"href":"https:\/\/www.europesays.com\/fr\/wp-json\/wp\/v2\/users\/2"}],"replies":[{"embeddable":true,"href":"https:\/\/www.europesays.com\/fr\/wp-json\/wp\/v2\/comments?post=412280"}],"version-history":[{"count":0,"href":"https:\/\/www.europesays.com\/fr\/wp-json\/wp\/v2\/posts\/412280\/revisions"}],"wp:featuredmedia":[{"embeddable":true,"href":"https:\/\/www.europesays.com\/fr\/wp-json\/wp\/v2\/media\/412281"}],"wp:attachment":[{"href":"https:\/\/www.europesays.com\/fr\/wp-json\/wp\/v2\/media?parent=412280"}],"wp:term":[{"taxonomy":"category","embeddable":true,"href":"https:\/\/www.europesays.com\/fr\/wp-json\/wp\/v2\/categories?post=412280"},{"taxonomy":"post_tag","embeddable":true,"href":"https:\/\/www.europesays.com\/fr\/wp-json\/wp\/v2\/tags?post=412280"}],"curies":[{"name":"wp","href":"https:\/\/api.w.org\/{rel}","templated":true}]}}