{"id":412298,"date":"2025-09-23T16:06:13","date_gmt":"2025-09-23T16:06:13","guid":{"rendered":"https:\/\/www.europesays.com\/fr\/412298\/"},"modified":"2025-09-23T16:06:13","modified_gmt":"2025-09-23T16:06:13","slug":"les-infos-rugby-quil-ne-fallait-pas-louper-ce-mardi","status":"publish","type":"post","link":"https:\/\/www.europesays.com\/fr\/412298\/","title":{"rendered":"Les infos rugby qu&rsquo;il ne fallait pas louper ce mardi"},"content":{"rendered":"<p>            Par<br \/>\n        <strong><br \/>\n            <a href=\"https:\/\/actu.fr\/auteur\/emilie-dudonfournier\" title=\"Consulter tous les articles de Emilie Dudon-Fournier\" target=\"_blank\" rel=\"noopener\">Emilie Dudon-Fournier<\/a><br \/>\n        <\/strong><\/p>\n<p>        Publi\u00e9 le<\/p>\n<p>            23 sept. 2025 \u00e0 17h55        <\/p>\n<p>Il se passe toujours quelque chose, quelque part, sur la plan\u00e8te rugby. Actu Rugby vous \u00e9vite de passer des heures \u00e0 scroller pour \u00eatre au parfum de tout ce qu\u2019il fallait savoir aujourd\u2019hui. Voici les 5 infos \u00e0 retenir en ce mardi 23\u00a0septembre.<\/p>\n<p>B\u00e9ziers\u2009: Fin de pr\u00e9sidence pour Andrew Mehrtens\u2009?<\/p>\n<p class=\" wall-content\"><strong>Andrew Mehrtens serait sur le point de quitter l\u2019<a href=\"https:\/\/actu.fr\/tag\/as-beziers-herault-rugby\" target=\"_blank\" rel=\"noopener\">ASBH.<\/a><\/strong> L\u2019ancien ouvreur all black, qui avait pris la copr\u00e9sidence du club aux c\u00f4t\u00e9s de Bob Skinstad en novembre 2024 apr\u00e8s le rachat du club par le fonds d\u2019investissement Strangford Capital, devrait laisser la pr\u00e9sidence \u00e0 ex-troisi\u00e8me ligne des Springboks, selon Rugbyrama. Ancien joueur et entra\u00eeneur du club biterrois, Andrew Mehrtens serait tr\u00e8s peu pr\u00e9sent dans l\u2019H\u00e9rault depuis plusieurs semaines.<\/p>\n<p>Dax\u2009: D\u00e9c\u00e8s de Jean-Louis B\u00e9rot<\/p>\n<p class=\" wall-content\"><strong>L\u2019ancien demi de m\u00eal\u00e9e ou ouvreur du XV de France Jean-Louis B\u00e9rot est d\u00e9c\u00e9d\u00e9<\/strong> ce mardi, \u00e0 l\u2019\u00e2ge de 78\u00a0ans. Le Dacquois aurait chut\u00e9 d\u2019une palombi\u00e8re selon les informations d\u2019Ici Gascogne. International \u00e0 21 reprises, il avait effectu\u00e9 la majeure partie de sa carri\u00e8re au Stade toulousain, de 1963 \u00e0 1974. Il avait fini sa carri\u00e8re \u00e0 <a href=\"https:\/\/actu.fr\/landes\/rugby\" target=\"_blank\" rel=\"noopener\">Dax<\/a> avant d\u2019en devenir entra\u00eeneur. L\u2019USD a annonc\u00e9 qu\u2019un hommage lui sera rendu lors de la r\u00e9ception de Vannes, le jeudi 2\u00a0octobre \u00e0 21\u00a0heures.<\/p>\n<p>Toulouse\u2009: 4 internationaux m\u00e9nag\u00e9s<\/p>\n<p class=\" wall-content\">Les internationaux tricolores<strong> Fran\u00e7ois Cros, Emmanuel Meafou, Julien Marchand et Anthony Jelonch<\/strong> sont m\u00e9nag\u00e9s, rapporte Rugbyrama. Victimes de \u00ab\u2009coups\u2009\u00bb lors de la d\u00e9faite \u00e0 Montpellier (44-14), ils s\u2019entra\u00eenent \u00e0 part en ce d\u00e9but de semaine, le staff du <a href=\"https:\/\/actu.fr\/toulouse\/rugby\" target=\"_blank\" rel=\"noopener\">Stade toulousain<\/a> ne souhaitant prendre aucun risque avant la r\u00e9ception de Castres, samedi \u00e0 21h05.<\/p>\n<p>Coupe du monde f\u00e9minine\u2009: D\u00e9j\u00e0 440\u2009000 billets vendus<\/p>\n<p class=\" wall-content\">La comp\u00e9tition n\u2019est pas tout \u00e0 fait termin\u00e9e que l\u2019objectif de vente de billets a d\u00e9j\u00e0 \u00e9t\u00e9 explos\u00e9 de 100\u2009000 unit\u00e9s\u2009:<strong> 440\u2009000 des 480\u2009000 tickets disponibles pour la<a href=\"https:\/\/actu.fr\/rugby\/coupe-du-monde\" target=\"_blank\" rel=\"noopener\"> Coupe du monde<\/a> f\u00e9minine 2025 ont d\u00e9j\u00e0 trouv\u00e9 preneur.<\/strong> Un record historique, alors que Twickenham est comble depuis plusieurs semaines en vue de la finale Angleterre\/Canada samedi \u00e0 16h30. \u00ab\u2009Nous allons battre un record mondial d\u2019affluence, avec plus de 80\u2009000\u00a0spectateurs pour un match de rugby f\u00e9minin. C\u2019est plus que les JO de Paris 2024, plus que n\u2019importe quel match du Tournoi des Six Nations f\u00e9minin, et le double de l\u2019affluence de l\u2019Eden Park lors de la derni\u00e8re Coupe du Monde\u2009\u00bb, s\u2019est f\u00e9licit\u00e9 Sarah Massey, directrice g\u00e9n\u00e9rale de ce Mondial.<\/p>\n<p>Votre r\u00e9gion, votre actu !<\/p>\n<p>Recevez chaque jour les infos qui comptent pour vous.<\/p>\n<p>\t<a href=\"https:\/\/actu.fr\/newsletter\" class=\"ac-btn ac-btn--corner ac-btn--medium ac-btn--blue800\" target=\"_blank\" rel=\"noopener\">S&rsquo;incrire<\/a><br \/>\nLes meurtriers pr\u00e9sum\u00e9s de Martin Aramburu seront bien jug\u00e9s pour assassinat<\/p>\n<p class=\" wall-content\">Ce mardi, <strong>la cour d\u2019appel de Paris a d\u00e9finitivement ordonn\u00e9 le renvoi aux assises pour assassinat du militant d\u2019ultradroite Lo\u00efk Le Priol<\/strong>, accus\u00e9 d\u2019avoir tu\u00e9 par balles l\u2019ancien joueur des Pumas et de <a href=\"https:\/\/actu.fr\/tag\/biarritz-olympique\" target=\"_blank\" rel=\"noopener\">Biarritz<\/a> Federico Martin Aramburu en mars\u00a02022 \u00e0 Paris. Un autre militant d\u2019ultradroite, Romain Bouvier, sera jug\u00e9 pour tentative d\u2019assassinat et Lyson R., compagne de Lo\u00efk Le Priol pr\u00e9sente lors des faits, pour complicit\u00e9 de tentative d\u2019assassinat.\u00a0La cour d\u2019appel s\u2019\u00e9tait d\u00e9j\u00e0 prononc\u00e9e en f\u00e9vrier mais a d\u00fb revoir sa copie mardi, la Cour de cassation ayant relev\u00e9 en juin des \u00ab\u2009contradictions\u2009\u00bb dans son arr\u00eat.<\/p>\n<p class=\" wall-content\">Personnalisez votre actualit\u00e9 en ajoutant vos villes et m\u00e9dias en favori avec <a href=\"https:\/\/moncompte.actu.fr\" title=\"D\u00e9couvez Mon Actu\" rel=\"nofollow noopener\" data-trk=\"{&quot;cta&quot;:{&quot;action&quot;:&quot;https:\\\/\\\/moncompte.actu.fr&quot;,&quot;category&quot;:&quot;mon compte&quot;,&quot;from&quot;:&quot;article footer&quot;,&quot;name&quot;:&quot;Mon actu&quot;,&quot;type&quot;:&quot;cta&quot;}}\" target=\"_blank\">Mon Actu<\/a>.<\/p>\n","protected":false},"excerpt":{"rendered":"Par Emilie Dudon-Fournier Publi\u00e9 le 23 sept. 2025 \u00e0 17h55 Il se passe toujours quelque chose, quelque part,&hellip;\n","protected":false},"author":2,"featured_media":412299,"comment_status":"","ping_status":"","sticky":false,"template":"","format":"standard","meta":{"footnotes":""},"categories":[2816],"tags":[1111,11,49731,18318,451,1777,674,1011,27,12,2680,2308,25,479,60,478,2312],"class_list":{"0":"post-412298","1":"post","2":"type-post","3":"status-publish","4":"format-standard","5":"has-post-thumbnail","7":"category-toulouse","8":"tag-actu","9":"tag-actualites","10":"tag-as-beziers-herault-rugby","11":"tag-biarritz-olympique","12":"tag-coupe-du-monde","13":"tag-eu","14":"tag-europe","15":"tag-fr","16":"tag-france","17":"tag-news","18":"tag-occitanie","19":"tag-pro-d2","20":"tag-republique-francaise","21":"tag-rugby","22":"tag-sports","23":"tag-top-14","24":"tag-toulouse"},"share_on_mastodon":{"url":"https:\/\/pubeurope.com\/@fr\/115254472642353133","error":""},"_links":{"self":[{"href":"https:\/\/www.europesays.com\/fr\/wp-json\/wp\/v2\/posts\/412298","targetHints":{"allow":["GET"]}}],"collection":[{"href":"https:\/\/www.europesays.com\/fr\/wp-json\/wp\/v2\/posts"}],"about":[{"href":"https:\/\/www.europesays.com\/fr\/wp-json\/wp\/v2\/types\/post"}],"author":[{"embeddable":true,"href":"https:\/\/www.europesays.com\/fr\/wp-json\/wp\/v2\/users\/2"}],"replies":[{"embeddable":true,"href":"https:\/\/www.europesays.com\/fr\/wp-json\/wp\/v2\/comments?post=412298"}],"version-history":[{"count":0,"href":"https:\/\/www.europesays.com\/fr\/wp-json\/wp\/v2\/posts\/412298\/revisions"}],"wp:featuredmedia":[{"embeddable":true,"href":"https:\/\/www.europesays.com\/fr\/wp-json\/wp\/v2\/media\/412299"}],"wp:attachment":[{"href":"https:\/\/www.europesays.com\/fr\/wp-json\/wp\/v2\/media?parent=412298"}],"wp:term":[{"taxonomy":"category","embeddable":true,"href":"https:\/\/www.europesays.com\/fr\/wp-json\/wp\/v2\/categories?post=412298"},{"taxonomy":"post_tag","embeddable":true,"href":"https:\/\/www.europesays.com\/fr\/wp-json\/wp\/v2\/tags?post=412298"}],"curies":[{"name":"wp","href":"https:\/\/api.w.org\/{rel}","templated":true}]}}