{"id":412310,"date":"2025-09-23T16:12:22","date_gmt":"2025-09-23T16:12:22","guid":{"rendered":"https:\/\/www.europesays.com\/fr\/412310\/"},"modified":"2025-09-23T16:12:22","modified_gmt":"2025-09-23T16:12:22","slug":"la-ville-a-ete-saccagee","status":"publish","type":"post","link":"https:\/\/www.europesays.com\/fr\/412310\/","title":{"rendered":"La ville a \u00e9t\u00e9 saccag\u00e9e"},"content":{"rendered":"<p>            Par<br \/>\n        <strong><br \/>\n            <a href=\"https:\/\/actu.fr\/auteur\/redaction-lyon\" title=\"Consulter tous les articles de R\u00e9daction Lyon\" target=\"_blank\" rel=\"noopener\">R\u00e9daction Lyon<\/a><br \/>\n        <\/strong><\/p>\n<p>        Publi\u00e9 le<\/p>\n<p>            23 sept. 2025 \u00e0 17h39        <\/p>\n<p>La campagne des municipales s\u2019amorce \u00e0 <a href=\"https:\/\/actu.fr\/auvergne-rhone-alpes\/lyon_69123\" target=\"_blank\" rel=\"noopener\">Lyon<\/a> en cette <strong>rentr\u00e9e 2025<\/strong>. Alors que Jean-Michel Aulas, soutenu par Les R\u00e9publicains et Renaissance, est entr\u00e9 dans l\u2019ar\u00e8ne <a href=\"https:\/\/actu.fr\/auvergne-rhone-alpes\/lyon_69123\/municipales-a-lyon-jean-michel-aulas-lance-sa-campagne-sur-ce-marche-venez-nous-delivrer_63201499.html\" target=\"_blank\" rel=\"noopener\">en faisant son premier march\u00e9<\/a> ce mardi 23 septembre, d\u2019autres concurrents se lancent dans la bataille pour tenter de d\u00e9tr\u00f4ner le maire \u00e9cologiste Gr\u00e9gory Doucet. C\u2019est le cas d\u2019<a href=\"https:\/\/actu.fr\/auvergne-rhone-alpes\/lyon_69123\/alexandre-dupalais-candidat-soutenu-par-marine-le-pen-veut-la-fin-de-l-autoroute-a-lyon_62878127.html\" target=\"_blank\" rel=\"noopener\">Alexandre Dupalais<\/a>, candidat de l\u2019Union des droites.<\/p>\n<p class=\" wall-content\"><strong>Soutenu par le Rassemblement national<\/strong>, il a d\u00e9marr\u00e9 sa campagne samedi 20 septembre, rue de la R\u00e9publique, \u00ab\u00a0devant 200 Lyonnais\u00a0\u00bb.<\/p>\n<p>Le RN montre son soutien \u00e0 Alexandre Dupalais<\/p>\n<p class=\" wall-content\">Ce lancement a permis de d\u00e9voiler son clip de campagne ainsi que l\u2019affiche. C\u2019\u00e9tait aussi l\u2019occasion pour ses soutiens de prendre la parole. Pour Jonathan G\u00e9ry, d\u00e9put\u00e9 RN de la 8e circonscription du Rh\u00f4ne : \u00ab Alexandre Dupalais mettra <strong>un terme \u00e0 la folie des Verts<\/strong> qui a enferm\u00e9 Lyon sur elle-m\u00eame. La ville redeviendra ouverte, ambitieuse et moteur pour tout le Rh\u00f4ne et notre belle r\u00e9gion. \u00bb<\/p>\n<p class=\" wall-content\">Une autre \u00e9lue du parti de Marine Le Pen \u00e9tait pr\u00e9sente ce soir-l\u00e0. Tiffany Joncour, d\u00e9put\u00e9e de la 13e circonscription du Rh\u00f4ne et d\u00e9l\u00e9gu\u00e9e d\u00e9partementale du Rassemblement national, a \u00e9galement pris la parole. \u00ab En 2026, qui pourra s\u00e9rieusement relever Lyon ?\u00a0<br \/>Certainement pas <a href=\"https:\/\/actu.fr\/auvergne-rhone-alpes\/lyon_69123\/lyon-gregory-doucet-hisse-le-drapeau-de-la-palestine-a-la-mairie-les-critiques-fusent_63197073.html\" target=\"_blank\" rel=\"noopener\">Gr\u00e9gory Doucet<\/a>, qui fait vivre un enfer aux Lyonnais depuis son \u00e9lection, ni le macroniste <a href=\"https:\/\/actu.fr\/auvergne-rhone-alpes\/lyon_69123\/municipales-2026-a-lyon-gabriel-attal-apporte-son-soutien-a-jean-michel-aulas_63199877.html\" target=\"_blank\" rel=\"noopener\">Jean-Michel Aulas<\/a>. Il ne reste donc qu\u2019un seul choix : Alexandre\u00a0Dupalais.\u00a0\u00bb<\/p>\n<p>\u00ab\u00a0Une ville au bord du gouffre, ab\u00eem\u00e9e par la gauche\u00a0\u00bb<\/p>\n<p class=\" wall-content\">Laurent Jacobelli, d\u00e9put\u00e9 de la Moselle et porte-parole du Rassemblement national, invit\u00e9 d\u2019honneur, a ensuite pris la parole, d\u00e9clarant : \u00ab Je suis venu ce soir soutenir Alexandre Dupalais. Je dois vous l\u2019avouer : <strong>je n\u2019ai pas reconnu Lyon \u00e0 mon arriv\u00e9e.<\/strong> Comme toutes les villes g\u00e9r\u00e9es par les Verts, elle a \u00e9t\u00e9 saccag\u00e9e. En mars 2026, la solution, c\u2019est lui ! \u00bb<\/p>\n<p class=\" wall-content\">Alexandre Dupalais a, lui, rappel\u00e9 son ancrage lyonnais. Il a d\u00e9voil\u00e9 son slogan :\u00a0 \u00ab Retrouver Lyon \u00bb. Il a d\u00e9peint une ville \u00ab au bord du gouffre si ab\u00eem\u00e9e par la gauche socialiste puis \u00e9colo-LFI et d\u00e9sormais \u00e0 la crois\u00e9e des chemins \u00bb.\u00a0<\/p>\n<p class=\" wall-content\">Le candidat a notamment abord\u00e9 les grands axes de son programme pour Lyon : s\u00e9curit\u00e9, cadre de vie et inclusion, rayonnement \u00e9conomique et culturel.<\/p>\n<p class=\" wall-content\">Personnalisez votre actualit\u00e9 en ajoutant vos villes et m\u00e9dias en favori avec <a href=\"https:\/\/moncompte.actu.fr\" title=\"D\u00e9couvez Mon Actu\" rel=\"nofollow noopener\" data-trk=\"{&quot;cta&quot;:{&quot;action&quot;:&quot;https:\\\/\\\/moncompte.actu.fr&quot;,&quot;category&quot;:&quot;mon compte&quot;,&quot;from&quot;:&quot;article footer&quot;,&quot;name&quot;:&quot;Mon actu&quot;,&quot;type&quot;:&quot;cta&quot;}}\" target=\"_blank\">Mon Actu<\/a>.<\/p>\n","protected":false},"excerpt":{"rendered":"Par R\u00e9daction Lyon Publi\u00e9 le 23 sept. 2025 \u00e0 17h39 La campagne des municipales s\u2019amorce \u00e0 Lyon en&hellip;\n","protected":false},"author":2,"featured_media":412311,"comment_status":"","ping_status":"","sticky":false,"template":"","format":"standard","meta":{"footnotes":""},"categories":[1889],"tags":[1111,11,2430,4188,1777,674,1011,27,5226,5227,2428,3434,12,316,25],"class_list":{"0":"post-412310","1":"post","2":"type-post","3":"status-publish","4":"format-standard","5":"has-post-thumbnail","7":"category-lyon","8":"tag-actu","9":"tag-actualites","10":"tag-auvergne-rhone-alpes","11":"tag-elections-municipales","12":"tag-eu","13":"tag-europe","14":"tag-fr","15":"tag-france","16":"tag-gregory-doucet","17":"tag-jean-michel-aulas","18":"tag-lyon","19":"tag-municipales-2026","20":"tag-news","21":"tag-politique","22":"tag-republique-francaise"},"share_on_mastodon":{"url":"https:\/\/pubeurope.com\/@fr\/115254496077797954","error":""},"_links":{"self":[{"href":"https:\/\/www.europesays.com\/fr\/wp-json\/wp\/v2\/posts\/412310","targetHints":{"allow":["GET"]}}],"collection":[{"href":"https:\/\/www.europesays.com\/fr\/wp-json\/wp\/v2\/posts"}],"about":[{"href":"https:\/\/www.europesays.com\/fr\/wp-json\/wp\/v2\/types\/post"}],"author":[{"embeddable":true,"href":"https:\/\/www.europesays.com\/fr\/wp-json\/wp\/v2\/users\/2"}],"replies":[{"embeddable":true,"href":"https:\/\/www.europesays.com\/fr\/wp-json\/wp\/v2\/comments?post=412310"}],"version-history":[{"count":0,"href":"https:\/\/www.europesays.com\/fr\/wp-json\/wp\/v2\/posts\/412310\/revisions"}],"wp:featuredmedia":[{"embeddable":true,"href":"https:\/\/www.europesays.com\/fr\/wp-json\/wp\/v2\/media\/412311"}],"wp:attachment":[{"href":"https:\/\/www.europesays.com\/fr\/wp-json\/wp\/v2\/media?parent=412310"}],"wp:term":[{"taxonomy":"category","embeddable":true,"href":"https:\/\/www.europesays.com\/fr\/wp-json\/wp\/v2\/categories?post=412310"},{"taxonomy":"post_tag","embeddable":true,"href":"https:\/\/www.europesays.com\/fr\/wp-json\/wp\/v2\/tags?post=412310"}],"curies":[{"name":"wp","href":"https:\/\/api.w.org\/{rel}","templated":true}]}}