{"id":412312,"date":"2025-09-23T16:13:11","date_gmt":"2025-09-23T16:13:11","guid":{"rendered":"https:\/\/www.europesays.com\/fr\/412312\/"},"modified":"2025-09-23T16:13:11","modified_gmt":"2025-09-23T16:13:11","slug":"grand-paris-ile-de-france-le-plan-durgence-en-faveur-des-lycees-garde-le-rythme","status":"publish","type":"post","link":"https:\/\/www.europesays.com\/fr\/412312\/","title":{"rendered":"Grand Paris &#8211; Ile-de-France : le plan d\u2019urgence en faveur des lyc\u00e9es garde le rythme"},"content":{"rendered":"<p class=\"c-paragraph\">Le 28 ao\u00fbt, Val\u00e9rie P\u00e9cresse a tenu sa traditionnelle conf\u00e9rence de presse consacr\u00e9e aux lyc\u00e9es. La pr\u00e9sidente de la r\u00e9gion Ile-de-France a ainsi annonc\u00e9 la mise en service de 1 000 places suppl\u00e9mentaires \u00e0 travers l\u2019extension de deux \u00e9tablissements : l\u2019un \u00e0 Draveil, en Essonne (600 places pour 32 M\u20ac TTC de travaux, architecte : Ropa &amp; Associ\u00e9s) et l\u2019autre \u00e0 Bois-Colombes, dans les Hauts-de-Seine (400 places pour 62 M\u20ac TTC de travaux, architecte : Fabienne G\u00e9rin-Jean). Cette rentr\u00e9e scolaire se caract\u00e9rise aussi par le coup d\u2019envoi de la construction de deux nouveaux lyc\u00e9es, d\u2019une capacit\u00e9 de 1 000 places chacun, situ\u00e9s en Seine-et-Marne, l\u2019un \u00e0 Mont\u00e9vrain, l\u2019autre \u00e0 Villeparisis. Ma\u00eetre d\u2019ouvrage d\u00e9l\u00e9gu\u00e9, Ile-de-France Construction durable a opt\u00e9 pour des march\u00e9s globaux de performance, attribuant le premier \u00e0 Bouygues B\u00e2timent Ile-de-France et AIA Life Designers pour 41 M\u20ac HT et le second \u00e0 Nord France Constructions, filiale de Fayat B\u00e2timent, associ\u00e9e \u00e0 DVVD pour 43 M\u20ac HT. Les livraisons sont pr\u00e9vues en septembre 2027.<\/p>\n<p>Chapelle et th\u00e9\u00e2tre.<\/p>\n<p class=\"c-paragraph\">S\u2019agissant des r\u00e9novations globales, la r\u00e9gion livre en ce mois de septembre celle de la cit\u00e9 mixte r\u00e9gionale (CMR) Paul-Val\u00e9ry \u00e0 Paris, dans le XIIe arrondissement (architecte : agence Engasser) pour 83,3 M\u20ac de travaux et, toujours dans la capitale, elle lance le chantier de r\u00e9habilitation d\u2019une autre cit\u00e9 scolaire : Jacques-Decour, dans le IXe arrondissement, pilot\u00e9 par Ile-de-France Construction durable et sous ma\u00eetrise d\u2019\u0153uvre d\u2019AIA Life Designers et de Lagneau Architectes. Attendue depuis longtemps, la r\u00e9novation de ce b\u00e2timent de 15 000 m2 , construit \u00e0 la fin du XIXe si\u00e8cle, comprend la reprise compl\u00e8te des fa\u00e7ades et des toitures, le r\u00e9am\u00e9nagement des espaces int\u00e9rieurs, la mise en valeur des \u00e9l\u00e9ments patrimoniaux, la v\u00e9g\u00e9talisation des espaces ext\u00e9rieurs\u2026 Les travaux d\u00e9butent par la r\u00e9novation de la chapelle et du th\u00e9\u00e2tre, puis se poursuivront en d\u00e9cembre par la restauration de la fa\u00e7ade est. Le chantier \u00e0 l\u2019int\u00e9rieur des locaux, men\u00e9 en site occup\u00e9, devrait d\u00e9marrer fin 2026-d\u00e9but 2027 (lancement des appels d\u2019offres au printemps prochain) pour s\u2019achever en septembre 2032. Le budget (hors chapelle et th\u00e9\u00e2tre) s\u2019\u00e9tablit \u00e0 120 M\u20ac (84 M\u20ac financ\u00e9s par la r\u00e9gion et 36 M\u20ac par la Ville de Paris).<\/p>\n<p class=\"c-paragraph\">Ces diff\u00e9rentes op\u00e9rations s\u2019inscrivent dans le plan d\u2019urgence en faveur des lyc\u00e9es lanc\u00e9 en 2017 et dot\u00e9 de 6,6 Mds \u20ac sur dix ans. Selon Val\u00e9rie P\u00e9cresse, 15 000 places nouvelles auront \u00e9t\u00e9 livr\u00e9es d\u2019ici la fin de l\u2019ann\u00e9e, 14 000 sont en phase d\u2019\u00e9tudes ou de travaux et il en reste 1 000 \u00e0 lancer pour atteindre l\u2019objectif des 30 000 cr\u00e9\u00e9es \u00e0 l\u2019horizon 2028. Parall\u00e8lement, la collectivit\u00e9 a engag\u00e9 la r\u00e9novation de 200 \u00e9tablissements (r\u00e9novations globales ou plus partielles : isolation thermique, modernisation des installations de chauffage, ventilation\u2026). A ce jour, 145 ont d\u00e9j\u00e0 \u00e9t\u00e9 r\u00e9habilit\u00e9s et 42 sont en phase d\u2019\u00e9tudes ou de chantier.<\/p>\n","protected":false},"excerpt":{"rendered":"Le 28 ao\u00fbt, Val\u00e9rie P\u00e9cresse a tenu sa traditionnelle conf\u00e9rence de presse consacr\u00e9e aux lyc\u00e9es. La pr\u00e9sidente de&hellip;\n","protected":false},"author":2,"featured_media":412313,"comment_status":"","ping_status":"","sticky":false,"template":"","format":"standard","meta":{"footnotes":""},"categories":[1592],"tags":[1111,11,1350,54323,7331,28516,1777,674,1011,27,662,50101,50100,12,626,53164,4916,12227,25],"class_list":{"0":"post-412312","1":"post","2":"type-post","3":"status-publish","4":"format-standard","5":"has-post-thumbnail","7":"category-ile-de-france","8":"tag-actu","9":"tag-actualites","10":"tag-architecture","11":"tag-batiment-denseignement","12":"tag-collectivites-locales","13":"tag-espaces-publics","14":"tag-eu","15":"tag-europe","16":"tag-fr","17":"tag-france","18":"tag-ile-de-france","19":"tag-magazines-le-moniteur","20":"tag-mes-magazines","21":"tag-news","22":"tag-paris","23":"tag-politique-et-institutions","24":"tag-projets","25":"tag-region-ile-de-france","26":"tag-republique-francaise"},"share_on_mastodon":{"url":"https:\/\/pubeurope.com\/@fr\/115254500057345831","error":""},"_links":{"self":[{"href":"https:\/\/www.europesays.com\/fr\/wp-json\/wp\/v2\/posts\/412312","targetHints":{"allow":["GET"]}}],"collection":[{"href":"https:\/\/www.europesays.com\/fr\/wp-json\/wp\/v2\/posts"}],"about":[{"href":"https:\/\/www.europesays.com\/fr\/wp-json\/wp\/v2\/types\/post"}],"author":[{"embeddable":true,"href":"https:\/\/www.europesays.com\/fr\/wp-json\/wp\/v2\/users\/2"}],"replies":[{"embeddable":true,"href":"https:\/\/www.europesays.com\/fr\/wp-json\/wp\/v2\/comments?post=412312"}],"version-history":[{"count":0,"href":"https:\/\/www.europesays.com\/fr\/wp-json\/wp\/v2\/posts\/412312\/revisions"}],"wp:featuredmedia":[{"embeddable":true,"href":"https:\/\/www.europesays.com\/fr\/wp-json\/wp\/v2\/media\/412313"}],"wp:attachment":[{"href":"https:\/\/www.europesays.com\/fr\/wp-json\/wp\/v2\/media?parent=412312"}],"wp:term":[{"taxonomy":"category","embeddable":true,"href":"https:\/\/www.europesays.com\/fr\/wp-json\/wp\/v2\/categories?post=412312"},{"taxonomy":"post_tag","embeddable":true,"href":"https:\/\/www.europesays.com\/fr\/wp-json\/wp\/v2\/tags?post=412312"}],"curies":[{"name":"wp","href":"https:\/\/api.w.org\/{rel}","templated":true}]}}