{"id":412335,"date":"2025-09-23T16:25:13","date_gmt":"2025-09-23T16:25:13","guid":{"rendered":"https:\/\/www.europesays.com\/fr\/412335\/"},"modified":"2025-09-23T16:25:13","modified_gmt":"2025-09-23T16:25:13","slug":"accord-ue-mercosur-hausse-des-droits-de-douane-reduction-possible-du-budget-de-la-pac-vers-une-nouvelle-gronde-des-agriculteurs","status":"publish","type":"post","link":"https:\/\/www.europesays.com\/fr\/412335\/","title":{"rendered":"Accord UE-Mercosur, hausse des droits de douane, r\u00e9duction possible du budget de la PAC&#8230; Vers une nouvelle gronde des agriculteurs ?"},"content":{"rendered":"<p class=\"RichTextContent PUF-entity-description\"><strong>ARTICLE.<\/strong> Les derniers mois poussent les agriculteurs \u00e0 organiser la riposte. Le Copa, repr\u00e9sentant les agriculteurs et les coop\u00e9ratives, et la Cogeca, influent lobby agricole au sein de l\u2019UE, doivent se r\u00e9unir pour apporter une r\u00e9ponse, ce qui pourrait pousser les agriculteurs \u00e0 battre une nouvelle fois le pav\u00e9.<\/p>\n<p><img alt=\"agriculteurs-union-europeenne-mercosur-droits-de-douane\"   src=\"https:\/\/www.europesays.com\/fr\/wp-content\/uploads\/2025\/09\/agriculteurs-parlement-europeen_1.jpeg\" decoding=\"async\" data-nimg=\"fill\" style=\"position:absolute;height:100%;width:100%;left:0;top:0;right:0;bottom:0;object-fit:contain;color:transparent;background-size:contain;background-position:50% 50%;background-repeat:no-repeat;background-image:url(&quot;data:image\/svg+xml;charset=utf-8,%3Csvg xmlns='http%3A\/\/www.w3.org\/2000\/svg'%3E%3Cimage style='filter:blur(20px)' x='0' y='0' height='100%25' width='100%25' href='data:image\/jpeg;base64,\/9j\/4AAQSkZJRgABAQAAAQABAAD\/2wCEAAEBAQEBAQEBAQEBAQEBAQEBAQEBAQEBAQEBAQEBAQEBAQEBAQEBAQEBAQEBAQEBAQEBAQEBAQEBAQEBAQEBAQEBAQEBAQEBAQEBAQEBAQEBAQEBAQEBAQEBAQEBAQEBAQEBAQEBAQEBAQEBAQEBAQEBAQEBAQEBAQEBAQEBAQEBAf\/AABEIAAUACgMBEQACEQEDEQH\/xAGiAAABBQEBAQEBAQAAAAAAAAAAAQIDBAUGBwgJCgsQAAIBAwMCBAMFBQQEAAABfQECAwAEEQUSITFBBhNRYQcicRQygZGhCCNCscEVUtHwJDNicoIJChYXGBkaJSYnKCkqNDU2Nzg5OkNERUZHSElKU1RVVldYWVpjZGVmZ2hpanN0dXZ3eHl6g4SFhoeIiYqSk5SVlpeYmZqio6Slpqeoqaqys7S1tre4ubrCw8TFxsfIycrS09TV1tfY2drh4uPk5ebn6Onq8fLz9PX29\/j5+gEAAwEBAQEBAQEBAQAAAAAAAAECAwQFBgcICQoLEQACAQIEBAMEBwUEBAABAncAAQIDEQQFITEGEkFRB2FxEyIygQgUQpGhscEJIzNS8BVictEKFiQ04SXxFxgZGiYnKCkqNTY3ODk6Q0RFRkdISUpTVFVWV1hZWmNkZWZnaGlqc3R1dnd4eXqCg4SFhoeIiYqSk5SVlpeYmZqio6Slpqeoqaqys7S1tre4ubrCw8TFxsfIycrS09TV1tfY2dri4+Tl5ufo6ery8\/T19vf4+fr\/2gAMAwEAAhEDEQA\/AMb4B\/8ABVn9vb9o\/wCCN9rfxg+OAvNA\/wCEC8G2J0HwH4R0D4d3stt468ZQ\/DvV1u9V0iC60u\/zocr3PkXvhmewbVhHcCxjtPPsLjyOO83xuRcFcRZ3lFPAU81weT5zj8FUzHC1cwwkcVl+AqYjDrFYWOKwlTEYaeInB4ilQxeDrVKFP2NLE0Jzdc7ssy+jjMywtLEVcUqEqlBVIYarHDzca1T3\/Z1FSmoSVODVNyhVjGpN1JQmlGmv52PHn7VPxBtvHPjO3h1fxOYbfxX4ihiMuuaL5pji1e8jQyfZfB9pbeYVUb\/s9rbQbs+Vbwx7Y1+Uyuvi8XlmXYrFUMilicTgcJiMRKhkzpUZV62Hp1Kro0p46vOlSdSUnTpzr1pwhaMqtRpzeeJnm1HE4ilhs6x1PD0q9WnQp1KuIq1KdGFSUaUKlVYmkqs4wUYyqKnTU5JyUIX5V\/\/Z'\/%3E%3C\/svg%3E&quot;)\"\/>Des agriculteurs fran\u00e7ais devant le Parlement europ\u00e9en pour protester contre l\u2019accord UE-Mercosur, le 22 janvier dernier.\u00a9ANTONIN UTZ\/SIPA <\/p>\n<p>Les agriculteurs h\u00e9sitent \u00e0 ressortir les tracteurs. Entre l\u2019augmentation des droits de douane, le lancement du processus de ratification de l\u2019accord UE-Mercosur et la proposition de la Commission europ\u00e9enne de r\u00e9duire de 30% le budget de la Politique agricole commune&#8230;<\/p>\n","protected":false},"excerpt":{"rendered":"ARTICLE. Les derniers mois poussent les agriculteurs \u00e0 organiser la riposte. Le Copa, repr\u00e9sentant les agriculteurs et les&hellip;\n","protected":false},"author":2,"featured_media":412336,"comment_status":"","ping_status":"","sticky":false,"template":"","format":"standard","meta":{"footnotes":""},"categories":[1586],"tags":[11,2572,327,1777,674,1779,1011,27,14,12,25,1778,364],"class_list":{"0":"post-412335","1":"post","2":"type-post","3":"status-publish","4":"format-standard","5":"has-post-thumbnail","7":"category-europe","8":"tag-actualites","9":"tag-agriculteurs","10":"tag-agriculture","11":"tag-eu","12":"tag-europe","13":"tag-european-union","14":"tag-fr","15":"tag-france","16":"tag-international","17":"tag-news","18":"tag-republique-francaise","19":"tag-ue","20":"tag-union-europeenne"},"share_on_mastodon":{"url":"https:\/\/pubeurope.com\/@fr\/115254547770140442","error":""},"_links":{"self":[{"href":"https:\/\/www.europesays.com\/fr\/wp-json\/wp\/v2\/posts\/412335","targetHints":{"allow":["GET"]}}],"collection":[{"href":"https:\/\/www.europesays.com\/fr\/wp-json\/wp\/v2\/posts"}],"about":[{"href":"https:\/\/www.europesays.com\/fr\/wp-json\/wp\/v2\/types\/post"}],"author":[{"embeddable":true,"href":"https:\/\/www.europesays.com\/fr\/wp-json\/wp\/v2\/users\/2"}],"replies":[{"embeddable":true,"href":"https:\/\/www.europesays.com\/fr\/wp-json\/wp\/v2\/comments?post=412335"}],"version-history":[{"count":0,"href":"https:\/\/www.europesays.com\/fr\/wp-json\/wp\/v2\/posts\/412335\/revisions"}],"wp:featuredmedia":[{"embeddable":true,"href":"https:\/\/www.europesays.com\/fr\/wp-json\/wp\/v2\/media\/412336"}],"wp:attachment":[{"href":"https:\/\/www.europesays.com\/fr\/wp-json\/wp\/v2\/media?parent=412335"}],"wp:term":[{"taxonomy":"category","embeddable":true,"href":"https:\/\/www.europesays.com\/fr\/wp-json\/wp\/v2\/categories?post=412335"},{"taxonomy":"post_tag","embeddable":true,"href":"https:\/\/www.europesays.com\/fr\/wp-json\/wp\/v2\/tags?post=412335"}],"curies":[{"name":"wp","href":"https:\/\/api.w.org\/{rel}","templated":true}]}}