{"id":412344,"date":"2025-09-23T16:30:12","date_gmt":"2025-09-23T16:30:12","guid":{"rendered":"https:\/\/www.europesays.com\/fr\/412344\/"},"modified":"2025-09-23T16:30:12","modified_gmt":"2025-09-23T16:30:12","slug":"la-republique-tcheque-et-liran-se-retrouveront-en-quarts-de-finale-du-mondial-de-volley-lequipe","status":"publish","type":"post","link":"https:\/\/www.europesays.com\/fr\/412344\/","title":{"rendered":"La R\u00e9publique tch\u00e8que et l&#039;Iran se retrouveront en quarts de finale du Mondial de volley &#8211; L&#039;\u00c9quipe"},"content":{"rendered":"<ol>\n<li><a href=\"https:\/\/news.google.com\/rss\/articles\/CBMizAFBVV95cUxOa2dRZGlTcFZna3kyOEtDZmFLQnpoRUtZQ2E2bnN0dGRiSjJjSko1aHJ0bzM3c3FhMklSU1JJekFhNzhmaS1MdUVSVWJMQk5Vb0dVcExnMnZvSm5Sd0hPb195X1dvV0RYRHM5VEI4X1RIMzBYM3FWSE5JdXZvbk9qOEZJaENTWXczV3lQVm1hMlJKRjMyUVFxaXp2LUJkSXJELVhKZXBodFBHYW5JQjdyOEQ1bFdZWE5Calp3VTZEZVBzcVFHRzZvVmVoTlQ?oc=5\" target=\"_blank\" rel=\"nofollow noopener\">La R\u00e9publique tch\u00e8que et l&rsquo;Iran se retrouveront en quarts de finale du Mondial de volley<\/a>&nbsp;&nbsp;L&rsquo;\u00c9quipe<\/li>\n<li><a href=\"https:\/\/news.google.com\/rss\/articles\/CBMirgFBVV95cUxORUpGOV8tb25aam9JS0VBem1MclZnZi0zT09Lb0JUbVVwWS00ZzBHMi1kY2QteXphVGhSSVhqTGhYYTB4VVhKa1VKNzFZY09nb1l0X2lNNXFsTjMzNmFGRGhwcWdmNEpVcnhGZjBYcm1wOThoSFIzeWVTQU9jbExtOFMxcXNmRnB4UGtXNkp2Um55aUt4OUJieEI3OHY2aXA0MGZCQnAyMFB0V2ctTVE?oc=5\" target=\"_blank\" rel=\"nofollow noopener\">Le replay de Argentine &#8211; Italie &#8211; Volley<\/a>&nbsp;&nbsp;Orange Actualit\u00e9s | Sports<\/li>\n<li><a href=\"https:\/\/news.google.com\/rss\/articles\/CBMi_AFBVV95cUxOaWRYUDZhWDA2STljY2lYZWJwT0ViNlB1dG1YRkFrbEZhVkU5dmxmS1hWajJ3UndhR3pJc1hnQXQ5THdTX1d4VExLVlZka2lHRWwzc2YzVTRfcU1RZU9WMXhCWDZJQWV3ZlpnMjAwZnFZamRLd3IxSHdYOWhPUWwxLWZGX1oxVEVza1IxeTc0MVhtV2htVnZsTWpIdll0X05ZMnVSeDlqX1lPenRtWEFBLS1aYXljb2pLalNRQko2QlpfMGlyRXFRcVNjbGFaUmp5N1ZVN1gxRWN5c1FXUjdHZTBZMjdiV25vWU9mUmdVckJ0UzJNSnd4Wi03Z2M?oc=5\" target=\"_blank\" rel=\"nofollow noopener\">Volleyball &#8211; Championnat du monde 2025 &#8211; Le direct et les r\u00e9sultats &#8211; Italie, Belgique, Pologne et Turquie en quart<\/a>&nbsp;&nbsp;Ski-nordique<\/li>\n<li><a href=\"https:\/\/news.google.com\/rss\/articles\/CBMijwJBVV95cUxQMVpvMEVKNVRiVS1EMGJ1eC1IeEhFRkJSNS1NR2pTMkxlQjhtSHhwRmV6ZmZCeEVQMWlWUHJNZkd2UDNsNDRvdXdZc0drZU51dTRMUkxoUG56TTdsQjFJWFN0VmFIeUlXY1E1cTJHMHRaaU02UXhyVHRCYVpNMnY2UlZuc2c3T1BfSzA5RE1OV2szOFFoVV9VRVROTjQxLTQ0YzJnQUF4UEdLOHJlMkU5QXpuam5Vc3NCeTZCd05wM2pfU0NaaTN5R3pDQmxfdHlnUC1TaF9NeXdDVXV5akprRjJBNDh0WkFMd0wyU3dfdTRNODVFcGNja3Bhb09LbkJJUFN3OWoyTmowZmpaSnBn?oc=5\" target=\"_blank\" rel=\"nofollow noopener\">Volley-ball : Championnat du monde, \u00e0 la tv<\/a>&nbsp;&nbsp;Linternaute.com<\/li>\n<li><a href=\"https:\/\/news.google.com\/rss\/articles\/CBMirgJBVV95cUxQYjBTVUp2Zl9fSXQwa2hObzBfSlpHY19HWVF6OER2WnB0ekhzT3lDWWM5bWQ5dmRnS1lFdGFrOXdVenFtTllQcXpCbllsRUsxanYxM0FIaFlnMlRmUFUwUUNXY1lZUFhXSDlqV3ZOeWFLWHVmQWJySzBTVFlEWlFhY0w1Y1NpeWVIUHNkNWE4TmRxTlV2NzVSOTdVZUZOaDhDR0tDWWE5Si1Ha3UwakFBVGNXbWtSU0VRam5RWnFHSzVkdkNteWlra3B1YTRpNmVkd3hsRDEyZFdZUXNNWE1wQVNZcXJUSDdOTnJDeGROM0JKUS1CdWpvY1Z5Ny1SbGREX1FuaTZldTRLZURGOEE2anhTMjV2enp2cTllbjNoQ1FIRG9qTFJFS0RZYk5LQQ?oc=5\" target=\"_blank\" rel=\"nofollow noopener\">Championnat du monde masculin de volley &#8211; L&rsquo;Italie \u00e9limine l&rsquo;Argentine en trois sets et pourrait retrouver la Belgique en quarts<\/a>&nbsp;&nbsp;La Libre.be<\/li>\n<\/ol>\n","protected":false},"excerpt":{"rendered":"La R\u00e9publique tch\u00e8que et l&rsquo;Iran se retrouveront en quarts de finale du Mondial de volley&nbsp;&nbsp;L&rsquo;\u00c9quipe Le replay de&hellip;\n","protected":false},"author":2,"featured_media":412345,"comment_status":"","ping_status":"","sticky":false,"template":"","format":"standard","meta":{"footnotes":""},"categories":[1417],"tags":[1011,27,60,1470,1469],"class_list":{"0":"post-412344","1":"post","2":"type-post","3":"status-publish","4":"format-standard","5":"has-post-thumbnail","7":"category-volley","8":"tag-fr","9":"tag-france","10":"tag-sports","11":"tag-volley","12":"tag-volleyball"},"share_on_mastodon":{"url":"https:\/\/pubeurope.com\/@fr\/115254566864335010","error":""},"_links":{"self":[{"href":"https:\/\/www.europesays.com\/fr\/wp-json\/wp\/v2\/posts\/412344","targetHints":{"allow":["GET"]}}],"collection":[{"href":"https:\/\/www.europesays.com\/fr\/wp-json\/wp\/v2\/posts"}],"about":[{"href":"https:\/\/www.europesays.com\/fr\/wp-json\/wp\/v2\/types\/post"}],"author":[{"embeddable":true,"href":"https:\/\/www.europesays.com\/fr\/wp-json\/wp\/v2\/users\/2"}],"replies":[{"embeddable":true,"href":"https:\/\/www.europesays.com\/fr\/wp-json\/wp\/v2\/comments?post=412344"}],"version-history":[{"count":0,"href":"https:\/\/www.europesays.com\/fr\/wp-json\/wp\/v2\/posts\/412344\/revisions"}],"wp:featuredmedia":[{"embeddable":true,"href":"https:\/\/www.europesays.com\/fr\/wp-json\/wp\/v2\/media\/412345"}],"wp:attachment":[{"href":"https:\/\/www.europesays.com\/fr\/wp-json\/wp\/v2\/media?parent=412344"}],"wp:term":[{"taxonomy":"category","embeddable":true,"href":"https:\/\/www.europesays.com\/fr\/wp-json\/wp\/v2\/categories?post=412344"},{"taxonomy":"post_tag","embeddable":true,"href":"https:\/\/www.europesays.com\/fr\/wp-json\/wp\/v2\/tags?post=412344"}],"curies":[{"name":"wp","href":"https:\/\/api.w.org\/{rel}","templated":true}]}}