{"id":412350,"date":"2025-09-23T16:33:10","date_gmt":"2025-09-23T16:33:10","guid":{"rendered":"https:\/\/www.europesays.com\/fr\/412350\/"},"modified":"2025-09-23T16:33:10","modified_gmt":"2025-09-23T16:33:10","slug":"une-entree-difficile-pour-les-clubs-de-lelite","status":"publish","type":"post","link":"https:\/\/www.europesays.com\/fr\/412350\/","title":{"rendered":"Une entr\u00e9e difficile pour les clubs de l&rsquo;\u00e9lite"},"content":{"rendered":"<p>                            <img decoding=\"async\" class=\"img-fluid thumbnail__news\" src=\"https:\/\/www.europesays.com\/fr\/wp-content\/uploads\/2025\/09\/280e3364-2929-4690-8ecf-5397e27e9785.jpg\" alt=\"Une entr\u00e9e difficile pour les clubs de l'\u00e9lite\"\/><\/p>\n<p>Harmoni Taylor et Landerneau accueilleront Roche Vend\u00e9e &#8211; Charl\u00e8ne Zwiebel\/LBB<\/p>\n<p>                                                        La Commission Comp\u00e9titions 5&#215;5 a proc\u00e9d\u00e9 ce mardi au tirage au sort du second tour de la Coupe de France f\u00e9minine, Troph\u00e9e Jo\u00eb Jaunay. Cinq clubs de La Boulang\u00e8re Wonderligue feront leur entr\u00e9e dans la comp\u00e9tition. Les matches auront lieu le mercredi 22 octobre 2025 \u00e0 20h00.<\/p>\n<p>Les clubs de la Boulang\u00e8re Wonderligue n&rsquo;ont pas vraiment \u00e9t\u00e9 \u00e9pargn\u00e9s lors de tirage. Avec 2 matches qui opposeront des pensionnaires de cette division, Lyon accueillera Toulouse pendant Roche Vend\u00e9e ira \u00e0 Landerneau. Le dernier repr\u00e9sentant de l&rsquo;\u00e9lite, Chartres devra se m\u00e9fier lors de son d\u00e9placement \u00e0 Mondeville. Les autres rencontres opposeront que des clubs de LF2 entre eux.<\/p>\n<p><strong>Programme du 2e tour<\/strong><br \/>Mercredi 22 octobre \u00e0 20h00<br \/>Lyon (LBWL) &#8211; Toulouse (LBWL)<br \/>Illkirch Graffenstaden (LF2) &#8211; La Tronche Meylan (LF2)<br \/>Monaco (LF2) &#8211; Voiron (LF2)<br \/>Landerneau (LBWL) &#8211; Roche Vend\u00e9e (LBWL)<br \/>Saint-Amand-les-Eaux (LF2) &#8211; Aulnoye (LF2)<br \/>Mondeville (LF2) &#8211; Chartres (LBWL)<\/p>\n","protected":false},"excerpt":{"rendered":"Harmoni Taylor et Landerneau accueilleront Roche Vend\u00e9e &#8211; Charl\u00e8ne Zwiebel\/LBB La Commission Comp\u00e9titions 5&#215;5 a proc\u00e9d\u00e9 ce mardi&hellip;\n","protected":false},"author":2,"featured_media":412351,"comment_status":"","ping_status":"","sticky":false,"template":"","format":"standard","meta":{"footnotes":""},"categories":[1414],"tags":[1465,1464,1011,27,60],"class_list":{"0":"post-412350","1":"post","2":"type-post","3":"status-publish","4":"format-standard","5":"has-post-thumbnail","7":"category-basket","8":"tag-basket","9":"tag-basketball","10":"tag-fr","11":"tag-france","12":"tag-sports"},"share_on_mastodon":{"url":"https:\/\/pubeurope.com\/@fr\/115254579174082962","error":""},"_links":{"self":[{"href":"https:\/\/www.europesays.com\/fr\/wp-json\/wp\/v2\/posts\/412350","targetHints":{"allow":["GET"]}}],"collection":[{"href":"https:\/\/www.europesays.com\/fr\/wp-json\/wp\/v2\/posts"}],"about":[{"href":"https:\/\/www.europesays.com\/fr\/wp-json\/wp\/v2\/types\/post"}],"author":[{"embeddable":true,"href":"https:\/\/www.europesays.com\/fr\/wp-json\/wp\/v2\/users\/2"}],"replies":[{"embeddable":true,"href":"https:\/\/www.europesays.com\/fr\/wp-json\/wp\/v2\/comments?post=412350"}],"version-history":[{"count":0,"href":"https:\/\/www.europesays.com\/fr\/wp-json\/wp\/v2\/posts\/412350\/revisions"}],"wp:featuredmedia":[{"embeddable":true,"href":"https:\/\/www.europesays.com\/fr\/wp-json\/wp\/v2\/media\/412351"}],"wp:attachment":[{"href":"https:\/\/www.europesays.com\/fr\/wp-json\/wp\/v2\/media?parent=412350"}],"wp:term":[{"taxonomy":"category","embeddable":true,"href":"https:\/\/www.europesays.com\/fr\/wp-json\/wp\/v2\/categories?post=412350"},{"taxonomy":"post_tag","embeddable":true,"href":"https:\/\/www.europesays.com\/fr\/wp-json\/wp\/v2\/tags?post=412350"}],"curies":[{"name":"wp","href":"https:\/\/api.w.org\/{rel}","templated":true}]}}