{"id":412387,"date":"2025-09-23T16:54:12","date_gmt":"2025-09-23T16:54:12","guid":{"rendered":"https:\/\/www.europesays.com\/fr\/412387\/"},"modified":"2025-09-23T16:54:12","modified_gmt":"2025-09-23T16:54:12","slug":"nancy-des-faux-policiers-mis-en-fuite-a-coups-de-batte-trahis-par-leur-sang","status":"publish","type":"post","link":"https:\/\/www.europesays.com\/fr\/412387\/","title":{"rendered":"Nancy. Des faux policiers mis en fuite \u00e0 coups de batte, trahis par leur sang"},"content":{"rendered":"<p>\u00ab\u00a0Ouvrez, c\u2019est la police.\u00a0\u00bb Un trentenaire, tranquillement chez lui, dans le quartier du parc Sainte-Marie \u00e0 Nancy, ne s\u2019est pas m\u00e9fi\u00e9 lorsqu\u2019il a entendu cette phrase, le 3\u00a0juin dernier. Il a ouvert sa porte. Il est alors tomb\u00e9 sur trois individus qui ne ressemblaient pas vraiment \u00e0 des policiers.<\/p>\n<p>Ils avaient l\u2019allure us\u00e9e de marginaux et n\u2019avaient aucun insigne ou brassard estampill\u00e9 police. Mais le trentenaire n\u2019a pas eu le temps de se poser trop de questions. Il a \u00e9t\u00e9 imm\u00e9diatement plaqu\u00e9 au sol par les faux policiers.<\/p>\n<p>Il ne s\u2019est pas laiss\u00e9 faire. Il s\u2019est d\u00e9battu. L\u2019un de ses agresseurs l\u2019a menac\u00e9 avec un couteau. Lui a mis la main sur une batte de base-ball, a frapp\u00e9 ses adversaires et les a mis en fuite.<\/p>\n<p>  Ils nient les faits<\/p>\n<p>Les coups de batte ont aussi eu pour cons\u00e9quence de faire saigner ses agresseurs. Le sang a \u00e9t\u00e9 pr\u00e9lev\u00e9 par des techniciens de la police scientifique et a fait l\u2019objet d\u2019une analyse ADN. Cela a permis d\u2019identifier deux des faux flics.<\/p>\n<p>L\u2019un, un SDF de 46 ans, a \u00e9t\u00e9 arr\u00eat\u00e9 ce dimanche. L\u2019autre, un multir\u00e9cidiviste de 56 ans actuellement d\u00e9tenu dans le cadre d\u2019une autre affaire, a \u00e9t\u00e9 extrait de sa cellule en d\u00e9but de semaine et plac\u00e9 en garde \u00e0 vue.<\/p>\n<p>Malgr\u00e9 la pr\u00e9sence de leur ADN sur les lieux de l\u2019agression, ils ont tous deux ni\u00e9 les faits. Ils devraient toutefois \u00eatre jug\u00e9s ce mercredi en comparution imm\u00e9diate.<\/p>\n","protected":false},"excerpt":{"rendered":"\u00ab\u00a0Ouvrez, c\u2019est la police.\u00a0\u00bb Un trentenaire, tranquillement chez lui, dans le quartier du parc Sainte-Marie \u00e0 Nancy, ne&hellip;\n","protected":false},"author":2,"featured_media":412388,"comment_status":"","ping_status":"","sticky":false,"template":"","format":"standard","meta":{"footnotes":""},"categories":[9635],"tags":[1111,11,271,272,1704,1777,674,274,1011,27,775,3457,1702,1703,12,25],"class_list":{"0":"post-412387","1":"post","2":"type-post","3":"status-publish","4":"format-standard","5":"has-post-thumbnail","7":"category-nancy","8":"tag-actu","9":"tag-actualites","10":"tag-crime","11":"tag-delit-et-contravention","12":"tag-edition-nancy-et-agglomeration","13":"tag-eu","14":"tag-europe","15":"tag-faits-divers-justice","16":"tag-fr","17":"tag-france","18":"tag-grand-est","19":"tag-meurthe-et-moselle","20":"tag-nancy","21":"tag-nancy-ville-54b","22":"tag-news","23":"tag-republique-francaise"},"share_on_mastodon":{"url":"","error":""},"_links":{"self":[{"href":"https:\/\/www.europesays.com\/fr\/wp-json\/wp\/v2\/posts\/412387","targetHints":{"allow":["GET"]}}],"collection":[{"href":"https:\/\/www.europesays.com\/fr\/wp-json\/wp\/v2\/posts"}],"about":[{"href":"https:\/\/www.europesays.com\/fr\/wp-json\/wp\/v2\/types\/post"}],"author":[{"embeddable":true,"href":"https:\/\/www.europesays.com\/fr\/wp-json\/wp\/v2\/users\/2"}],"replies":[{"embeddable":true,"href":"https:\/\/www.europesays.com\/fr\/wp-json\/wp\/v2\/comments?post=412387"}],"version-history":[{"count":0,"href":"https:\/\/www.europesays.com\/fr\/wp-json\/wp\/v2\/posts\/412387\/revisions"}],"wp:featuredmedia":[{"embeddable":true,"href":"https:\/\/www.europesays.com\/fr\/wp-json\/wp\/v2\/media\/412388"}],"wp:attachment":[{"href":"https:\/\/www.europesays.com\/fr\/wp-json\/wp\/v2\/media?parent=412387"}],"wp:term":[{"taxonomy":"category","embeddable":true,"href":"https:\/\/www.europesays.com\/fr\/wp-json\/wp\/v2\/categories?post=412387"},{"taxonomy":"post_tag","embeddable":true,"href":"https:\/\/www.europesays.com\/fr\/wp-json\/wp\/v2\/tags?post=412387"}],"curies":[{"name":"wp","href":"https:\/\/api.w.org\/{rel}","templated":true}]}}