{"id":412393,"date":"2025-09-23T16:57:18","date_gmt":"2025-09-23T16:57:18","guid":{"rendered":"https:\/\/www.europesays.com\/fr\/412393\/"},"modified":"2025-09-23T16:57:18","modified_gmt":"2025-09-23T16:57:18","slug":"la-soiree-chaotique-racontee-par-jessica-casanova-directrice-generale-du-rct","status":"publish","type":"post","link":"https:\/\/www.europesays.com\/fr\/412393\/","title":{"rendered":"la \u00ab soir\u00e9e chaotique \u00bb racont\u00e9e par Jessica Casanova, directrice g\u00e9n\u00e9rale du RCT"},"content":{"rendered":"<p class=\"fs-5 \">Sa parole dans les m\u00e9dias est rare. Pourtant, apr\u00e8s le report du match Toulon \u2013 La Rochelle, pr\u00e9vu dimanche \u00e0 21 h 05, Jessica Casanova, directrice g\u00e9n\u00e9rale au Rugby club toulonnais, a accept\u00e9 de d\u00e9tailler les coulisses de cette soir\u00e9e. En poste depuis le 26 juillet 2024, et d\u00e9sormais \u00e9lue comme vice-pr\u00e9sidente \u00e0 la Ligue nationale de rugby (LNR), elle est le relais imm\u00e9diat de Bernard Lemaitre, pr\u00e9sident du RCT. Vigilance orange, pr\u00e9visions, report tardif, Mayol sous l\u2019eau, inqui\u00e9tude et incompr\u00e9hension, elle r\u00e9pond.<\/p>\n<p>    <img decoding=\"async\" src=\"https:\/\/www.europesays.com\/fr\/wp-content\/uploads\/2025\/09\/60e8143_upload-1-t1unngompifc-photo-2025-09-23-15-55-46.jpg\" class=\"figure-img img-fluid rounded\" alt=\"A generic square placeholder image with rounded corners in a figure.\"\/><\/p>\n<p class=\"fs-5 \"><strong>C\u00f4t\u00e9 club, comment s\u2019organise une journ\u00e9e de r\u00e9ception en vigilance orange ?<\/strong><\/p>\n<p class=\"fs-5 \">On \u00e9tait sur le pont d\u00e8s 10 h du matin. On savait qu\u2019il devait y avoir un \u00e9pisode pluvieux, de 18 h \u00e0 minuit, pile pendant la fan zone et le match. Mais, \u00e0 ce moment-l\u00e0, M\u00e9t\u00e9o France nous dit qu\u2019il va tomber 9 millim\u00e8tres par bloc d\u2019une heure, et le pr\u00e9visionniste de la Ligue nous annonce 15 mm. Ce qui est parfaitement absorbable et, je le r\u00e9p\u00e8te, pas du tout alarmant \u00e0 cet instant.<\/p>\n<p class=\"fs-5 \"><strong>Une r\u00e9union a \u00e9t\u00e9 organis\u00e9e, \u00e0 15 h, en pr\u00e9fecture pour d\u00e9cider du maintien de la rencontre\u2026<\/strong><\/p>\n<p class=\"fs-5 \">Sur cette r\u00e9union, il y avait le club, la pr\u00e9fecture et la mairie. Justement, en anticipation, et puisque l\u2019\u00e9pisode \u00e9tait pr\u00e9vu de 18 h \u00e0 minuit, on a d\u00e9cid\u00e9 d\u2019annuler la fan zone. Des mesures ont \u00e9galement \u00e9t\u00e9 prises par la mairie concernant les parkings. Aux alentours de 15 h, on avait des indicateurs qui variaient entre 9 et 15 mm, pas plus. Encore mieux, \u00e0 partir de 18 h, les pr\u00e9visionnistes nous ont transmis des informations qui s\u2019am\u00e9lioraient. L\u2019\u00e9pisode pluvieux devait \u00eatre serr\u00e9 entre 21 h et 21 h 30. C\u2019\u00e9tait presque rassurant. Et, finalement, toutes ces pr\u00e9visions ont chang\u00e9 \u00e0 partir de 20 h 30. L\u00e0, on a vu que le temps tournait. Et, surtout, de base, contrairement \u00e0 Marseille, chez nous, l\u2019orage ne devait pas \u00eatre stationnaire. Personne ne pouvait savoir s\u2019il allait tomber en mer ou directement sur la ville.<\/p>\n<p class=\"fs-5 \"><strong>En plus d\u2019\u00eatre stationnaire, il a \u00e9t\u00e9 bien plus long que pr\u00e9vu\u2026<\/strong><\/p>\n<p class=\"fs-5 \">On a fait les relev\u00e9s lundi avec la Ligue. Il est tomb\u00e9 47 mm sur le bloc 21 h-22 h et 48 mm de 22 h \u00e0 23 h, soit 95 mm. Ce qui est \u00e9norme. Et surtout bien loin des pr\u00e9visions ! Dimanche, \u00e0 20 h 40, on a bien vu que \u00e7a commen\u00e7ait \u00e0 tomber de plus en plus fort, avec un vent tourbillonnant et des orages. C\u2019\u00e9tait le plus pr\u00e9occupant. \u00c0 ce moment-l\u00e0, j\u2019ai discut\u00e9 avec les repr\u00e9sentants de La Rochelle et on s\u2019est dit que ce n\u2019\u00e9tait pas possible de faire jouer ce match. La tension \u00e9lectrique mettait en danger les joueurs. Cinq minutes avant le coup d\u2019envoi, j\u2019ai dit \u00e0 Pierre [Mignoni] que, pour nous, les conditions n\u2019\u00e9taient pas requises pour faire entrer les joueurs. L\u2019arbitre a pris, en m\u00eame temps, la d\u00e9cision d\u2019attendre 20 minutes.<\/p>\n<p class=\"fs-5 \"><strong>Jusqu\u2019\u00e0, finalement, le report&#8230;<\/strong><\/p>\n<p class=\"fs-5 \">Tr\u00e8s vite, il y a eu de l\u2019eau partout. Des ruissellements, des coupures d\u2019\u00e9lectricit\u00e9, des loges inond\u00e9es, le stade fuyait de partout quoi. Le pr\u00e9fet est descendu vers 21 h 15, il y a une discussion avec l\u2019arbitre et J\u00e9r\u00e9my Rozier a d\u00e9cid\u00e9, au vu du terrain et des conditions, de reporter la rencontre. Une fois cette d\u00e9cision act\u00e9e, il fallait s\u2019organiser pour mettre en s\u00e9curit\u00e9 les 11 000 personnes dans le stade. Alors, je ne veux pas incriminer ceux qui font les pr\u00e9visions m\u00e9t\u00e9o, mais elles sont de moins en moins fiables. \u00c0 aucun moment on ne nous a annonc\u00e9 qu\u2019il allait tomber 100 mm de pluie. Si on avait eu cette information, je pense que tout le monde aurait pris la d\u00e9cision d\u2019annuler le match. Sauf que cette info, on ne l\u2019a pas eue. A-t-on, aujourd\u2019hui, avec le d\u00e9r\u00e8glement climatique, de vrais outils pour pr\u00e9venir ce genre de ph\u00e9nom\u00e8ne ? Je ne suis pas s\u00fbr. Le vrai d\u00e9bat est l\u00e0.<\/p>\n<p class=\"fs-5 \"><strong>Comprenez-vous la col\u00e8re, l\u2019incompr\u00e9hension et la peur des supporters ?<\/strong><\/p>\n<p class=\"fs-5 \">\u00c9videmment que je la comprends. Vous imaginez le danger ? Personnellement, pour avoir v\u00e9cu le moment, c\u2019\u00e9tait vraiment une soir\u00e9e chaotique ! On s\u2019est retrouv\u00e9 dans la zone mixte avec 10 cm d\u2019eau, les toits qui fuyaient, les vestiaires visiteurs qui fuyaient\u2026 tout \u00e9tait dangereux. Je suis vraiment rassur\u00e9 que tout se soit finalement bien pass\u00e9. Et surtout, je remercie les supporters d\u2019avoir \u00e9t\u00e9 \u00e0 l\u2019\u00e9coute des consignes. Le public a tr\u00e8s bien r\u00e9agi. Il n\u2019y a pas eu d\u2019incident.<\/p>\n<p class=\"fs-5 \"><strong>Aujourd\u2019hui, o\u00f9 en est-on \u00e0 Mayol ? Qu\u2019avez-vous \u00e0 r\u00e9pondre quand vous voyez circuler des photos montrant des supporters avec de l\u2019eau jusqu\u2019aux chevilles dans les coursives ?<\/strong><\/p>\n<p class=\"fs-5 \">La pelouse a bu toute l\u2019eau d\u00e9vers\u00e9e puisque le lundi matin, il ne restait plus trop de flaques. Le drainage a fonctionn\u00e9. Mais ce n\u2019\u00e9tait pas praticable pour rejouer imm\u00e9diatement, m\u00eame si \u00e7a a \u00e9t\u00e9 s\u00e9rieusement \u00e9voqu\u00e9 par les deux clubs. Pour ce qui est du reste, on doit faire un \u00e9tat des lieux complet parce qu\u2019il y a pas mal de d\u00e9g\u00e2ts mat\u00e9riels \u00e0 la suite des nombreuses fuites. On re\u00e7oit Pau dans moins de 15 jours [le 4 octobre] et il faut que tout fonctionne.<\/p>\n<p class=\"fs-5 \"><strong>Est-ce un sujet qui vous pr\u00e9occupe, qui vous inqui\u00e8te ?<\/strong><\/p>\n<p class=\"fs-5 \">Bien s\u00fbr, mais je pense que le sujet est sur la table. C\u2019est en discussion avec la mairie. Mayol doit faire l\u2019objet d\u2019un audit complet. C\u2019est en cours. Il faut savoir que la tribune Lafontan a \u00e9t\u00e9 construite en 1983 et la Bonnus en 1965. Nous sommes sur des infrastructures vieillissantes. Les joints d\u2019\u00e9tanch\u00e9it\u00e9 ont de plus de trente ans donc, forc\u00e9ment, face \u00e0 un \u00e9pisode de cette intensit\u00e9, \u00e7a fuit un peu de partout. Et c\u2019est bien pour \u00e7a qu\u2019il faut, en concertation avec la mairie, qu\u2019on dispose d\u2019un audit complet du stade. C\u2019est n\u00e9cessaire.<\/p>\n<p>            <img decoding=\"async\" src=\"https:\/\/www.europesays.com\/fr\/wp-content\/uploads\/2025\/09\/4e542e1_upload-from-url-1-ljojuo9r5d4c-data-art-16286202-s004qgkl.jpg\" loading=\"lazy\" alt=\"\" class=\"img-fluid position-absolute w-100 object-fit-coverrounded-2\" width=\"600\" height=\"400\"\/><\/p>\n","protected":false},"excerpt":{"rendered":"Sa parole dans les m\u00e9dias est rare. Pourtant, apr\u00e8s le report du match Toulon \u2013 La Rochelle, pr\u00e9vu&hellip;\n","protected":false},"author":2,"featured_media":412394,"comment_status":"","ping_status":"","sticky":false,"template":"","format":"standard","meta":{"footnotes":""},"categories":[9619],"tags":[1111,11,1777,674,1011,27,12,882,3461,25,2310],"class_list":{"0":"post-412393","1":"post","2":"type-post","3":"status-publish","4":"format-standard","5":"has-post-thumbnail","7":"category-toulon","8":"tag-actu","9":"tag-actualites","10":"tag-eu","11":"tag-europe","12":"tag-fr","13":"tag-france","14":"tag-news","15":"tag-provence-alpes-cote-dazur","16":"tag-rct","17":"tag-republique-francaise","18":"tag-toulon"},"share_on_mastodon":{"url":"https:\/\/pubeurope.com\/@fr\/115254673148819977","error":""},"_links":{"self":[{"href":"https:\/\/www.europesays.com\/fr\/wp-json\/wp\/v2\/posts\/412393","targetHints":{"allow":["GET"]}}],"collection":[{"href":"https:\/\/www.europesays.com\/fr\/wp-json\/wp\/v2\/posts"}],"about":[{"href":"https:\/\/www.europesays.com\/fr\/wp-json\/wp\/v2\/types\/post"}],"author":[{"embeddable":true,"href":"https:\/\/www.europesays.com\/fr\/wp-json\/wp\/v2\/users\/2"}],"replies":[{"embeddable":true,"href":"https:\/\/www.europesays.com\/fr\/wp-json\/wp\/v2\/comments?post=412393"}],"version-history":[{"count":0,"href":"https:\/\/www.europesays.com\/fr\/wp-json\/wp\/v2\/posts\/412393\/revisions"}],"wp:featuredmedia":[{"embeddable":true,"href":"https:\/\/www.europesays.com\/fr\/wp-json\/wp\/v2\/media\/412394"}],"wp:attachment":[{"href":"https:\/\/www.europesays.com\/fr\/wp-json\/wp\/v2\/media?parent=412393"}],"wp:term":[{"taxonomy":"category","embeddable":true,"href":"https:\/\/www.europesays.com\/fr\/wp-json\/wp\/v2\/categories?post=412393"},{"taxonomy":"post_tag","embeddable":true,"href":"https:\/\/www.europesays.com\/fr\/wp-json\/wp\/v2\/tags?post=412393"}],"curies":[{"name":"wp","href":"https:\/\/api.w.org\/{rel}","templated":true}]}}