{"id":412399,"date":"2025-09-23T17:00:13","date_gmt":"2025-09-23T17:00:13","guid":{"rendered":"https:\/\/www.europesays.com\/fr\/412399\/"},"modified":"2025-09-23T17:00:13","modified_gmt":"2025-09-23T17:00:13","slug":"decouvrez-les-nombreuses-nouvelles-enseignes-des-centres-commerciaux-de-rouen","status":"publish","type":"post","link":"https:\/\/www.europesays.com\/fr\/412399\/","title":{"rendered":"d\u00e9couvrez les nombreuses nouvelles enseignes des centres commerciaux de Rouen"},"content":{"rendered":"<p>            Par<br \/>\n        <strong><br \/>\n            <a href=\"https:\/\/actu.fr\/auteur\/fmass\" title=\"Consulter tous les articles de Fabien Massin\" target=\"_blank\" rel=\"noopener\">Fabien Massin<\/a><br \/>\n        <\/strong><\/p>\n<p>        Publi\u00e9 le<\/p>\n<p>            23 sept. 2025 \u00e0 18h11        <\/p>\n<p>\u00c7a bouge dans les centres commerciaux de <a href=\"https:\/\/actu.fr\/normandie\/rouen_76540\" target=\"_blank\" rel=\"noopener\">Rouen (Seine-Maritime)<\/a>. <strong>D\u00e9coration, restaurants, pr\u00eat-\u00e0-porter<\/strong>\u2026 En cette rentr\u00e9e de septembre\u00a02025, d\u00e9couvrez les nouveaut\u00e9s \u00e0 <a href=\"https:\/\/actu.fr\/tag\/centre-commercial-saint-sever\" target=\"_blank\" rel=\"noopener\">Saint-Sever<\/a> et aux <a href=\"https:\/\/actu.fr\/tag\/docks-76\" target=\"_blank\" rel=\"noopener\">Docks 76<\/a>, les deux centres commerciaux de la rive gauche et de la rive droite de la capitale normande.<\/p>\n<p>Au centre Saint-Sever<\/p>\n<p class=\" wall-content\"><strong>\u2022 March\u00e9 aux affaires\u2009:<\/strong> enseigne de d\u00e9coration, cuisine, bricolage\u2026 qui ouvrira \u00e0 la mi-octobre \u00e0 l\u2019\u00e9tage, \u00e0 c\u00f4t\u00e9 de<strong> Chauss\u00e9a<\/strong>. L\u2019ancienne case de <strong>Go Sport<\/strong>, scind\u00e9e en deux, est donc d\u00e9sormais \u00e0 nouveau compl\u00e8te.<\/p>\n<p class=\" wall-content\"><strong>\u2022 Tasty pizza\u2009:<\/strong> une enseigne de pizza comme son nom l\u2019indique \u00e0 retrouver \u00e0 partir de d\u00e9but octobre dans le <a href=\"https:\/\/actu.fr\/normandie\/rouen_76540\/restos-loisirs-services-18-nouvelles-enseignes-centre-saint-sever-rouen_19425532.html\" target=\"_blank\" rel=\"noopener\">food-hall<\/a>, pr\u00e8s du cin\u00e9ma.<\/p>\n<p class=\" wall-content\"><strong>\u2022 Chamas Tacos\u2009:<\/strong> des tacos \u00e0 retrouver \u00e9galement dans le food-hall.<\/p>\n<p class=\" wall-content\"><strong>\u2022\u00a0Crust\u2009:<\/strong> des \u00ab\u2009naan burger\u2009\u00bb \u00e0 d\u00e9guster d\u2019ici la fin de l\u2019ann\u00e9e.<\/p>\n<p class=\" wall-content\">Dans l\u2019id\u00e9al, le centre commercial<strong> esp\u00e8re accueillir prochainement une brasserie<\/strong> dans sa partie food-hall.<\/p>\n<p>Aux Docks 76<\/p>\n<p class=\" wall-content\"><strong>\u2022 Darty\u2009:<\/strong> la fameuse enseigne d\u2019\u00e9lectrom\u00e9nager et high-tech s\u2019est install\u00e9e au rez-de-chauss\u00e9e, \u00e0 la place de la boutique<strong> Esprit<\/strong>. Surface du magasin\u2009: 1\u2009200 m\u00e8tres carr\u00e9s.<\/p>\n<p class=\" wall-content\"><strong>\u2022 Soha\u00efa\u2009:<\/strong> bijouterie ind\u00e9pendante multimarques d\u00e9j\u00e0 pr\u00e9sente \u00e0 Louviers.<\/p>\n<p>Votre r\u00e9gion, votre actu !<\/p>\n<p>Recevez chaque jour les infos qui comptent pour vous.<\/p>\n<p>\t<a href=\"https:\/\/actu.fr\/newsletter\" class=\"ac-btn ac-btn--corner ac-btn--medium ac-btn--blue800\" target=\"_blank\" rel=\"noopener\">S&rsquo;incrire<\/a><\/p>\n<p class=\" wall-content\"><strong>\u2022 Jack &amp; Jones\u2009:<\/strong> enseigne de pr\u00eat-\u00e0-porter masculin.<\/p>\n<p class=\" wall-content\">\u00ab\u2009Nous travaillons \u00e0 remettre les loisirs au c\u0153ur des Docks 76\u2009\u00bb, informe par ailleurs <strong>Audrey Anne<\/strong>, directrice des deux centres commerciaux. \u00ab\u2009En plus de<a href=\"https:\/\/actu.fr\/normandie\/rouen_76540\/fort-boyard-arrive-a-rouen-un-nouveau-jeu-immersif-va-bientot-ouvrir-ses-portes_62727494.html\" target=\"_blank\" rel=\"noopener\"> Fort Boyard<\/a>, quatre ou cinq enseignes de loisirs arriveront au cours du premier trimestre de l\u2019ann\u00e9e 2026.\u2009\u00bb<\/p>\n<p>Suivez l\u2019actualit\u00e9 de Rouen sur notre <a href=\"https:\/\/www.whatsapp.com\/channel\/0029VaKfnf99hXF2ddApFB1D\" target=\"_blank\" rel=\"noopener\">cha\u00eene WhatsApp<\/a> et sur notre <a href=\"https:\/\/www.tiktok.com\/@76actu.fr?lang=fr\" target=\"_blank\" rel=\"noopener\">compte TikTok<\/a><\/p>\n<p class=\" wall-content\">Personnalisez votre actualit\u00e9 en ajoutant vos villes et m\u00e9dias en favori avec <a href=\"https:\/\/moncompte.actu.fr\" title=\"D\u00e9couvez Mon Actu\" rel=\"nofollow noopener\" data-trk=\"{&quot;cta&quot;:{&quot;action&quot;:&quot;https:\\\/\\\/moncompte.actu.fr&quot;,&quot;category&quot;:&quot;mon compte&quot;,&quot;from&quot;:&quot;article footer&quot;,&quot;name&quot;:&quot;Mon actu&quot;,&quot;type&quot;:&quot;cta&quot;}}\" target=\"_blank\">Mon Actu<\/a>.<\/p>\n<p>                    <script async src=\"\/\/www.tiktok.com\/embed.js\"><\/script><\/p>\n","protected":false},"excerpt":{"rendered":"Par Fabien Massin Publi\u00e9 le 23 sept. 2025 \u00e0 18h11 \u00c7a bouge dans les centres commerciaux de Rouen&hellip;\n","protected":false},"author":2,"featured_media":412400,"comment_status":"","ping_status":"","sticky":false,"template":"","format":"standard","meta":{"footnotes":""},"categories":[9587],"tags":[1111,11,22353,22131,1777,674,118,1011,27,12,5161,3147,25,9590],"class_list":{"0":"post-412399","1":"post","2":"type-post","3":"status-publish","4":"format-standard","5":"has-post-thumbnail","7":"category-rouen","8":"tag-actu","9":"tag-actualites","10":"tag-centre-commercial-saint-sever","11":"tag-docks-76","12":"tag-eu","13":"tag-europe","14":"tag-faits-divers","15":"tag-fr","16":"tag-france","17":"tag-news","18":"tag-normandie","19":"tag-nouveaux-commerces","20":"tag-republique-francaise","21":"tag-rouen"},"share_on_mastodon":{"url":"https:\/\/pubeurope.com\/@fr\/115254684876648157","error":""},"_links":{"self":[{"href":"https:\/\/www.europesays.com\/fr\/wp-json\/wp\/v2\/posts\/412399","targetHints":{"allow":["GET"]}}],"collection":[{"href":"https:\/\/www.europesays.com\/fr\/wp-json\/wp\/v2\/posts"}],"about":[{"href":"https:\/\/www.europesays.com\/fr\/wp-json\/wp\/v2\/types\/post"}],"author":[{"embeddable":true,"href":"https:\/\/www.europesays.com\/fr\/wp-json\/wp\/v2\/users\/2"}],"replies":[{"embeddable":true,"href":"https:\/\/www.europesays.com\/fr\/wp-json\/wp\/v2\/comments?post=412399"}],"version-history":[{"count":0,"href":"https:\/\/www.europesays.com\/fr\/wp-json\/wp\/v2\/posts\/412399\/revisions"}],"wp:featuredmedia":[{"embeddable":true,"href":"https:\/\/www.europesays.com\/fr\/wp-json\/wp\/v2\/media\/412400"}],"wp:attachment":[{"href":"https:\/\/www.europesays.com\/fr\/wp-json\/wp\/v2\/media?parent=412399"}],"wp:term":[{"taxonomy":"category","embeddable":true,"href":"https:\/\/www.europesays.com\/fr\/wp-json\/wp\/v2\/categories?post=412399"},{"taxonomy":"post_tag","embeddable":true,"href":"https:\/\/www.europesays.com\/fr\/wp-json\/wp\/v2\/tags?post=412399"}],"curies":[{"name":"wp","href":"https:\/\/api.w.org\/{rel}","templated":true}]}}