{"id":412405,"date":"2025-09-23T17:03:19","date_gmt":"2025-09-23T17:03:19","guid":{"rendered":"https:\/\/www.europesays.com\/fr\/412405\/"},"modified":"2025-09-23T17:03:19","modified_gmt":"2025-09-23T17:03:19","slug":"isere-le-drapeau-palestinien-arrache-du-fronton-de-la-mairie-de-grenoble-un-homme-interpelle","status":"publish","type":"post","link":"https:\/\/www.europesays.com\/fr\/412405\/","title":{"rendered":"Is\u00e8re. Le drapeau palestinien arrach\u00e9 du fronton de la mairie de Grenoble, un homme interpell\u00e9"},"content":{"rendered":"<p>Le drapeau palestinien hiss\u00e9 ce mardi sur la fa\u00e7ade de l&rsquo;h\u00f4tel de ville de Grenoble (Is\u00e8re) a \u00e9t\u00e9 \u00ab arrach\u00e9 \u00bb quelques heures plus tard par un homme imm\u00e9diatement interpell\u00e9, rapporte <a href=\"https:\/\/www.ledauphine.com\/faits-divers-justice\/2025\/09\/23\/quelques-heures-apres-son-installation-sur-le-fronton-de-la-mairie-le-drapeau-palestinien-arrache\" target=\"_blank\" rel=\"noopener\">Le Dauphin\u00e9 Lib\u00e9r\u00e9<\/a>. \u00ab Honte \u00e0 l&rsquo;individu qui a arrach\u00e9 le drapeau palestinien, pavois\u00e9 au lendemain de la reconnaissance par la France de l&rsquo;\u00c9tat de Palestine \u00bb, \u00e9crit le maire \u00e9cologiste de la ville <a href=\"https:\/\/www.dna.fr\/p\/eric-piolle\" target=\"_blank\" rel=\"noopener\">\u00c9ric Piolle<\/a> sur le r\u00e9seau social X, ajoutant que la ville \u00ab d\u00e9posera plainte \u00bb.<\/p>\n<p>Un homme de 33 ans a \u00e9t\u00e9 interpell\u00e9, a indiqu\u00e9 une source polici\u00e8re, qui rapporte \u00e9galement un d\u00e9p\u00f4t de plainte pour \u00ab menaces avec un b\u00e2ton d&rsquo;une agent d&rsquo;accueil de la mairie \u00bb. Une photo accompagnant la publication d&rsquo;\u00c9ric Piolle montre les restes d&rsquo;un lambeau de drapeau.<\/p>\n<p>Ce contenu est bloqu\u00e9 car vous n&rsquo;avez pas accept\u00e9 les cookies et autres traceurs.<\/p>\n<p>En cliquant sur \u00ab J\u2019accepte \u00bb, les cookies et autres traceurs seront d\u00e9pos\u00e9s et vous pourrez visualiser les contenus  (<a href=\"\" class=\"consentModule_policy\" target=\"_blank\" title=\"Consulter la politique de protection des donn\u00e9es du fournisseur\">plus d&rsquo;informations<\/a>).<\/p>\n<p>En cliquant sur \u00ab J\u2019accepte tous les cookies \u00bb, vous autorisez des d\u00e9p\u00f4ts de cookies et autres traceurs pour le stockage de vos donn\u00e9es sur nos sites et applications \u00e0 des fins de personnalisation et de ciblage publicitaire.<\/p>\n<p class=\"consentModule_secondaryText\">Vous gardez la possibilit\u00e9 de retirer votre consentement \u00e0 tout moment en consultant notre <a href=\"https:\/\/www.dna.fr\/protection-des-donnees\" target=\"_blank\" title=\"Consulter notre politique de protection des donn\u00e9es\" rel=\"noopener\">politique de protection des donn\u00e9es<\/a>. <br \/>&#13;<br \/>\n            <a href=\"https:\/\/www.dna.fr\/faits-divers-justice\/2025\/09\/23\/javascript:Didomi.notice.show()\" class=\"consentModule_cmp\" target=\"_blank\" rel=\"noopener\">G\u00e9rer mes choix<\/a>&#13;\n        <\/p>\n<p>&#13;<br \/>\n                        J&rsquo;accepte&#13;<br \/>\n            J&rsquo;accepte tous les cookies&#13;\n        <\/p>\n<p>La ville de Grenoble avait annonc\u00e9 d\u00e8s vendredi son intention de hisser le drapeau palestinien \u00ab suite \u00e0 la\u00a0<a href=\"https:\/\/www.dna.fr\/defense-guerre-conflit\/2025\/09\/22\/emmanuel-macron-annonce-que-la-france-reconnait-l-etat-de-palestine\" target=\"_blank\" rel=\"noopener\">reconnaissance officielle de l&rsquo;\u00c9tat de Palestine par Emmanuel Macron<\/a> \u00bb. Pr\u00e8s d&rsquo;une centaine de mairies dirig\u00e9es par la gauche ont pris une d\u00e9cision similaire, un pavoisement auquel s&rsquo;est fermement oppos\u00e9 le ministre d\u00e9missionnaire de l&rsquo;Int\u00e9rieur. La pr\u00e9fecture de l&rsquo;Is\u00e8re, qui avait rappel\u00e9 \u00e0 la mairie que ce pavoisement \u00e9tait \u00ab contraire au principe de neutralit\u00e9 du service public \u00bb, l&rsquo;a signal\u00e9 mardi \u00e0 la justice.<\/p>\n","protected":false},"excerpt":{"rendered":"Le drapeau palestinien hiss\u00e9 ce mardi sur la fa\u00e7ade de l&rsquo;h\u00f4tel de ville de Grenoble (Is\u00e8re) a \u00e9t\u00e9&hellip;\n","protected":false},"author":2,"featured_media":412406,"comment_status":"","ping_status":"","sticky":false,"template":"","format":"standard","meta":{"footnotes":""},"categories":[9566],"tags":[1111,11,2430,3206,1777,674,274,107,1011,27,329,2731,12,3518,25],"class_list":{"0":"post-412405","1":"post","2":"type-post","3":"status-publish","4":"format-standard","5":"has-post-thumbnail","7":"category-grenoble","8":"tag-actu","9":"tag-actualites","10":"tag-auvergne-rhone-alpes","11":"tag-defense-guerre-conflit","12":"tag-eu","13":"tag-europe","14":"tag-faits-divers-justice","15":"tag-fil-info","16":"tag-fr","17":"tag-france","18":"tag-france-monde","19":"tag-grenoble","20":"tag-news","21":"tag-palestine","22":"tag-republique-francaise"},"share_on_mastodon":{"url":"https:\/\/pubeurope.com\/@fr\/115254696707647386","error":""},"_links":{"self":[{"href":"https:\/\/www.europesays.com\/fr\/wp-json\/wp\/v2\/posts\/412405","targetHints":{"allow":["GET"]}}],"collection":[{"href":"https:\/\/www.europesays.com\/fr\/wp-json\/wp\/v2\/posts"}],"about":[{"href":"https:\/\/www.europesays.com\/fr\/wp-json\/wp\/v2\/types\/post"}],"author":[{"embeddable":true,"href":"https:\/\/www.europesays.com\/fr\/wp-json\/wp\/v2\/users\/2"}],"replies":[{"embeddable":true,"href":"https:\/\/www.europesays.com\/fr\/wp-json\/wp\/v2\/comments?post=412405"}],"version-history":[{"count":0,"href":"https:\/\/www.europesays.com\/fr\/wp-json\/wp\/v2\/posts\/412405\/revisions"}],"wp:featuredmedia":[{"embeddable":true,"href":"https:\/\/www.europesays.com\/fr\/wp-json\/wp\/v2\/media\/412406"}],"wp:attachment":[{"href":"https:\/\/www.europesays.com\/fr\/wp-json\/wp\/v2\/media?parent=412405"}],"wp:term":[{"taxonomy":"category","embeddable":true,"href":"https:\/\/www.europesays.com\/fr\/wp-json\/wp\/v2\/categories?post=412405"},{"taxonomy":"post_tag","embeddable":true,"href":"https:\/\/www.europesays.com\/fr\/wp-json\/wp\/v2\/tags?post=412405"}],"curies":[{"name":"wp","href":"https:\/\/api.w.org\/{rel}","templated":true}]}}