{"id":412422,"date":"2025-09-23T17:13:13","date_gmt":"2025-09-23T17:13:13","guid":{"rendered":"https:\/\/www.europesays.com\/fr\/412422\/"},"modified":"2025-09-23T17:13:13","modified_gmt":"2025-09-23T17:13:13","slug":"le-maire-de-merignac-decide-darmer-sa-police-municipale","status":"publish","type":"post","link":"https:\/\/www.europesays.com\/fr\/412422\/","title":{"rendered":"Le maire de M\u00e9rignac d\u00e9cide d&rsquo;armer sa police municipale"},"content":{"rendered":"<p class=\"wp-block-post-excerpt__excerpt\">Thierry Trijoulet va doter ses 38 policiers municipaux de M\u00e9rignac d\u2019armes l\u00e9tales. Si les chiffres de la d\u00e9linquance sont faibles dans la deuxi\u00e8me commune de Gironde, le maire socialiste y voit une fa\u00e7on de prot\u00e9ger les agents, et de contrer le sentiment d\u2019ins\u00e9curit\u00e9 et son exploitation politique. Au risque n\u00e9anmoins de heurter ses alli\u00e9s \u00e9colos, mis devant le fait accompli. <\/p>\n<p><a href=\"https:\/\/rue89bordeaux.com\/category\/actualite\/\" rel=\"tag noopener\" target=\"_blank\">Actualit\u00e9<\/a>, <a href=\"https:\/\/rue89bordeaux.com\/category\/kiosque-abonne\/\" rel=\"tag noopener\" target=\"_blank\">\u00c9dition abonn\u00e9s<\/a><\/p>\n<p>Simon Barth\u00e9l\u00e9my<\/p>\n<p>Publi\u00e9 le 23 septembre 2025\u00a0\u00a0\u00b7\u00a0\u00a0<\/p>\n<p>Imprim\u00e9 le 23 septembre 2025 \u00e0 19h13\u00a0\u00a0\u00b7\u00a0\u00a0<\/p>\n<p>\t\t\t\t\t4\u00a0minutes\n<\/p>\n<p>Apr\u00e8s le quasi doublement des effectifs de police municipale sur un mandat \u2013 de 20 \u00e0 38 agents \u2013, apr\u00e8s le renforcement de la vid\u00e9osurveillance avec 430 cam\u00e9ras install\u00e9es \u00e0 ce jour, et la cr\u00e9ation d\u2019un centre de supervision urbain, M\u00e9rignac renforce encore son arsenal s\u00e9curitaire : les policiers municipaux seront prochainement tous \u00e9quip\u00e9s d\u2019une arme l\u00e9tale, a ainsi annonc\u00e9 Thierry Trijoulet ce mardi 23 septembre.<\/p>\n<p>\t\tLe d\u00e9clencheur de Beutre<\/p>\n<p>\u00ab\u00a0Nous allons franchir un pallier\u00a0\u00bb, a d\u00e9clar\u00e9 le successeur d\u2019Alain Anziani lors d\u2019une conf\u00e9rence de presse. Le maire socialiste de la deuxi\u00e8me commune de Gironde (77000 habitants) \u00e9voque un \u00e9l\u00e9ment d\u00e9clencheur dans cette d\u00e9cision : <a href=\"https:\/\/www.francebleu.fr\/infos\/faits-divers-justice\/une-enquete-ouverte-apres-une-rafale-de-tirs-a-merignac-ce-samedi-un-homme-gravement-blesse-9335729\" target=\"_blank\" rel=\"noreferrer noopener\">la fusillade qui, le 19 juillet dernier, a fait un bless\u00e9 grave dans le quartier de Beutre<\/a>.<\/p>\n<blockquote class=\"wp-block-quote is-layout-flow wp-block-quote-is-layout-flow\">\n<p>\u00ab\u00a0On demande une pr\u00e9sence de terrain \u00e0 nos policiers municipaux, qui sont la plupart du temps primo-intervenants. Or il s\u2019av\u00e8re que quand ils se retrouvent face \u00e0 un probl\u00e8me grave comme des trafiquants qui s\u2019expliquent avec des armes \u00e0 feu, ils ne sont pas en s\u00e9curit\u00e9 pour intervenir\u00a0\u00bb, justifie Thierry Trijoulet.<\/p>\n<\/blockquote>\n<p>Rue89 Bordeaux a besoin de vos dons<\/p>\n<p>Mille mercis \u00e0 nos 131 donateurs ! Gr\u00e2ce \u00e0 vous, nous avons atteint notre objectif initial de 10\u202f000\u202f\u20ac. Ce soutien va nous permettre de renflouer notre tr\u00e9sorerie, apr\u00e8s le d\u00e9sengagement en 2025 d\u2019un annonceur important \u2013 Bordeaux M\u00e9tropole \u2013 et de r\u00e9gler nos factures en attente.<br \/>Cependant, la cagnotte reste ouverte jusqu\u2019\u00e0 fin septembre afin de vous laisser l\u2019occasion de continuer \u00e0 soutenir votre m\u00e9dia ind\u00e9pendant. Chaque don est d\u00e9ductible des imp\u00f4ts \u00e0 hauteur de 66\u202f%. En recevoir davantage nous permettra de consolider nos finances, d\u2019envisager une rentr\u00e9e sereine, et surtout, d\u2019enrichir nos contenus et de renforcer notre r\u00e9daction.<\/p>\n<p><\/p>\n<p>Lisez la suite pour 1\u20ac<\/p>\n<p>En profitant de notre offre d\u2019essai, r\u00e9siliable en ligne \u00e0 tout moment.<\/p>\n<p><strong>Pour acc\u00e9der \u00e0 cet article, il faut \u00eatre abonn\u00e9. Pourquoi\u00a0?<\/strong><\/p>\n<p>Les informations exclusives, les enqu\u00eates et certains reportages constituent l\u2019\u00e9dition abonn\u00e9s de Rue89 Bordeaux. En tant que m\u00e9dia ind\u00e9pendant, nos ressources proviennent de nos lectrices et lecteurs abonn\u00e9s, aucun milliardaire ni groupe bancaire ne nous finance.<\/p>\n<p>Nous demandons \u00e0 nos lecteurs une faible contribution pour disposer \u00e0 Bordeaux d\u2019un m\u00e9dia critique des pouvoirs, capable d\u2019enqu\u00eater et de traiter les enjeux locaux en profondeur et dans la dur\u00e9e.<\/p>\n<p>Chaque abonnement compte. Toutes nos recettes sont investies dans un journalisme local ind\u00e9pendant, dont la force et la r\u00e9activit\u00e9 d\u00e9pend directement du nombre d\u2019abonn\u00e9s actifs.<\/p>\n<p class=\"has-text-align-right\"><strong><a href=\"https:\/\/rue89bordeaux.com\/?p=128375\" data-type=\"page\" data-id=\"0\" target=\"_blank\" rel=\"noopener\">Je m\u2019abonne\u00a0 <\/a><\/strong><\/p>\n<p>\t\t\t<a href=\"https:\/\/rue89bordeaux.com\/\" class=\"custom-logo-link\" rel=\"home noopener\" target=\"_blank\"><img loading=\"lazy\" decoding=\"async\" width=\"290\" height=\"49\" src=\"https:\/\/www.europesays.com\/fr\/wp-content\/uploads\/2025\/04\/logo.png\" class=\"custom-logo\" alt=\"Rue89Bordeaux Enqu\u00eates et informations de proximit\u00e9\"  \/><\/a><\/p>\n<p>\n\t\t\t\tAbonnez-vous maintenant pour suivre l\u2019actualit\u00e9 locale.\t\t\t<\/p>\n<p class=\"font-bold font-serif-heading mb-2 text-4xl\">\n\t\t\t\t\t\tL\u2019investigation locale \u00e0 port\u00e9e de main.\n\t\t\t\t\t<\/p>\n<p>\n\t\t\t\t\t\tAbonnez-vous et profitez d\u2019un acc\u00e8s illimit\u00e9 \u00e0 Rue89Bordeaux. Annulez quand vous voulez.\n\t\t\t\t\t<\/p>\n<p class=\"xl:text-sm\">\n\t\t\t\t\tD\u00e9j\u00e0 abonn\u00e9\u00a0?<br \/>\n\t\t\t\t\t<a class=\"border border-transparent text-center transition-colors duration-instant focus:border-info focus:rounded focus:shadow-focus cursor-pointer text-black hover:text-gray-700 active:bg-black-700 font-semibold inline-block\" href=\"https:\/\/rue89bordeaux.com\/user\/login\/?redirect=\/2025\/09\/le-maire-de-merignac-decide-darmer-sa-police-municipale\/\" target=\"_blank\" rel=\"noopener\">Connectez-vous<\/a>\t\t\t\t<\/p>\n<p>\n\t\t\t\tChoisissez votre formule\u00a0:\n\t\t\t<\/p>\n<p>\t\t\t\tFermer<\/p>\n","protected":false},"excerpt":{"rendered":"Thierry Trijoulet va doter ses 38 policiers municipaux de M\u00e9rignac d\u2019armes l\u00e9tales. Si les chiffres de la d\u00e9linquance&hellip;\n","protected":false},"author":2,"featured_media":412423,"comment_status":"","ping_status":"","sticky":false,"template":"","format":"standard","meta":{"footnotes":""},"categories":[2817],"tags":[1111,11,6376,1997,1777,674,1011,27,12304,12,2219,2872,25],"class_list":{"0":"post-412422","1":"post","2":"type-post","3":"status-publish","4":"format-standard","5":"has-post-thumbnail","7":"category-bordeaux","8":"tag-actu","9":"tag-actualites","10":"tag-armes","11":"tag-bordeaux","12":"tag-eu","13":"tag-europe","14":"tag-fr","15":"tag-france","16":"tag-merignac","17":"tag-news","18":"tag-nouvelle-aquitaine","19":"tag-police-municipale","20":"tag-republique-francaise"},"share_on_mastodon":{"url":"https:\/\/pubeurope.com\/@fr\/115254736601286204","error":""},"_links":{"self":[{"href":"https:\/\/www.europesays.com\/fr\/wp-json\/wp\/v2\/posts\/412422","targetHints":{"allow":["GET"]}}],"collection":[{"href":"https:\/\/www.europesays.com\/fr\/wp-json\/wp\/v2\/posts"}],"about":[{"href":"https:\/\/www.europesays.com\/fr\/wp-json\/wp\/v2\/types\/post"}],"author":[{"embeddable":true,"href":"https:\/\/www.europesays.com\/fr\/wp-json\/wp\/v2\/users\/2"}],"replies":[{"embeddable":true,"href":"https:\/\/www.europesays.com\/fr\/wp-json\/wp\/v2\/comments?post=412422"}],"version-history":[{"count":0,"href":"https:\/\/www.europesays.com\/fr\/wp-json\/wp\/v2\/posts\/412422\/revisions"}],"wp:featuredmedia":[{"embeddable":true,"href":"https:\/\/www.europesays.com\/fr\/wp-json\/wp\/v2\/media\/412423"}],"wp:attachment":[{"href":"https:\/\/www.europesays.com\/fr\/wp-json\/wp\/v2\/media?parent=412422"}],"wp:term":[{"taxonomy":"category","embeddable":true,"href":"https:\/\/www.europesays.com\/fr\/wp-json\/wp\/v2\/categories?post=412422"},{"taxonomy":"post_tag","embeddable":true,"href":"https:\/\/www.europesays.com\/fr\/wp-json\/wp\/v2\/tags?post=412422"}],"curies":[{"name":"wp","href":"https:\/\/api.w.org\/{rel}","templated":true}]}}