{"id":412432,"date":"2025-09-23T17:18:17","date_gmt":"2025-09-23T17:18:17","guid":{"rendered":"https:\/\/www.europesays.com\/fr\/412432\/"},"modified":"2025-09-23T17:18:17","modified_gmt":"2025-09-23T17:18:17","slug":"auchan-le-tribunal-administratif-de-lille-invalide-le-pse-comprenant-la-suppression-de-2-400-emplois-23-09-2025-a-1842","status":"publish","type":"post","link":"https:\/\/www.europesays.com\/fr\/412432\/","title":{"rendered":"Auchan-Le tribunal administratif de Lille invalide le PSE comprenant la suppression de 2.400 emplois &#8211; 23\/09\/2025 \u00e0 18:42"},"content":{"rendered":"<p>        <img fetchpriority=\"high\" decoding=\"async\" src=\"https:\/\/www.europesays.com\/fr\/wp-content\/uploads\/2025\/09\/2d607b6e120f66bf7de7f3a35c34c51d-760x502.jpg\" alt=\"Le logo du supermarch\u00e9 Auchan\" loading=\"eager\" width=\"760\" height=\"502\" style=\"max-width: 100%!important; height: auto;\"\/><\/p>\n<p class=\"c-image-news__legend\">Le logo du supermarch\u00e9 Auchan<\/p>\n<p>\n Le tribunal administratif de Lille a invalid\u00e9 mardi le plan de sauvegarde de l&#8217;emploi (PSE) pr\u00e9voyant la suppression de 2.400 emplois du g\u00e9ant des supermarch\u00e9s Auchan, invoquant des irr\u00e9gularit\u00e9s de proc\u00e9dure, tandis que le distributeur a d\u00e9clar\u00e9 faire appel.\n<\/p>\n<p>\n Le tribunal a d\u00e9clar\u00e9 que le plan social aurait d\u00fb \u00eatre approuv\u00e9 par les repr\u00e9sentants syndicaux de chacune des cinq composantes du groupe.\n<\/p>\n<p>\n L&rsquo;instance a \u00e9galement constat\u00e9 des irr\u00e9gularit\u00e9s de proc\u00e9dure dans la consultation des comit\u00e9s d&rsquo;entreprise d&rsquo;Auchan.\n<\/p>\n<p>\n Dans un communiqu\u00e9, Auchan a d\u00e9clar\u00e9 mardi faire appel de ce jugement.\n<\/p>\n<p>\n Auchan, qui emploie plus de 50.000 personnes en France, n&rsquo;a pas pu \u00eatre joint imm\u00e9diatement pour un commentaire.\n<\/p>\n<p>\n (R\u00e9dig\u00e9 par Dominique Vidalon ; version fran\u00e7aise Coralie Lamarque ; \u00e9dit\u00e9 par Augustin Turpin)<\/p>\n","protected":false},"excerpt":{"rendered":"Le logo du supermarch\u00e9 Auchan Le tribunal administratif de Lille a invalid\u00e9 mardi le plan de sauvegarde de&hellip;\n","protected":false},"author":2,"featured_media":412433,"comment_status":"","ping_status":"","sticky":false,"template":"","format":"standard","meta":{"footnotes":""},"categories":[2815],"tags":[400,1111,11,398,408,405,1777,674,1011,27,811,403,402,399,1307,404,12,25,401,406,407],"class_list":{"0":"post-412432","1":"post","2":"type-post","3":"status-publish","4":"format-standard","5":"has-post-thumbnail","7":"category-lille","8":"tag-action-cac-40","9":"tag-actu","10":"tag-actualites","11":"tag-bourse-de-paris","12":"tag-boursorama","13":"tag-cotations","14":"tag-eu","15":"tag-europe","16":"tag-fr","17":"tag-france","18":"tag-hauts-de-france","19":"tag-indices-devises","20":"tag-investir","21":"tag-investissement","22":"tag-lille","23":"tag-marche-boursier","24":"tag-news","25":"tag-republique-francaise","26":"tag-sicav","27":"tag-trackers","28":"tag-warrants"},"share_on_mastodon":{"url":"https:\/\/pubeurope.com\/@fr\/115254756187572358","error":""},"_links":{"self":[{"href":"https:\/\/www.europesays.com\/fr\/wp-json\/wp\/v2\/posts\/412432","targetHints":{"allow":["GET"]}}],"collection":[{"href":"https:\/\/www.europesays.com\/fr\/wp-json\/wp\/v2\/posts"}],"about":[{"href":"https:\/\/www.europesays.com\/fr\/wp-json\/wp\/v2\/types\/post"}],"author":[{"embeddable":true,"href":"https:\/\/www.europesays.com\/fr\/wp-json\/wp\/v2\/users\/2"}],"replies":[{"embeddable":true,"href":"https:\/\/www.europesays.com\/fr\/wp-json\/wp\/v2\/comments?post=412432"}],"version-history":[{"count":0,"href":"https:\/\/www.europesays.com\/fr\/wp-json\/wp\/v2\/posts\/412432\/revisions"}],"wp:featuredmedia":[{"embeddable":true,"href":"https:\/\/www.europesays.com\/fr\/wp-json\/wp\/v2\/media\/412433"}],"wp:attachment":[{"href":"https:\/\/www.europesays.com\/fr\/wp-json\/wp\/v2\/media?parent=412432"}],"wp:term":[{"taxonomy":"category","embeddable":true,"href":"https:\/\/www.europesays.com\/fr\/wp-json\/wp\/v2\/categories?post=412432"},{"taxonomy":"post_tag","embeddable":true,"href":"https:\/\/www.europesays.com\/fr\/wp-json\/wp\/v2\/tags?post=412432"}],"curies":[{"name":"wp","href":"https:\/\/api.w.org\/{rel}","templated":true}]}}