{"id":412444,"date":"2025-09-23T17:25:14","date_gmt":"2025-09-23T17:25:14","guid":{"rendered":"https:\/\/www.europesays.com\/fr\/412444\/"},"modified":"2025-09-23T17:25:14","modified_gmt":"2025-09-23T17:25:14","slug":"loperateur-evoque-des-perturbations-en-ile-de-france","status":"publish","type":"post","link":"https:\/\/www.europesays.com\/fr\/412444\/","title":{"rendered":"l&rsquo;op\u00e9rateur \u00e9voque \u00ab\u00a0des perturbations\u00a0\u00bb en \u00cele-de-France"},"content":{"rendered":"<p class=\"article-p mdl\">Internet \u00e0 l&rsquo;arr\u00eat. De nombreux utilisateurs du r\u00e9seau Orange ont constat\u00e9 de probl\u00e8mes de connexion ce mardi 23 septembre. L&rsquo;op\u00e9rateur de t\u00e9l\u00e9phonie mobile a confirm\u00e9, sur le r\u00e9seau social X, \u00ab\u00a0des perturbations sur le r\u00e9seau en \u00cele de France\u00a0\u00bb.\u00a0<\/p>\n<p class=\"article-p mdl\">\u00ab\u00a0Nos \u00e9quipes sont mobilis\u00e9es pour un retour \u00e0 la normale rapide\u00a0\u00bb, \u00e9crit Orange. \u00ab\u00a0Nous vous pr\u00e9sentons nos excuses pour la g\u00eane occasionn\u00e9e.\u00a0\u00bb<\/p>\n<p class=\"article-p mdl\"><strong>&gt;&gt; Plus d&rsquo;informations \u00e0 venir sur RTL.fr<\/strong><\/p>\n<p class=\"s-newsletter__title\">\n                L\u2019actualit\u00e9 par la r\u00e9daction de RTL dans votre bo\u00eete mail.\n            <\/p>\n<p class=\"s-newsletter__subtitle\">\n                Gr\u00e2ce \u00e0 votre compte RTL abonnez-vous \u00e0 la newsletter RTL info pour suivre toute l&rsquo;actualit\u00e9 au quotidien\n            <\/p>\n<p>\n                                    Lire la suite\n                                <\/p>\n","protected":false},"excerpt":{"rendered":"Internet \u00e0 l&rsquo;arr\u00eat. De nombreux utilisateurs du r\u00e9seau Orange ont constat\u00e9 de probl\u00e8mes de connexion ce mardi 23&hellip;\n","protected":false},"author":2,"featured_media":412445,"comment_status":"","ping_status":"","sticky":false,"template":"","format":"standard","meta":{"footnotes":""},"categories":[1592],"tags":[1111,11,1777,674,107,1011,27,662,12,738,626,25,319],"class_list":{"0":"post-412444","1":"post","2":"type-post","3":"status-publish","4":"format-standard","5":"has-post-thumbnail","7":"category-ile-de-france","8":"tag-actu","9":"tag-actualites","10":"tag-eu","11":"tag-europe","12":"tag-fil-info","13":"tag-fr","14":"tag-france","15":"tag-ile-de-france","16":"tag-news","17":"tag-orange","18":"tag-paris","19":"tag-republique-francaise","20":"tag-telephone"},"share_on_mastodon":{"url":"https:\/\/pubeurope.com\/@fr\/115254783163229605","error":""},"_links":{"self":[{"href":"https:\/\/www.europesays.com\/fr\/wp-json\/wp\/v2\/posts\/412444","targetHints":{"allow":["GET"]}}],"collection":[{"href":"https:\/\/www.europesays.com\/fr\/wp-json\/wp\/v2\/posts"}],"about":[{"href":"https:\/\/www.europesays.com\/fr\/wp-json\/wp\/v2\/types\/post"}],"author":[{"embeddable":true,"href":"https:\/\/www.europesays.com\/fr\/wp-json\/wp\/v2\/users\/2"}],"replies":[{"embeddable":true,"href":"https:\/\/www.europesays.com\/fr\/wp-json\/wp\/v2\/comments?post=412444"}],"version-history":[{"count":0,"href":"https:\/\/www.europesays.com\/fr\/wp-json\/wp\/v2\/posts\/412444\/revisions"}],"wp:featuredmedia":[{"embeddable":true,"href":"https:\/\/www.europesays.com\/fr\/wp-json\/wp\/v2\/media\/412445"}],"wp:attachment":[{"href":"https:\/\/www.europesays.com\/fr\/wp-json\/wp\/v2\/media?parent=412444"}],"wp:term":[{"taxonomy":"category","embeddable":true,"href":"https:\/\/www.europesays.com\/fr\/wp-json\/wp\/v2\/categories?post=412444"},{"taxonomy":"post_tag","embeddable":true,"href":"https:\/\/www.europesays.com\/fr\/wp-json\/wp\/v2\/tags?post=412444"}],"curies":[{"name":"wp","href":"https:\/\/api.w.org\/{rel}","templated":true}]}}