{"id":412454,"date":"2025-09-23T17:30:21","date_gmt":"2025-09-23T17:30:21","guid":{"rendered":"https:\/\/www.europesays.com\/fr\/412454\/"},"modified":"2025-09-23T17:30:21","modified_gmt":"2025-09-23T17:30:21","slug":"les-tensions-entre-la-russie-et-lotan-atteignent-leur-paroxysme","status":"publish","type":"post","link":"https:\/\/www.europesays.com\/fr\/412454\/","title":{"rendered":"Les tensions entre la Russie et l&rsquo;OTAN atteignent leur paroxysme"},"content":{"rendered":"<p><strong><a target=\"_blank\" href=\"https:\/\/www.atalayar.com\/fr\/opinion\/michael-walsh\/risques-collateraux-pour-lotan\/20250914113718218093.html\" rel=\"nofollow noopener\">L&rsquo;OTAN<\/a> a signal\u00e9 la pr\u00e9sence d&rsquo;un avion de reconnaissance russe IL-20M survolant l&rsquo;espace a\u00e9rien international de la mer Baltique, gr\u00e2ce \u00e0 un syst\u00e8me d&rsquo;identification visuelle.<\/strong> L&rsquo;avion, construit \u00e0 l&rsquo;\u00e9poque de l&rsquo;Union sovi\u00e9tique, a \u00e9t\u00e9 escort\u00e9 jusqu&rsquo;en Su\u00e8de par deux Eurofighters de l&rsquo;arm\u00e9e de l&rsquo;air allemande qui ont d\u00e9coll\u00e9 de la base de Rostock-Laage.<\/p>\n<p><strong>\u00ab Une fois de plus, notre force d&rsquo;alerte rapide, compos\u00e9e de deux Eurofighters, a \u00e9t\u00e9 charg\u00e9e par l&rsquo;OTAN d&rsquo;enqu\u00eater sur un avion non identifi\u00e9 sans plan de vol ni contact radio dans l&rsquo;espace a\u00e9rien international \u00bb, <\/strong>a expliqu\u00e9 l&rsquo;arm\u00e9e de l&rsquo;air allemande dans un communiqu\u00e9.<\/p>\n<p>Ce cas ne semble pas \u00eatre isol\u00e9, car quelques jours avant cet incident, l&rsquo;Estonie (pays membre de l&rsquo;OTAN) a tir\u00e9 la sonnette d&rsquo;alarme lorsque trois chasseurs MIG-31 ont p\u00e9n\u00e9tr\u00e9 dans son espace a\u00e9rien.<\/p>\n<p><strong>\u00ab L&rsquo;incursion a eu lieu dans le golfe de Finlande, o\u00f9 trois chasseurs MIG-31 de la F\u00e9d\u00e9ration de Russie ont p\u00e9n\u00e9tr\u00e9 sans autorisation dans l&rsquo;espace a\u00e9rien estonien et y sont rest\u00e9s pendant 12 minutes au total \u00bb, <\/strong>a d\u00e9nonc\u00e9 le minist\u00e8re estonien des Affaires \u00e9trang\u00e8res. Il s&rsquo;agit de la cinqui\u00e8me incursion de la Russie dans l&rsquo;espace a\u00e9rien estonien depuis le d\u00e9but de l&rsquo;ann\u00e9e. \u00ab C&rsquo;est inacceptable \u00bb, a d\u00e9clar\u00e9 le ministre des Affaires \u00e9trang\u00e8res, Margus Tsahkna.<\/p>\n<p><strong>La semaine pr\u00e9c\u00e9dant ces incursions d&rsquo;avions en provenance de Moscou, 19 drones russes ont p\u00e9n\u00e9tr\u00e9 dans l&rsquo;espace a\u00e9rien polonais, o\u00f9 ils ont \u00e9t\u00e9 abattus par l&rsquo;arm\u00e9e de l&rsquo;air polonaise et certains partenaires de l&rsquo;OTAN. <\/strong>Ils ont \u00e9galement p\u00e9n\u00e9tr\u00e9 dans l&rsquo;espace a\u00e9rien roumain.<\/p>\n<p>Face \u00e0 cette situation, selon BBC News, l&rsquo;Italie, la Finlande et la Su\u00e8de ont d\u00e9ploy\u00e9 des avions de combat afin de prot\u00e9ger le flanc est de l&rsquo;OTAN. Les membres de l&rsquo;organisation se r\u00e9uniront pour discuter des clauses de l&rsquo;article 4 du trait\u00e9 de l&rsquo;OTAN \u00e0 la demande de l&rsquo;Estonie.<\/p>\n<p>Et selon Al Arab, l&rsquo;initiative \u00ab Eastern Guardian \u00bb a d\u00e9j\u00e0 \u00e9t\u00e9 annonc\u00e9e, \u00e0 laquelle participeront le Danemark, la France et l&rsquo;Allemagne, tandis que d&rsquo;autres pays viennent pr\u00eater main forte pour d\u00e9fendre le c\u00f4t\u00e9 est de l&rsquo;espace a\u00e9rien.<\/p>\n<p>Le Conseil de s\u00e9curit\u00e9 de l&rsquo;ONU tient \u00e9galement une r\u00e9union d&rsquo;urgence car la Russie en est membre et, selon le ministre Tsahkna, \u00ab elle sape des principes essentiels \u00e0 la s\u00e9curit\u00e9 de tous les membres de l&rsquo;ONU \u00bb.<\/p>\n<p>L&rsquo;analyste am\u00e9ricain Max Boot, membre senior de la Fondation pour la s\u00e9curit\u00e9 nationale Jean J. Kirkpatrick, estime que ces incidents s&rsquo;inscrivent dans une strat\u00e9gie de Moscou visant \u00e0 tester l&rsquo;OTAN et \u00e0 dissuader l&rsquo;Europe. Pour \u00e9tayer son point de vue, il avance deux hypoth\u00e8ses : soit on cherche \u00e0 intimider l&rsquo;Europe, soit on teste l&rsquo;article 4 du trait\u00e9 de l&rsquo;OTAN.<\/p>\n<p><strong>Ursula von der Leyen a exig\u00e9 que l&rsquo;UE dispose d&rsquo;une plus grande ind\u00e9pendance en mati\u00e8re de d\u00e9fense, car presque tous les membres sont europ\u00e9ens : \u00ab En renfor\u00e7ant le pilier europ\u00e9en au sein de l&rsquo;OTAN, nous renfor\u00e7ons \u00e9galement la puissance militaire de l&rsquo;Europe et sa capacit\u00e9 de d\u00e9fense \u00bb.<\/strong><\/p>\n<p><img decoding=\"async\" width=\"1200\" height=\"675\" alt=\"\u00a0La presidenta de la Comisi\u00f3n Europea, Ursula von der Leyen - REUTERS\/ STEPHANIE LECOCQ\" src=\"https:\/\/www.europesays.com\/fr\/wp-content\/uploads\/2025\/09\/2025032113250680008.jpg\" loading=\"lazy\"  \/><br \/>\nLa pr\u00e9sidente de la Commission europ\u00e9enne, Ursula von der Leyen &#8211; <strong>REUTERS\/ STEPHANIE LECOCQ<\/strong><\/p>\n<p>Comme on pouvait s&rsquo;y attendre, face \u00e0 la pr\u00e9sence russe dans l&rsquo;espace a\u00e9rien des pays de l&rsquo;OTAN et \u00e0 la guerre en Ukraine, tous les membres sont en \u00e9tat d&rsquo;alerte et estiment qu&rsquo;il est n\u00e9cessaire de r\u00e9agir le plus rapidement possible.<\/p>\n<p>D\u00e8s les n\u00e9gociations, les choses vont mal. Fox News a rapport\u00e9 que le pr\u00e9sident am\u00e9ricain Donald Trump \u00e9tait \u00ab d\u00e9\u00e7u \u00bb par le pr\u00e9sident russe Vladimir Poutine en raison de l&rsquo;\u00e9chec d&rsquo;un accord visant \u00e0 mettre fin au conflit arm\u00e9.<\/p>\n<p>Pour l&rsquo;expert Boot, l&rsquo;inaction des \u00c9tats-Unis, malgr\u00e9 les critiques qu&rsquo;ils \u00e9mettent, devient pr\u00e9occupante. En effet, le pr\u00e9sident a minimis\u00e9 les incursions russes et n&rsquo;a jamais pris de mesures concr\u00e8tes pour freiner l&rsquo;escalade russe. Il a donc expliqu\u00e9 que la Maison Blanche devrait imposer des sanctions plus s\u00e9v\u00e8res \u00e0 Moscou.<\/p>\n<p><strong>\u00ab La Russie met \u00e0 nouveau l&rsquo;OTAN \u00e0 l&rsquo;\u00e9preuve : des dizaines de drones en Pologne la semaine derni\u00e8re, des drones en Lituanie, en Lettonie et en Estonie, et maintenant des avions de combat dans le ciel estonien. Ce sont des provocations d\u00e9lib\u00e9r\u00e9es \u00bb,<\/strong> a d\u00e9clar\u00e9 le ministre lituanien de la D\u00e9fense, Dovile Sakaliene, \u00e0 Fox News.<\/p>\n<p><img decoding=\"async\" width=\"1200\" height=\"675\" alt=\"El logotipo de la OTAN se ve en una reuni\u00f3n del Consejo del Atl\u00e1ntico Norte - REUTERS\/ JOHANNA GERON\" src=\"https:\/\/www.europesays.com\/fr\/wp-content\/uploads\/2025\/09\/2025091014350966660.webp.webp\" loading=\"lazy\"  \/><br \/>\nLe logo de l&rsquo;OTAN est visible lors d&rsquo;une r\u00e9union du Conseil de l&rsquo;Atlantique Nord &#8211; <strong>REUTERS\/ JOHANNA GERON<\/strong><\/p>\n<p>Le ministre a ajout\u00e9 que l&rsquo;OTAN, outre sa pr\u00e9paration militaire, devait faire preuve d&rsquo;unit\u00e9 face \u00e0 Moscou et dissuader la possibilit\u00e9 d&rsquo;une guerre mondiale. Une situation que Donald Trump n&rsquo;exclut pas.<\/p>\n<p>Moscou, pour sa part, a ni\u00e9 toutes les accusations par l&rsquo;interm\u00e9diaire du porte-parole du Kremlin, Dmitri Peskov : \u00ab Nous consid\u00e9rons que ces d\u00e9clarations sont vides de sens, sans fondement et s&rsquo;inscrivent dans la continuit\u00e9 de la politique totalement imparable du pays visant \u00e0 accro\u00eetre les tensions et \u00e0 provoquer un climat de confrontation \u00bb.<\/p>\n<p>Il a fait valoir que toutes les incursions \u00ab s&rsquo;inscrivent strictement dans le cadre des normes internationales \u00bb et a accus\u00e9 l&rsquo;OTAN de vouloir accro\u00eetre les tensions.<\/p>\n","protected":false},"excerpt":{"rendered":"L&rsquo;OTAN a signal\u00e9 la pr\u00e9sence d&rsquo;un avion de reconnaissance russe IL-20M survolant l&rsquo;espace a\u00e9rien international de la mer&hellip;\n","protected":false},"author":2,"featured_media":412455,"comment_status":"","ping_status":"","sticky":false,"template":"","format":"standard","meta":{"footnotes":""},"categories":[1591],"tags":[11,54333,1887,1577,2489,12,136,54332,8940,1885,1886,132,8941],"class_list":{"0":"post-412454","1":"post","2":"type-post","3":"status-publish","4":"format-standard","5":"has-post-thumbnail","7":"category-russie","8":"tag-actualites","9":"tag-estonia","10":"tag-federation-de-russie","11":"tag-l","12":"tag-la-russie","13":"tag-news","14":"tag-otan","15":"tag-polonia","16":"tag-rusia","17":"tag-russia","18":"tag-russian-federation","19":"tag-russie","20":"tag-ucrania"},"share_on_mastodon":{"url":"https:\/\/pubeurope.com\/@fr\/115254803408437975","error":""},"_links":{"self":[{"href":"https:\/\/www.europesays.com\/fr\/wp-json\/wp\/v2\/posts\/412454","targetHints":{"allow":["GET"]}}],"collection":[{"href":"https:\/\/www.europesays.com\/fr\/wp-json\/wp\/v2\/posts"}],"about":[{"href":"https:\/\/www.europesays.com\/fr\/wp-json\/wp\/v2\/types\/post"}],"author":[{"embeddable":true,"href":"https:\/\/www.europesays.com\/fr\/wp-json\/wp\/v2\/users\/2"}],"replies":[{"embeddable":true,"href":"https:\/\/www.europesays.com\/fr\/wp-json\/wp\/v2\/comments?post=412454"}],"version-history":[{"count":0,"href":"https:\/\/www.europesays.com\/fr\/wp-json\/wp\/v2\/posts\/412454\/revisions"}],"wp:featuredmedia":[{"embeddable":true,"href":"https:\/\/www.europesays.com\/fr\/wp-json\/wp\/v2\/media\/412455"}],"wp:attachment":[{"href":"https:\/\/www.europesays.com\/fr\/wp-json\/wp\/v2\/media?parent=412454"}],"wp:term":[{"taxonomy":"category","embeddable":true,"href":"https:\/\/www.europesays.com\/fr\/wp-json\/wp\/v2\/categories?post=412454"},{"taxonomy":"post_tag","embeddable":true,"href":"https:\/\/www.europesays.com\/fr\/wp-json\/wp\/v2\/tags?post=412454"}],"curies":[{"name":"wp","href":"https:\/\/api.w.org\/{rel}","templated":true}]}}