{"id":412479,"date":"2025-09-23T17:45:14","date_gmt":"2025-09-23T17:45:14","guid":{"rendered":"https:\/\/www.europesays.com\/fr\/412479\/"},"modified":"2025-09-23T17:45:14","modified_gmt":"2025-09-23T17:45:14","slug":"motogp-marc-marquez-revele-en-2021-jetais-au-bord-de-la-retraite-ma-plus-grosse-erreur-a-ete-de-revenir-trop-tot-javais-limpression-que-rien-ne-pouvait-marriver","status":"publish","type":"post","link":"https:\/\/www.europesays.com\/fr\/412479\/","title":{"rendered":"MotoGP, Marc Marquez r\u00e9v\u00e8le : \u00ab\u00a0en 2021, j&rsquo;\u00e9tais au bord de la retraite&#8230; Ma plus grosse erreur a \u00e9t\u00e9 de revenir trop t\u00f4t, j&rsquo;avais l&rsquo;impression que rien ne pouvait m&rsquo;arriver\u00a0\u00bb"},"content":{"rendered":"<p><strong>Au Japon, il lui suffira de trois points pour \u00e9galer<br \/>\nValentino Rossi avec un neuvi\u00e8me titre mondial. Mais derri\u00e8re<br \/>\nl\u2019\u00e9clat des victoires et la domination retrouv\u00e9e, l\u2019histoire de<br \/>\nMarc Marquez est avant tout celle d\u2019une r\u00e9surrection.<\/strong><\/p>\n<p>Juillet 2020, Jerez est une date et une \u00e9tape qui changent tout<br \/>\ndans la carri\u00e8re et la vie de <strong>Marc Marquez<\/strong>.<br \/>\nCertain de sa force, il minimise la gravit\u00e9 d\u2019une fracture de<br \/>\nl\u2019hum\u00e9rus. L\u2019homme qui encha\u00eenait quatre couronnes d\u2019affil\u00e9e se<br \/>\ncroyait invincible. Il revient trop vite, trop s\u00fbr de lui, et<br \/>\ns\u2019enferme dans un cauchemar physique et mental.<\/p>\n<p>\u00ab <strong>Ma plus grosse erreur a \u00e9t\u00e9 de revenir trop<br \/>\nt\u00f4t<\/strong> \u00bb, admet-il aujourd\u2019hui. Entre douleurs<br \/>\nconstantes, bras instable et perte de sensations, l\u2019Espagnol<br \/>\nsombre. En 2021, il ne reconna\u00eet plus son corps ni sa vitesse. La<br \/>\nmotivation s\u2019effondre, et avec elle l\u2019envie.<\/p>\n<p>\u00c0 ce moment, <strong>Marquez<\/strong> regarde dans le vide. \u00ab<br \/>\nPourquoi ne pas arr\u00eater ? \u00bb, se demande-t-il. Le doute est<br \/>\nimmense, le d\u00e9sespoir palpable. Pourtant, une petite voix insiste :<br \/>\n\u00ab pourquoi pas continuer ? \u00bb Cette r\u00e9bellion int\u00e9rieure le<br \/>\npousse \u00e0 chercher une r\u00e9ponse. Est-il encore comp\u00e9titif ? Peut-il<br \/>\nredevenir le pilote qui faisait trembler le MotoGP ?<\/p>\n<p>Pour le savoir, <strong>Marc Marquez<\/strong> choisit la voie la<br \/>\nplus risqu\u00e9e : quitter <a href=\"https:\/\/www.paddock-gp.com\/motogp-luca-marini-yamaha-a-pris-le-chemin-le-plus-court-honda-a-choisi-le-plus-long-cest-la-voie-difficile-mais-cest-la-bonne\/\" rel=\"nofollow noopener\" target=\"_blank\"><br \/>\n<strong>Honda<\/strong><\/a>, tourner le dos \u00e0 l\u2019argent et \u00e0<br \/>\nl\u2019histoire, et rejoindre quasi gratuitement <a href=\"https:\/\/www.paddock-gp.com\/motogp-ducati-reorganise-ses-priorites-alex-marquez-heritera-de-la-troisieme-moto-dusine-en-2026\/\" rel=\"nofollow noopener\" target=\"_blank\"><br \/>\n<strong>Gresini Racing<\/strong><\/a>. Une d\u00e9cision de survie.<\/p>\n<p><img loading=\"lazy\" decoding=\"async\" class=\"aligncenter size-full wp-image-1331478\" src=\"https:\/\/www.europesays.com\/fr\/wp-content\/uploads\/2025\/09\/Marc-Marquez-7-1.jpg\" alt=\"\" width=\"619\" height=\"434\"  \/><\/p>\n<p><strong>Marc Marquez\u00a0: \u00ab<br \/>\nsi je n\u2019avais pas \u00e9t\u00e9 comp\u00e9titif avec Gresini, j\u2019\u00e9tais s\u00fbr que<br \/>\nma carri\u00e8re serait termin\u00e9e \u00bb<\/strong><\/p>\n<p>\u00ab J\u2019ai mis de c\u00f4t\u00e9 les relations, l\u2019argent,<br \/>\nl\u2019histoire. Si je n\u2019avais pas \u00e9t\u00e9 comp\u00e9titif avec<br \/>\nGresini, j\u2019\u00e9tais s\u00fbr que ma carri\u00e8re serait termin\u00e9e \u00bb,<br \/>\nconfie-t-il \u00e0 <a href=\"https:\/\/www.motogp.com\/en\/videos\/2025\/09\/19\/marc-marquez-retirement-was-close\/759443\" rel=\"nofollow noopener\" target=\"_blank\"><br \/>\nmotogp.com<\/a>. Aux c\u00f4t\u00e9s de son fr\u00e8re <strong>Alex<\/strong>, il<br \/>\nretrouve la vitesse, la confiance, et surtout, la victoire. La<br \/>\nr\u00e9ponse qu\u2019il cherchait est l\u00e0 : il peut encore dominer.<\/p>\n<p>Une fois rassur\u00e9, <strong>Marquez<\/strong> passe \u00e0 l\u2019\u00e9tape<br \/>\nsuivante : viser le sommet avec l\u2019arme absolue, la <strong>Ducati<br \/>\nusine<\/strong>. \u00ab <strong>D\u00e8s mon arriv\u00e9e, j\u2019ai su que j\u2019\u00e9tais<br \/>\nau bon endroit<\/strong> \u00bb, explique-t-il. D\u00e8s la pr\u00e9saison, un<br \/>\nseul objectif guide ses pas : redevenir champion du monde.<\/p>\n<p>Le r\u00e9sultat d\u00e9passe l\u2019imaginable : victoires en s\u00e9rie,<br \/>\nperformances sur des circuits historiquement compliqu\u00e9s, et une<br \/>\ndomination qui efface les doutes. \u00ab\u00a0Je sais, par<br \/>\nexp\u00e9rience, que <strong>tout peut changer du jour au<br \/>\nlendemain<\/strong>. Essayer ne garantit pas la r\u00e9ussite. Mais c\u2019est<br \/>\nd\u00e9j\u00e0 une r\u00e9ussite, car si on n\u2019essaie pas, on ne sait<br \/>\njamais<strong>. Quand je prendrai ma retraite, je saurai qu\u2019il<br \/>\n\u00e9tait impossible de faire plus d\u2019efforts que<br \/>\npr\u00e9vu<\/strong>\u00a0\u00bb.<\/p>\n<p>Aujourd\u2019hui, <strong>Marc Marquez<\/strong> se permet d\u2019en<br \/>\nsourire : \u00ab <strong>il y a deux ans, je n\u2019aurais jamais imagin\u00e9<br \/>\n\u00eatre dans cette forme<\/strong>. \u00bb Son chemin n\u2019a rien d\u2019une<br \/>\nligne droite : il est pass\u00e9 par l\u2019ab\u00eeme avant de retrouver la<br \/>\nlumi\u00e8re. Mais c\u2019est peut-\u00eatre cette travers\u00e9e du d\u00e9sert qui lui<br \/>\ndonne aujourd\u2019hui cette assurance nouvelle.<\/p>\n<p>\u00c0 Motegi, le <strong>28 septembre<\/strong>, l\u2019histoire pourrait<br \/>\ns\u2019\u00e9crire en lettres d\u2019or. Non pas seulement celle d\u2019un neuvi\u00e8me<br \/>\ntitre, mais celle d\u2019un pilote qui a os\u00e9 d\u00e9fier sa propre fin, et<br \/>\nqui a prouv\u00e9 qu\u2019il pouvait rena\u00eetre plus fort encore.<\/p>\n<p><img loading=\"lazy\" decoding=\"async\" class=\"aligncenter size-full wp-image-1331479\" src=\"https:\/\/www.europesays.com\/fr\/wp-content\/uploads\/2025\/09\/Marc-Marquez-8.jpg\" alt=\"Marc Marquez \" width=\"644\" height=\"385\"  \/><\/p>\n","protected":false},"excerpt":{"rendered":"Au Japon, il lui suffira de trois points pour \u00e9galer Valentino Rossi avec un neuvi\u00e8me titre mondial. Mais&hellip;\n","protected":false},"author":2,"featured_media":412480,"comment_status":"","ping_status":"","sticky":false,"template":"","format":"standard","meta":{"footnotes":""},"categories":[1413],"tags":[1011,27,1457,1456,60],"class_list":{"0":"post-412479","1":"post","2":"type-post","3":"status-publish","4":"format-standard","5":"has-post-thumbnail","7":"category-moto","8":"tag-fr","9":"tag-france","10":"tag-moto","11":"tag-motocycle","12":"tag-sports"},"share_on_mastodon":{"url":"https:\/\/pubeurope.com\/@fr\/115254862310670314","error":""},"_links":{"self":[{"href":"https:\/\/www.europesays.com\/fr\/wp-json\/wp\/v2\/posts\/412479","targetHints":{"allow":["GET"]}}],"collection":[{"href":"https:\/\/www.europesays.com\/fr\/wp-json\/wp\/v2\/posts"}],"about":[{"href":"https:\/\/www.europesays.com\/fr\/wp-json\/wp\/v2\/types\/post"}],"author":[{"embeddable":true,"href":"https:\/\/www.europesays.com\/fr\/wp-json\/wp\/v2\/users\/2"}],"replies":[{"embeddable":true,"href":"https:\/\/www.europesays.com\/fr\/wp-json\/wp\/v2\/comments?post=412479"}],"version-history":[{"count":0,"href":"https:\/\/www.europesays.com\/fr\/wp-json\/wp\/v2\/posts\/412479\/revisions"}],"wp:featuredmedia":[{"embeddable":true,"href":"https:\/\/www.europesays.com\/fr\/wp-json\/wp\/v2\/media\/412480"}],"wp:attachment":[{"href":"https:\/\/www.europesays.com\/fr\/wp-json\/wp\/v2\/media?parent=412479"}],"wp:term":[{"taxonomy":"category","embeddable":true,"href":"https:\/\/www.europesays.com\/fr\/wp-json\/wp\/v2\/categories?post=412479"},{"taxonomy":"post_tag","embeddable":true,"href":"https:\/\/www.europesays.com\/fr\/wp-json\/wp\/v2\/tags?post=412479"}],"curies":[{"name":"wp","href":"https:\/\/api.w.org\/{rel}","templated":true}]}}