{"id":412514,"date":"2025-09-23T18:03:31","date_gmt":"2025-09-23T18:03:31","guid":{"rendered":"https:\/\/www.europesays.com\/fr\/412514\/"},"modified":"2025-09-23T18:03:31","modified_gmt":"2025-09-23T18:03:31","slug":"un-show-techno-house-et-afro-house-pour-la-nocturne-de-la-foire","status":"publish","type":"post","link":"https:\/\/www.europesays.com\/fr\/412514\/","title":{"rendered":"un show techno house et afro house pour la nocturne de la foire"},"content":{"rendered":"<p>Lanc\u00e9 il y a 2 ans, Euphoria Music va conna\u00eetre \u00ab\u00a0un vrai tremplin\u00a0\u00bb vendredi soir \u00e0 l\u2019occasion de la nocturne de la foire. \u00ab\u00a0Ce sera notre plus grande sc\u00e8ne, estime Arthur Driot. Et de loin, puisqu\u2019il y aura entre\u00a03\u00a0000\u00a0et 4\u00a0000 personnes, soit dix fois plus de monde que lors de notre plus grosse prestation.\u00a0\u00bb<\/p>\n<p>Cr\u00e9\u00e9 par Arthur Driot et Pierre-Alex Talbot, Euphoria music est parti d\u2019un constat\u00a0: \u00ab\u00a0Beaucoup de choses se font \u00e0 Saint-\u00c9tienne, mais il n\u2019y avait pas de soir\u00e9es \u00e0 notre go\u00fbt, du type house ou afro house. En tout cas, pas en dehors des bo\u00eetes de nuit. Alors&#8230;<\/p>\n","protected":false},"excerpt":{"rendered":"Lanc\u00e9 il y a 2 ans, Euphoria Music va conna\u00eetre \u00ab\u00a0un vrai tremplin\u00a0\u00bb vendredi soir \u00e0 l\u2019occasion de&hellip;\n","protected":false},"author":2,"featured_media":412515,"comment_status":"","ping_status":"","sticky":false,"template":"","format":"standard","meta":{"footnotes":""},"categories":[9653],"tags":[1111,11,2430,1687,7539,1777,674,1011,27,12,4043,25,4001,7538,953],"class_list":{"0":"post-412514","1":"post","2":"type-post","3":"status-publish","4":"format-standard","5":"has-post-thumbnail","7":"category-saint-etienne","8":"tag-actu","9":"tag-actualites","10":"tag-auvergne-rhone-alpes","11":"tag-culture-loisirs","12":"tag-edition-loire-sud","13":"tag-eu","14":"tag-europe","15":"tag-fr","16":"tag-france","17":"tag-news","18":"tag-repas-et-the-dansant","19":"tag-republique-francaise","20":"tag-saint-etienne","21":"tag-saint-etienne-ville","22":"tag-soiree"},"share_on_mastodon":{"url":"https:\/\/pubeurope.com\/@fr\/115254932578828552","error":""},"_links":{"self":[{"href":"https:\/\/www.europesays.com\/fr\/wp-json\/wp\/v2\/posts\/412514","targetHints":{"allow":["GET"]}}],"collection":[{"href":"https:\/\/www.europesays.com\/fr\/wp-json\/wp\/v2\/posts"}],"about":[{"href":"https:\/\/www.europesays.com\/fr\/wp-json\/wp\/v2\/types\/post"}],"author":[{"embeddable":true,"href":"https:\/\/www.europesays.com\/fr\/wp-json\/wp\/v2\/users\/2"}],"replies":[{"embeddable":true,"href":"https:\/\/www.europesays.com\/fr\/wp-json\/wp\/v2\/comments?post=412514"}],"version-history":[{"count":0,"href":"https:\/\/www.europesays.com\/fr\/wp-json\/wp\/v2\/posts\/412514\/revisions"}],"wp:featuredmedia":[{"embeddable":true,"href":"https:\/\/www.europesays.com\/fr\/wp-json\/wp\/v2\/media\/412515"}],"wp:attachment":[{"href":"https:\/\/www.europesays.com\/fr\/wp-json\/wp\/v2\/media?parent=412514"}],"wp:term":[{"taxonomy":"category","embeddable":true,"href":"https:\/\/www.europesays.com\/fr\/wp-json\/wp\/v2\/categories?post=412514"},{"taxonomy":"post_tag","embeddable":true,"href":"https:\/\/www.europesays.com\/fr\/wp-json\/wp\/v2\/tags?post=412514"}],"curies":[{"name":"wp","href":"https:\/\/api.w.org\/{rel}","templated":true}]}}