{"id":412518,"date":"2025-09-23T18:05:16","date_gmt":"2025-09-23T18:05:16","guid":{"rendered":"https:\/\/www.europesays.com\/fr\/412518\/"},"modified":"2025-09-23T18:05:16","modified_gmt":"2025-09-23T18:05:16","slug":"voici-pourquoi-les-bancs-en-metal-ont-disparu-ou-presque","status":"publish","type":"post","link":"https:\/\/www.europesays.com\/fr\/412518\/","title":{"rendered":"voici pourquoi les bancs en m\u00e9tal ont disparu (ou presque)"},"content":{"rendered":"<p>            Par<br \/>\n        <strong><br \/>\n            <a href=\"https:\/\/actu.fr\/auteur\/amandine-mehl\" title=\"Consulter tous les articles de Amandine Mehl\" target=\"_blank\" rel=\"noopener\">Amandine Mehl<\/a><br \/>\n        <\/strong><\/p>\n<p>        Publi\u00e9 le<\/p>\n<p>            23 sept. 2025 \u00e0 18h30        <\/p>\n<p><a href=\"https:\/\/actu.fr\/grand-est\/nancy_54395\/place-simone-veil-a-nancy-les-habitants-conquis-par-les-nouveaux-bancs_61569216.html\" target=\"_blank\" rel=\"noopener\">Nouveaux bancs<\/a>, installation de <strong>mobilier en bois<\/strong>, <strong>arbres<\/strong>, <strong>plantes<\/strong> et <strong>vivaces<\/strong>\u2026 \u00c0 <strong>Nancy<\/strong>, la <a href=\"https:\/\/actu.fr\/grand-est\/nancy_54395\/transformation-de-la-place-simone-veil-a-nancy-voici-les-amenagements-attendus-en-2024_60946528.html\" target=\"_blank\" rel=\"noopener\">transformation de la place Simone Veil<\/a>, jug\u00e9e trop min\u00e9rale, a d\u00e9but\u00e9 \u00e0 l\u2019\u00e9t\u00e9 2024.<\/p>\n<p class=\" wall-content\">Ne pouvant accueillir des installations p\u00e9rennes en raison d\u2019un <a href=\"https:\/\/actu.fr\/grand-est\/nancy_54395\/transformation-de-la-place-simone-veil-a-nancy-voici-les-amenagements-attendus-en-2024_60946528.html\" target=\"_blank\" rel=\"noopener\">contentieux autour de la dalle<\/a>, pour l\u2019heure, la municipalit\u00e9 a fait le choix d\u2019entamer une d\u00e9marche d\u2019<a href=\"https:\/\/actu.fr\/tag\/urbanisme\" target=\"_blank\" rel=\"noopener\">urbanisme<\/a> transitoire. La seconde phase a \u00e9t\u00e9 lanc\u00e9e lundi 22\u00a0septembre 2025 et s\u2019\u00e9talera <strong>jusqu\u2019\u00e0 la mi-novembre<\/strong>. Voici les changements attendus.<\/p>\n<p>Retrait des bancs en m\u00e9tal place Simone Veil<\/p>\n<p class=\" wall-content\">Cette nouvelle \u00e9tape est marqu\u00e9e par le <strong>retrait<\/strong> des <a href=\"https:\/\/actu.fr\/grand-est\/nancy_54395\/les-bancs-de-la-place-de-la-gare-a-nancy-vont-disparaitre-ils-ne-vont-pas-me-manquer_60689822.html\" target=\"_blank\" rel=\"noopener\">bancs<\/a> en m\u00e9tal. Seuls deux d\u2019entre eux demeuraient encore place Simone Veil ce mardi 23 septembre.\u00a0<\/p>\n<p class=\" wall-content\">Interrog\u00e9e, la M\u00e9tropole du Grand Nancy indique qu\u2019ils vont \u00eatre <strong>stock\u00e9s sur le site Alstom<\/strong> avant d\u2019\u00eatre <strong>r\u00e9utilis\u00e9s pour am\u00e9nager la ZAC Nancy Grand C\u0153ur<\/strong>, notamment au niveau des nouveaux espaces verts qui se trouveront \u00e0 la place de la <a href=\"https:\/\/actu.fr\/grand-est\/nancy_54395\/nancy-que-va-devenir-l-ancienne-caserne-des-pompiers-situee-pres-de-la-gare_61516003.html\" target=\"_blank\" rel=\"noopener\">caserne Joffre<\/a>.<\/p>\n<p>Des lanternes et une tour de projection pour la Saint-Nicolas<\/p>\n<p class=\" wall-content\">S\u2019agissant des <strong>bancs en bois<\/strong>, ils vont \u00eatre red\u00e9ploy\u00e9s ailleurs sur la place et du <strong>nouveau mobilier,<\/strong> toujours en bois, va \u00eatre install\u00e9. Les <strong>arbres<\/strong> vont quant \u00e0 eux \u00eatre <strong>rempot\u00e9s<\/strong>.<\/p>\n<p class=\" wall-content\">Enfin, dans le cadre des <a href=\"https:\/\/actu.fr\/grand-est\/nancy_54395\/fetes-de-saint-nicolas-a-nancy-dates-theme-nouveautes-voici-tout-ce-que-l-on-sait-deja-de-l-edition-2025_63173235.html\" target=\"_blank\" rel=\"noopener\">F\u00eates de Saint-Nicolas<\/a>, alors que la d\u00e9cision de <strong>ne pas installer<\/strong> de <a href=\"https:\/\/actu.fr\/grand-est\/nancy_54395\/exclusif-fetes-de-saint-nicolas-a-nancy-il-n-y-aura-pas-de-village-place-simone-veil-cette-annee_63163953.html\" target=\"_blank\" rel=\"noopener\">village place Simone Veil<\/a> a \u00e9t\u00e9 act\u00e9e, des <strong>lanternes<\/strong> et une <strong>tour de projection<\/strong> vont venir d\u00e9corer le site.<\/p>\n<p class=\" wall-content\">\u00c0 noter que des <strong>panneaux explicatifs<\/strong> pour pr\u00e9senter le projet dans sa globalit\u00e9 seront expos\u00e9s \u00e0 partir du lundi 29\u00a0septembre.<\/p>\n<p class=\" wall-content\">Personnalisez votre actualit\u00e9 en ajoutant vos villes et m\u00e9dias en favori avec <a href=\"https:\/\/moncompte.actu.fr\" title=\"D\u00e9couvez Mon Actu\" rel=\"nofollow noopener\" data-trk=\"{&quot;cta&quot;:{&quot;action&quot;:&quot;https:\\\/\\\/moncompte.actu.fr&quot;,&quot;category&quot;:&quot;mon compte&quot;,&quot;from&quot;:&quot;article footer&quot;,&quot;name&quot;:&quot;Mon actu&quot;,&quot;type&quot;:&quot;cta&quot;}}\" target=\"_blank\">Mon Actu<\/a>.<\/p>\n","protected":false},"excerpt":{"rendered":"Par Amandine Mehl Publi\u00e9 le 23 sept. 2025 \u00e0 18h30 Nouveaux bancs, installation de mobilier en bois, arbres,&hellip;\n","protected":false},"author":2,"featured_media":412519,"comment_status":"","ping_status":"","sticky":false,"template":"","format":"standard","meta":{"footnotes":""},"categories":[9635],"tags":[1111,11,1777,674,1011,27,775,1702,12,25,104,1352],"class_list":{"0":"post-412518","1":"post","2":"type-post","3":"status-publish","4":"format-standard","5":"has-post-thumbnail","7":"category-nancy","8":"tag-actu","9":"tag-actualites","10":"tag-eu","11":"tag-europe","12":"tag-fr","13":"tag-france","14":"tag-grand-est","15":"tag-nancy","16":"tag-news","17":"tag-republique-francaise","18":"tag-societe","19":"tag-urbanisme"},"share_on_mastodon":{"url":"https:\/\/pubeurope.com\/@fr\/115254940338254254","error":""},"_links":{"self":[{"href":"https:\/\/www.europesays.com\/fr\/wp-json\/wp\/v2\/posts\/412518","targetHints":{"allow":["GET"]}}],"collection":[{"href":"https:\/\/www.europesays.com\/fr\/wp-json\/wp\/v2\/posts"}],"about":[{"href":"https:\/\/www.europesays.com\/fr\/wp-json\/wp\/v2\/types\/post"}],"author":[{"embeddable":true,"href":"https:\/\/www.europesays.com\/fr\/wp-json\/wp\/v2\/users\/2"}],"replies":[{"embeddable":true,"href":"https:\/\/www.europesays.com\/fr\/wp-json\/wp\/v2\/comments?post=412518"}],"version-history":[{"count":0,"href":"https:\/\/www.europesays.com\/fr\/wp-json\/wp\/v2\/posts\/412518\/revisions"}],"wp:featuredmedia":[{"embeddable":true,"href":"https:\/\/www.europesays.com\/fr\/wp-json\/wp\/v2\/media\/412519"}],"wp:attachment":[{"href":"https:\/\/www.europesays.com\/fr\/wp-json\/wp\/v2\/media?parent=412518"}],"wp:term":[{"taxonomy":"category","embeddable":true,"href":"https:\/\/www.europesays.com\/fr\/wp-json\/wp\/v2\/categories?post=412518"},{"taxonomy":"post_tag","embeddable":true,"href":"https:\/\/www.europesays.com\/fr\/wp-json\/wp\/v2\/tags?post=412518"}],"curies":[{"name":"wp","href":"https:\/\/api.w.org\/{rel}","templated":true}]}}