{"id":412520,"date":"2025-09-23T18:07:18","date_gmt":"2025-09-23T18:07:18","guid":{"rendered":"https:\/\/www.europesays.com\/fr\/412520\/"},"modified":"2025-09-23T18:07:18","modified_gmt":"2025-09-23T18:07:18","slug":"en-direct-suivez-la-rencontre-entre-le-fc-annecy-et-las-nancy-lorraine","status":"publish","type":"post","link":"https:\/\/www.europesays.com\/fr\/412520\/","title":{"rendered":"En direct. Suivez la rencontre entre le FC Annecy et l&rsquo;AS Nancy Lorraine"},"content":{"rendered":"<p>&#13;<br \/>\n                                                    En direct&#13;<br \/>\n                        &#13;\n                                            <\/p>\n<p>Apr\u00e8s sa frustrante d\u00e9faite face au Red Star, l&rsquo;ASNL encha\u00eene par un d\u00e9placement&#8230; \u00e0 Dijon o\u00f9 elle croise ce mardi soir le FC Annecy qui a d\u00fb d\u00e9localiser ses premiers matches \u00e0 domicile. Un avantage pour les Nanc\u00e9iens ? R\u00e9ponse sur les coups de 22 heures.\u00a0 <\/p>\n<p>&#13;<br \/>\n              L&rsquo;Est R\u00e9publicain  &#8211; &#13;<br \/>\n        &#13;<br \/>\n          Aujourd&rsquo;hui \u00e0 13:16&#13;<br \/>\n    &#13;<br \/>\n                  | mis \u00e0 jour aujourd&rsquo;hui \u00e0 20:05&#13;<br \/>\n              &#8211; Temps de lecture : &#13;<br \/>\n  &#13;<\/p>\n","protected":false},"excerpt":{"rendered":"&#13; En direct&#13; &#13; Apr\u00e8s sa frustrante d\u00e9faite face au Red Star, l&rsquo;ASNL encha\u00eene par un d\u00e9placement&#8230; \u00e0&hellip;\n","protected":false},"author":2,"featured_media":412521,"comment_status":"","ping_status":"","sticky":false,"template":"","format":"standard","meta":{"footnotes":""},"categories":[9635],"tags":[1111,11,3703,3602,1707,1704,1706,1705,1777,674,107,1701,63,1011,27,775,1702,12,25,517,1700],"class_list":{"0":"post-412520","1":"post","2":"type-post","3":"status-publish","4":"format-standard","5":"has-post-thumbnail","7":"category-nancy","8":"tag-actu","9":"tag-actualites","10":"tag-asnl","11":"tag-edition-bar-le-duc","12":"tag-edition-luneville","13":"tag-edition-nancy-et-agglomeration","14":"tag-edition-pont-a-mousson","15":"tag-edition-toul","16":"tag-eu","17":"tag-europe","18":"tag-fil-info","19":"tag-fil-info-sport","20":"tag-football","21":"tag-fr","22":"tag-france","23":"tag-grand-est","24":"tag-nancy","25":"tag-news","26":"tag-republique-francaise","27":"tag-sport","28":"tag-sport-lorrain"},"share_on_mastodon":{"url":"https:\/\/pubeurope.com\/@fr\/115254948292023793","error":""},"_links":{"self":[{"href":"https:\/\/www.europesays.com\/fr\/wp-json\/wp\/v2\/posts\/412520","targetHints":{"allow":["GET"]}}],"collection":[{"href":"https:\/\/www.europesays.com\/fr\/wp-json\/wp\/v2\/posts"}],"about":[{"href":"https:\/\/www.europesays.com\/fr\/wp-json\/wp\/v2\/types\/post"}],"author":[{"embeddable":true,"href":"https:\/\/www.europesays.com\/fr\/wp-json\/wp\/v2\/users\/2"}],"replies":[{"embeddable":true,"href":"https:\/\/www.europesays.com\/fr\/wp-json\/wp\/v2\/comments?post=412520"}],"version-history":[{"count":0,"href":"https:\/\/www.europesays.com\/fr\/wp-json\/wp\/v2\/posts\/412520\/revisions"}],"wp:featuredmedia":[{"embeddable":true,"href":"https:\/\/www.europesays.com\/fr\/wp-json\/wp\/v2\/media\/412521"}],"wp:attachment":[{"href":"https:\/\/www.europesays.com\/fr\/wp-json\/wp\/v2\/media?parent=412520"}],"wp:term":[{"taxonomy":"category","embeddable":true,"href":"https:\/\/www.europesays.com\/fr\/wp-json\/wp\/v2\/categories?post=412520"},{"taxonomy":"post_tag","embeddable":true,"href":"https:\/\/www.europesays.com\/fr\/wp-json\/wp\/v2\/tags?post=412520"}],"curies":[{"name":"wp","href":"https:\/\/api.w.org\/{rel}","templated":true}]}}