{"id":412530,"date":"2025-09-23T18:13:16","date_gmt":"2025-09-23T18:13:16","guid":{"rendered":"https:\/\/www.europesays.com\/fr\/412530\/"},"modified":"2025-09-23T18:13:16","modified_gmt":"2025-09-23T18:13:16","slug":"pres-de-rouen-la-mairie-refuse-linstallation-dun-funerarium-en-face-dune-ecole","status":"publish","type":"post","link":"https:\/\/www.europesays.com\/fr\/412530\/","title":{"rendered":"Pr\u00e8s de Rouen, la mairie refuse l\u2019installation d\u2019un fun\u00e9rarium en face d\u2019une \u00e9cole"},"content":{"rendered":"<p>            Par<br \/>\n        <strong><br \/>\n            <a href=\"https:\/\/actu.fr\/auteur\/emilien-jacques\" title=\"Consulter tous les articles de Emilien Jacques\" target=\"_blank\" rel=\"noopener\">Emilien Jacques<\/a><br \/>\n        <\/strong><\/p>\n<p>        Publi\u00e9 le<\/p>\n<p>            23 sept. 2025 \u00e0 15h54        <\/p>\n<p>L\u2019\u00e9t\u00e9 dernier, la mairie de <a href=\"https:\/\/actu.fr\/normandie\/saint-aubin-les-elbeuf_76561\" target=\"_blank\" rel=\"noopener\">Saint-Aubin-l\u00e8s-Elbeuf (Seine-Maritime)<\/a> recevait une demande de la soci\u00e9t\u00e9 Funecap Ouest de construire une <b>chambre fun\u00e9raire<\/b> au num\u00e9ro\u00a015 de la rue Serge-Vezier.<\/p>\n<p class=\" wall-content\">Apr\u00e8s \u00e9tude du dossier, la d\u00e9cision a \u00e9t\u00e9 prise lors du dernier conseil municipal de septembre\u00a02025 de <b>refuser <\/b>cette demande.<\/p>\n<p>Des \u00e9coliers expos\u00e9s<\/p>\n<p class=\" wall-content\">La raison principale du refus des \u00e9lus n\u2019est pas due \u00e0 l\u2019existence m\u00eame d\u2019une chambre fun\u00e9raire sur la commune, mais au fait de la construire \u00e0 l\u2019adresse \u00e9voqu\u00e9e, entre la rue Serge-Vezier et la rue Victor-Hugo. \u00c0 une vingtaine de m\u00e8tres de l\u00e0 se situe <b>l\u2019\u00e9cole primaire<\/b> du m\u00eame nom.<\/p>\n<blockquote class=\"ac-article-quote wall-content\">\n<p>Les fen\u00eatres de classes donnent sur la rue o\u00f9 doivent s\u2019effectuer la r\u00e9ception et la sortie des corps.<\/p>\n<p>Communiqu\u00e9 de la ville de Saint-Aubin<\/p><\/blockquote>\n<p class=\" wall-content\">Pas question pour les \u00e9lus que les <b>enfants <\/b>assistent aux all\u00e9es et venues des cort\u00e8ges fun\u00e9raires.<\/p>\n<p>Vid\u00e9os : en ce moment sur Actu<\/p>\n<p class=\" wall-content\">De plus, un immeuble situ\u00e9 rue Serge-Vezier se serait trouv\u00e9 en face de l\u2019entr\u00e9e principale du <b>fun\u00e9rarium<\/b>. Certains appartements de l\u2019immeuble auraient eu \u00ab\u2009une vue plongeante sur la fa\u00e7ade de la chambre fun\u00e9raire o\u00f9 l\u2019acc\u00e8s du public se fera\u2009\u00bb, et d\u2019autres \u00ab\u2009une vue sur le c\u00f4t\u00e9 o\u00f9 sont pr\u00e9vues la r\u00e9ception et la sortie des <b>corps\u2009<\/b>\u00bb, ajoute la Ville.<\/p>\n<p class=\" wall-content\">Enfin, les habitants d\u2019une maison mitoyenne auraient aussi pu \u00eatre incommod\u00e9s par cette activit\u00e9.<\/p>\n<p>Votre r\u00e9gion, votre actu !<\/p>\n<p>Recevez chaque jour les infos qui comptent pour vous.<\/p>\n<p>\t<a href=\"https:\/\/actu.fr\/newsletter\" class=\"ac-btn ac-btn--corner ac-btn--medium ac-btn--blue800\" target=\"_blank\" rel=\"noopener\">S&rsquo;incrire<\/a><br \/>\nVers un nouvel emplacement\u2009?<\/p>\n<p class=\" wall-content\">Pour autant, l\u2019installation du fun\u00e9rarium sur la commune n\u2019est pas remise en cause.<\/p>\n<p class=\" wall-content\">La municipalit\u00e9 affirme \u00eatre \u00ab\u2009en pourparlers pour trouver une <b>implantation <\/b>sur le territoire communal plus adapt\u00e9e que celle retenue par cette soci\u00e9t\u00e9 de pompes fun\u00e8bres\u2009\u00bb, et \u00e9voque notamment \u00ab\u2009la pr\u00e9sence du <b>CHI <\/b>qui doit fatalement g\u00e9n\u00e9rer des besoins pour les familles endeuill\u00e9es\u2009\u00bb.<\/p>\n<p class=\" wall-content\">\u00ab\u2009La municipalit\u00e9 ne s\u2019oppose donc absolument pas \u00e0 une nouvelle implantation\u2009\u00bb, conclut-elle.<\/p>\n<p class=\" wall-content\">Personnalisez votre actualit\u00e9 en ajoutant vos villes et m\u00e9dias en favori avec <a href=\"https:\/\/moncompte.actu.fr\" title=\"D\u00e9couvez Mon Actu\" rel=\"nofollow noopener\" data-trk=\"{&quot;cta&quot;:{&quot;action&quot;:&quot;https:\\\/\\\/moncompte.actu.fr&quot;,&quot;category&quot;:&quot;mon compte&quot;,&quot;from&quot;:&quot;article footer&quot;,&quot;name&quot;:&quot;Mon actu&quot;,&quot;type&quot;:&quot;cta&quot;}}\" target=\"_blank\">Mon Actu<\/a>.<\/p>\n","protected":false},"excerpt":{"rendered":"Par Emilien Jacques Publi\u00e9 le 23 sept. 2025 \u00e0 15h54 L\u2019\u00e9t\u00e9 dernier, la mairie de Saint-Aubin-l\u00e8s-Elbeuf (Seine-Maritime) recevait&hellip;\n","protected":false},"author":2,"featured_media":412531,"comment_status":"","ping_status":"","sticky":false,"template":"","format":"standard","meta":{"footnotes":""},"categories":[9587],"tags":[1111,11,4019,1777,674,1011,27,12,5161,25,9590,104],"class_list":{"0":"post-412530","1":"post","2":"type-post","3":"status-publish","4":"format-standard","5":"has-post-thumbnail","7":"category-rouen","8":"tag-actu","9":"tag-actualites","10":"tag-ecoles","11":"tag-eu","12":"tag-europe","13":"tag-fr","14":"tag-france","15":"tag-news","16":"tag-normandie","17":"tag-republique-francaise","18":"tag-rouen","19":"tag-societe"},"share_on_mastodon":{"url":"https:\/\/pubeurope.com\/@fr\/115254971936922113","error":""},"_links":{"self":[{"href":"https:\/\/www.europesays.com\/fr\/wp-json\/wp\/v2\/posts\/412530","targetHints":{"allow":["GET"]}}],"collection":[{"href":"https:\/\/www.europesays.com\/fr\/wp-json\/wp\/v2\/posts"}],"about":[{"href":"https:\/\/www.europesays.com\/fr\/wp-json\/wp\/v2\/types\/post"}],"author":[{"embeddable":true,"href":"https:\/\/www.europesays.com\/fr\/wp-json\/wp\/v2\/users\/2"}],"replies":[{"embeddable":true,"href":"https:\/\/www.europesays.com\/fr\/wp-json\/wp\/v2\/comments?post=412530"}],"version-history":[{"count":0,"href":"https:\/\/www.europesays.com\/fr\/wp-json\/wp\/v2\/posts\/412530\/revisions"}],"wp:featuredmedia":[{"embeddable":true,"href":"https:\/\/www.europesays.com\/fr\/wp-json\/wp\/v2\/media\/412531"}],"wp:attachment":[{"href":"https:\/\/www.europesays.com\/fr\/wp-json\/wp\/v2\/media?parent=412530"}],"wp:term":[{"taxonomy":"category","embeddable":true,"href":"https:\/\/www.europesays.com\/fr\/wp-json\/wp\/v2\/categories?post=412530"},{"taxonomy":"post_tag","embeddable":true,"href":"https:\/\/www.europesays.com\/fr\/wp-json\/wp\/v2\/tags?post=412530"}],"curies":[{"name":"wp","href":"https:\/\/api.w.org\/{rel}","templated":true}]}}