{"id":412540,"date":"2025-09-23T18:18:11","date_gmt":"2025-09-23T18:18:11","guid":{"rendered":"https:\/\/www.europesays.com\/fr\/412540\/"},"modified":"2025-09-23T18:18:11","modified_gmt":"2025-09-23T18:18:11","slug":"vetter-a-strasbourg-ratsiajetsinimaro-a-schiltigheim","status":"publish","type":"post","link":"https:\/\/www.europesays.com\/fr\/412540\/","title":{"rendered":"Vetter \u00e0 Strasbourg, Ratsiajetsinimaro \u00e0 Schiltigheim"},"content":{"rendered":"<p>La Commission nationale d\u2019investiture du parti Les R\u00e9publicains (LR), s\u2019est r\u00e9unie ce mardi en d\u00e9but de soir\u00e9e dans le cadre de la pr\u00e9paration des \u00e9lections municipales de mars 2026. Pour Strasbourg, elle a d\u00e9cid\u00e9 d\u2019investir Jean-Philippe Vetter, conseiller municipal d\u2019opposition et conseiller d\u00e9partemental.<\/p>\n<p>Pour Schiltigheim, elle investit Dera Ratsiajetsinimaro, conseiller municipal d\u2019opposition.<\/p>\n<p>Sans surprise, la CNI a suivi l\u2019avis de la f\u00e9d\u00e9ration d\u00e9partementale qui, le 10 septembre dernier, avait apport\u00e9 son soutien \u00e0 ces deux candidats \u00e0 l\u2019investiture LR. Une seconde candidature \u00e0 l\u2019investiture avait \u00e9t\u00e9 enregistr\u00e9e pour Strasbourg, celle de l\u2019ancien responsable des Jeunes LR67 Yazid Knibiehly.<\/p>\n","protected":false},"excerpt":{"rendered":"La Commission nationale d\u2019investiture du parti Les R\u00e9publicains (LR), s\u2019est r\u00e9unie ce mardi en d\u00e9but de soir\u00e9e dans&hellip;\n","protected":false},"author":2,"featured_media":412541,"comment_status":"","ping_status":"","sticky":false,"template":"","format":"standard","meta":{"footnotes":""},"categories":[2820],"tags":[1111,11,2389,2649,2880,1777,674,107,1011,27,775,6319,12,316,25,640,2879],"class_list":{"0":"post-412540","1":"post","2":"type-post","3":"status-publish","4":"format-standard","5":"has-post-thumbnail","7":"category-strasbourg","8":"tag-actu","9":"tag-actualites","10":"tag-alsace","11":"tag-bas-rhin","12":"tag-edition-strasbourg","13":"tag-eu","14":"tag-europe","15":"tag-fil-info","16":"tag-fr","17":"tag-france","18":"tag-grand-est","19":"tag-les-republicains","20":"tag-news","21":"tag-politique","22":"tag-republique-francaise","23":"tag-strasbourg","24":"tag-strasbourg-ville"},"share_on_mastodon":{"url":"https:\/\/pubeurope.com\/@fr\/115254991803974032","error":""},"_links":{"self":[{"href":"https:\/\/www.europesays.com\/fr\/wp-json\/wp\/v2\/posts\/412540","targetHints":{"allow":["GET"]}}],"collection":[{"href":"https:\/\/www.europesays.com\/fr\/wp-json\/wp\/v2\/posts"}],"about":[{"href":"https:\/\/www.europesays.com\/fr\/wp-json\/wp\/v2\/types\/post"}],"author":[{"embeddable":true,"href":"https:\/\/www.europesays.com\/fr\/wp-json\/wp\/v2\/users\/2"}],"replies":[{"embeddable":true,"href":"https:\/\/www.europesays.com\/fr\/wp-json\/wp\/v2\/comments?post=412540"}],"version-history":[{"count":0,"href":"https:\/\/www.europesays.com\/fr\/wp-json\/wp\/v2\/posts\/412540\/revisions"}],"wp:featuredmedia":[{"embeddable":true,"href":"https:\/\/www.europesays.com\/fr\/wp-json\/wp\/v2\/media\/412541"}],"wp:attachment":[{"href":"https:\/\/www.europesays.com\/fr\/wp-json\/wp\/v2\/media?parent=412540"}],"wp:term":[{"taxonomy":"category","embeddable":true,"href":"https:\/\/www.europesays.com\/fr\/wp-json\/wp\/v2\/categories?post=412540"},{"taxonomy":"post_tag","embeddable":true,"href":"https:\/\/www.europesays.com\/fr\/wp-json\/wp\/v2\/tags?post=412540"}],"curies":[{"name":"wp","href":"https:\/\/api.w.org\/{rel}","templated":true}]}}