{"id":412546,"date":"2025-09-23T18:21:17","date_gmt":"2025-09-23T18:21:17","guid":{"rendered":"https:\/\/www.europesays.com\/fr\/412546\/"},"modified":"2025-09-23T18:21:17","modified_gmt":"2025-09-23T18:21:17","slug":"lemotion-reprend-le-dessus-comment-les-pilotes-davion-gerent-ils-la-peur","status":"publish","type":"post","link":"https:\/\/www.europesays.com\/fr\/412546\/","title":{"rendered":"\u00ab L\u2019\u00e9motion reprend le dessus \u00bb\u2026 Comment les pilotes d\u2019avion g\u00e8rent-ils la peur ?"},"content":{"rendered":"<p class=\"mb-4 text-lg md:leading-8 break-words\"><strong>m\u00e9ga frayeur &#8211; Une collision entre deux avions a \u00e9t\u00e9 \u00e9vit\u00e9e dimanche soir \u00e0 l\u2019a\u00e9roport de Nice. Un appareil de la compagnie Nouvel air \u00e9tait en train d\u2019atterrir lorsqu\u2019il a fr\u00f4l\u00e9 un avion Easyjet qui se trouvait d\u00e9j\u00e0 sur la piste<\/strong><\/p>\n<p class=\"mb-4 text-lg md:leading-8 break-words\">Le pire <a href=\"https:\/\/www.20minutes.fr\/societe\/4174595-20250922-nice-incident-grave-collision-entre-deux-evitee-justesse?at_medium=RSS%20feed&amp;at_campaign=ynews&amp;utm_source=yahoo&amp;utm_medium=rss&amp;utm_campaign=news_feed&amp;utm_content=in_article_link\" rel=\"nofollow noopener\" target=\"_blank\" data-ylk=\"slk:a \u00e9t\u00e9 \u00e9vit\u00e9 de justesse;elm:context_link;itc:0;sec:content-canvas\" class=\"link \">a \u00e9t\u00e9 \u00e9vit\u00e9 de justesse<\/a>. Dimanche peu apr\u00e8s 23h30, un avion de la compagnie Nouvel air en en provenance de Tunis se pr\u00e9pare \u00e0 atterrir sur la piste 04 droite de l\u2019a\u00e9roport de <a href=\"https:\/\/www.20minutes.fr\/nice\/?at_medium=RSS%20feed&amp;at_campaign=ynews&amp;utm_source=yahoo&amp;utm_medium=rss&amp;utm_campaign=news_feed&amp;utm_content=in_article_link\" rel=\"nofollow noopener\" target=\"_blank\" data-ylk=\"slk:Nice;elm:context_link;itc:0;sec:content-canvas\" class=\"link \">Nice<\/a>. Le pilote n\u2019a semble-t-il pas vu l\u2019Airbus A320 d\u2019Easyjet qui se trouve d\u00e9j\u00e0 sur cette piste et va d\u00e9coller en direction de Nantes. Le pilote en approche <a href=\"https:\/\/www.20minutes.fr\/justice\/4174764-20250923-nice-enquete-ouverte-traumatisme-passagers-sait-collision-evitee-justesse-aeroport?at_medium=RSS%20feed&amp;at_campaign=ynews&amp;utm_source=yahoo&amp;utm_medium=rss&amp;utm_campaign=news_feed&amp;utm_content=in_article_link\" rel=\"nofollow noopener\" target=\"_blank\" data-ylk=\"slk:remet les gaz in extremis;elm:context_link;itc:0;sec:content-canvas\" class=\"link \">remet les gaz in extremis<\/a>, les deux appareils se sont fr\u00f4l\u00e9s. Le commandant de bord de la compagnie anglaise adresse ensuite un message aux passagers. \u00ab Il a parl\u00e9 avec son c\u0153ur. Il \u00e9tait en larmes, disant qu\u2019il \u00e9tait choqu\u00e9 et qu\u2019il ne pouvait pas repartir dans ces conditions \u00bb, a t\u00e9moign\u00e9 l\u2019un d\u2019eux aupr\u00e8s de <a href=\"https:\/\/www.nicematin.com\/faits-divers\/frayeur-a-l-aeroport-de-nice-un-avion-de-nouvelair-frole-un-easyjet-au-decollage-un-passager-temoigne-1002959?at_medium=RSS%20feed&amp;at_campaign=ynews&amp;utm_source=yahoo&amp;utm_medium=rss&amp;utm_campaign=news_feed&amp;utm_content=in_article_link\" rel=\"nofollow noopener\" target=\"_blank\" data-ylk=\"slk:Nice-Matin;elm:context_link;itc:0;sec:content-canvas\" class=\"link \">Nice-Matin<\/a>.<\/p>\n<p class=\"mb-4 text-lg md:leading-8 break-words\">\u00ab Il y a un traumatisme. C\u2019est normal, ce n\u2019est pas pass\u00e9 loin. On peut comprendre que le pilote d\u00e9clare qu\u2019il n\u2019est pas en \u00e9tat de reprendre le vol. C\u2019est rare, mais \u00e7a arrive \u00bb, explique \u00e0 20 Minutes G\u00e9rard Feldzer, pr\u00e9sident d\u2019Aviation sans fronti\u00e8res. Lui-m\u00eame a \u00e9t\u00e9 marqu\u00e9 par un incident survenu il y a plusieurs ann\u00e9es lors d\u2019un vol entre Paris et Dakar. \u00ab Un passager suicidaire est entr\u00e9 dans le cockpit et a coup\u00e9 les quatre moteurs. \u00bb Apr\u00e8s avoir \u00e9t\u00e9 ma\u00eetris\u00e9, l\u2019homme a perdu connaissance avant de mourir. \u00ab \u00c7a a \u00e9t\u00e9 assez violent. On s\u2019est d\u00e9rout\u00e9s sur Bordeaux. J\u2019ai r\u00e9uni l\u2019\u00e9quipage en leur disant qu\u2019ils \u00e9taient libres de continuer ou pas. J\u2019ai estim\u00e9, avec mon copilote, qu\u2019on \u00e9tait en \u00e9tat de poursuivre le vol. L\u2019\u00e9quipage s\u2019est soutenu mutuellement et on a d\u00e9coll\u00e9 deux heures apr\u00e8s \u00bb, raconte l\u2019ancien pilote de l(&#8230;)<\/p>\n<p class=\"mb-4 text-lg md:leading-8 break-words\"><a href=\"https:\/\/www.20minutes.fr\/societe\/4174801-20250923-crash-evite-nice-emotion-reprend-dessus-comment-pilotes-avion-gerent-peur?at_medium=RSS%20feed&amp;at_campaign=ynews&amp;utm_source=yahoo&amp;utm_medium=rss&amp;utm_campaign=news_feed&amp;utm_content=read_more_link&quot;\" rel=\"nofollow noopener\" target=\"_blank\" data-ylk=\"slk:Lire la suite sur 20minutes;elm:context_link;itc:0;sec:content-canvas\" class=\"link \">Lire la suite sur 20minutes<\/a><\/p>\n<p>\u00c0 lire aussi :<br \/><a href=\"https:\/\/www.20minutes.fr\/justice\/4174764-20250923-nice-enquete-ouverte-traumatisme-passagers-sait-collision-evitee-justesse-aeroport?at_medium=RSS%20feed&amp;at_campaign=ynews&amp;utm_source=yahoo&amp;utm_medium=rss&amp;utm_campaign=news_feed&amp;utm_content=related_content_link\" rel=\"nofollow noopener\" target=\"_blank\" data-ylk=\"slk:Nice : Enqu\u00eate ouverte, traumatisme des passagers\u2026 Ce que l\u2019on sait sur la collision \u00e9vit\u00e9e de justesse \u00e0 l\u2019a\u00e9roport;elm:context_link;itc:0;sec:content-canvas\" class=\"link \">Nice : Enqu\u00eate ouverte, traumatisme des passagers\u2026 Ce que l\u2019on sait sur la collision \u00e9vit\u00e9e de justesse \u00e0 l\u2019a\u00e9roport<\/a><br \/><a href=\"https:\/\/www.20minutes.fr\/societe\/4174595-20250922-nice-incident-grave-collision-entre-deux-evitee-justesse?at_medium=RSS%20feed&amp;at_campaign=ynews&amp;utm_source=yahoo&amp;utm_medium=rss&amp;utm_campaign=news_feed&amp;utm_content=related_content_link\" rel=\"nofollow noopener\" target=\"_blank\" data-ylk=\"slk:Nice : \u00ab Un incident grave \u00bb\u2026 Une collision entre deux avions \u00e9vit\u00e9e de \u00ab justesse \u00bb;elm:context_link;itc:0;sec:content-canvas\" class=\"link \">Nice : \u00ab Un incident grave \u00bb\u2026 Une collision entre deux avions \u00e9vit\u00e9e de \u00ab justesse \u00bb<\/a><\/p>\n","protected":false},"excerpt":{"rendered":"m\u00e9ga frayeur &#8211; Une collision entre deux avions a \u00e9t\u00e9 \u00e9vit\u00e9e dimanche soir \u00e0 l\u2019a\u00e9roport de Nice. Un&hellip;\n","protected":false},"author":2,"featured_media":412547,"comment_status":"","ping_status":"","sticky":false,"template":"","format":"standard","meta":{"footnotes":""},"categories":[2819],"tags":[1111,11,1777,674,1011,27,40524,41525,54336,17306,12,2401,882,25],"class_list":{"0":"post-412546","1":"post","2":"type-post","3":"status-publish","4":"format-standard","5":"has-post-thumbnail","7":"category-nice","8":"tag-actu","9":"tag-actualites","10":"tag-eu","11":"tag-europe","12":"tag-fr","13":"tag-france","14":"tag-laeroport-de-nice","15":"tag-la-compagnie","16":"tag-le-pilote","17":"tag-les-deux","18":"tag-news","19":"tag-nice","20":"tag-provence-alpes-cote-dazur","21":"tag-republique-francaise"},"share_on_mastodon":{"url":"https:\/\/pubeurope.com\/@fr\/115255003350165933","error":""},"_links":{"self":[{"href":"https:\/\/www.europesays.com\/fr\/wp-json\/wp\/v2\/posts\/412546","targetHints":{"allow":["GET"]}}],"collection":[{"href":"https:\/\/www.europesays.com\/fr\/wp-json\/wp\/v2\/posts"}],"about":[{"href":"https:\/\/www.europesays.com\/fr\/wp-json\/wp\/v2\/types\/post"}],"author":[{"embeddable":true,"href":"https:\/\/www.europesays.com\/fr\/wp-json\/wp\/v2\/users\/2"}],"replies":[{"embeddable":true,"href":"https:\/\/www.europesays.com\/fr\/wp-json\/wp\/v2\/comments?post=412546"}],"version-history":[{"count":0,"href":"https:\/\/www.europesays.com\/fr\/wp-json\/wp\/v2\/posts\/412546\/revisions"}],"wp:featuredmedia":[{"embeddable":true,"href":"https:\/\/www.europesays.com\/fr\/wp-json\/wp\/v2\/media\/412547"}],"wp:attachment":[{"href":"https:\/\/www.europesays.com\/fr\/wp-json\/wp\/v2\/media?parent=412546"}],"wp:term":[{"taxonomy":"category","embeddable":true,"href":"https:\/\/www.europesays.com\/fr\/wp-json\/wp\/v2\/categories?post=412546"},{"taxonomy":"post_tag","embeddable":true,"href":"https:\/\/www.europesays.com\/fr\/wp-json\/wp\/v2\/tags?post=412546"}],"curies":[{"name":"wp","href":"https:\/\/api.w.org\/{rel}","templated":true}]}}