{"id":412565,"date":"2025-09-23T18:32:14","date_gmt":"2025-09-23T18:32:14","guid":{"rendered":"https:\/\/www.europesays.com\/fr\/412565\/"},"modified":"2025-09-23T18:32:14","modified_gmt":"2025-09-23T18:32:14","slug":"metropole-de-lyon-veronique-sarselli-officiellement-investie-par-les-lr-enclenche-le-mode-campagne","status":"publish","type":"post","link":"https:\/\/www.europesays.com\/fr\/412565\/","title":{"rendered":"M\u00e9tropole de Lyon. V\u00e9ronique Sarselli, officiellement investie par les LR, enclenche le mode campagne"},"content":{"rendered":"<p>La discr\u00e9tion de la campagne de V\u00e9ronique Sarselli pour les \u00e9lections m\u00e9tropolitaines a \u00e9t\u00e9 critiqu\u00e9e dans son propre camp. Mais le proc\u00e8s n\u2019avait pas lieu d\u2019\u00eatre \u00e0 en croire l\u2019\u00e9quipe rapproch\u00e9e de la maire de Sainte-Foy-l\u00e8s-Lyon, car la R\u00e9publicaine n\u2019\u00e9tait, semble-t-il, pas encore v\u00e9ritablement rentr\u00e9e dans l\u2019ar\u00e8ne. C\u2019est seulement ce mercredi 24\u00a0septembre que V\u00e9ronique Sarselli va passer en mode campagne en lan\u00e7ant une s\u00e9rie d\u2019ateliers de consultation avec des citoyens et des \u00e9lus.<\/p>\n<p>  Officiellement investie<\/p>\n<p>Cette entr\u00e9e en campagne co\u00efncide avec la d\u00e9cision de la Commission nationale d\u2019investiture des R\u00e9publicains, r\u00e9unie ce mardi \u00e0 Paris, qui l\u2019a d\u00e9sign\u00e9e officiellement comme candidate cheffe de file \u00e0 la pr\u00e9sidence de la M\u00e9tropole de Lyon pour l\u2019\u00e9lection de mars\u00a02026. \u00ab\u00a0Je mesure l\u2019honneur et la responsabilit\u00e9 de cette investiture. Je serai la candidate du rassemblement, du travail et du combat, pour proposer aux Grands Lyonnais un projet solide, cr\u00e9dible et port\u00e9 par une nouvelle donne d\u00e9mocratique\u00a0\u00bb, d\u00e9clare-t-elle dans un communiqu\u00e9.<\/p>\n<p>Le premier de ces ateliers est organis\u00e9 dans le deuxi\u00e8me arrondissement de Lyon ce mercredi. Il est consacr\u00e9 \u00e0 la gouvernance d\u00e9mocratique que\u00a0V\u00e9ronique Sarselli compte mettre en place si elle succ\u00e8de \u00e0 Bruno Bernard en mars prochain \u00e0 la pr\u00e9sidence de la M\u00e9tropole de Lyon.<\/p>\n","protected":false},"excerpt":{"rendered":"La discr\u00e9tion de la campagne de V\u00e9ronique Sarselli pour les \u00e9lections m\u00e9tropolitaines a \u00e9t\u00e9 critiqu\u00e9e dans son propre&hellip;\n","protected":false},"author":2,"featured_media":412566,"comment_status":"","ping_status":"","sticky":false,"template":"","format":"standard","meta":{"footnotes":""},"categories":[1889],"tags":[1111,11,2430,2757,36284,1777,674,1011,27,6319,2428,2756,12,316,25,2429],"class_list":{"0":"post-412565","1":"post","2":"type-post","3":"status-publish","4":"format-standard","5":"has-post-thumbnail","7":"category-lyon","8":"tag-actu","9":"tag-actualites","10":"tag-auvergne-rhone-alpes","11":"tag-edition-lyon-villeurbanne","12":"tag-elections-metropolitaines","13":"tag-eu","14":"tag-europe","15":"tag-fr","16":"tag-france","17":"tag-les-republicains","18":"tag-lyon","19":"tag-lyon-bassin","20":"tag-news","21":"tag-politique","22":"tag-republique-francaise","23":"tag-rhone"},"share_on_mastodon":{"url":"https:\/\/pubeurope.com\/@fr\/115255046598934471","error":""},"_links":{"self":[{"href":"https:\/\/www.europesays.com\/fr\/wp-json\/wp\/v2\/posts\/412565","targetHints":{"allow":["GET"]}}],"collection":[{"href":"https:\/\/www.europesays.com\/fr\/wp-json\/wp\/v2\/posts"}],"about":[{"href":"https:\/\/www.europesays.com\/fr\/wp-json\/wp\/v2\/types\/post"}],"author":[{"embeddable":true,"href":"https:\/\/www.europesays.com\/fr\/wp-json\/wp\/v2\/users\/2"}],"replies":[{"embeddable":true,"href":"https:\/\/www.europesays.com\/fr\/wp-json\/wp\/v2\/comments?post=412565"}],"version-history":[{"count":0,"href":"https:\/\/www.europesays.com\/fr\/wp-json\/wp\/v2\/posts\/412565\/revisions"}],"wp:featuredmedia":[{"embeddable":true,"href":"https:\/\/www.europesays.com\/fr\/wp-json\/wp\/v2\/media\/412566"}],"wp:attachment":[{"href":"https:\/\/www.europesays.com\/fr\/wp-json\/wp\/v2\/media?parent=412565"}],"wp:term":[{"taxonomy":"category","embeddable":true,"href":"https:\/\/www.europesays.com\/fr\/wp-json\/wp\/v2\/categories?post=412565"},{"taxonomy":"post_tag","embeddable":true,"href":"https:\/\/www.europesays.com\/fr\/wp-json\/wp\/v2\/tags?post=412565"}],"curies":[{"name":"wp","href":"https:\/\/api.w.org\/{rel}","templated":true}]}}