{"id":412594,"date":"2025-09-23T18:47:14","date_gmt":"2025-09-23T18:47:14","guid":{"rendered":"https:\/\/www.europesays.com\/fr\/412594\/"},"modified":"2025-09-23T18:47:14","modified_gmt":"2025-09-23T18:47:14","slug":"tarn-personnalite-de-delphine-recit-des-gendarmes-revivez-la-deuxieme-journee-du-proces-de-cedric-jubillar","status":"publish","type":"post","link":"https:\/\/www.europesays.com\/fr\/412594\/","title":{"rendered":"Tarn. Personnalit\u00e9 de Delphine, r\u00e9cit des gendarmes&#8230; revivez la deuxi\u00e8me journ\u00e9e du proc\u00e8s de C\u00e9dric Jubillar"},"content":{"rendered":"<p>L\u2019administratrice en charge du suivi et de la protection des enfants du couple Jubillar invite\u00a0leur p\u00e8re C\u00e9dric \u00e0 leur fournir des r\u00e9ponses\u00a0:\u00a0\u00ab Il va falloir qu&rsquo;ils essaient d&rsquo;avancer avec ce traumatisme et la premi\u00e8re personne qui peut les amener \u00e0 bien \u00e9voluer, c&rsquo;est vous M. Jubillar en r\u00e9pondant \u00e0 leurs questions \u00bb, a martel\u00e9\u00a0cette administratrice, mandat\u00e9e par la justice pour d\u00e9fendre les int\u00e9r\u00eats des enfants, le p\u00e8re \u00e9tant incarc\u00e9r\u00e9 et la m\u00e8re disparue.<\/p>\n<p>Dans son box, C\u00e9dric Jubillar a opin\u00e9 de la t\u00eate, en signe d&rsquo;approbation. La petite fille du couple Jubillar, Elyah, \u00ab demande \u00e0 son papa de dire si sa maman est vivante ou pas \u00bb tandis que leur fils, Louis, est \u00ab convaincu que son p\u00e8re est responsable \u00bb de la disparition de sa maman et demande un lieu sur lequel il pourrait se recueillir, a rapport\u00e9 la t\u00e9moin, soulignant que les enfants affirmaient qu&rsquo;ils aimaient leur p\u00e8re. \u00ab Louis, surtout depuis cet \u00e9t\u00e9, nous a dit qu&rsquo;il \u00e9tait tr\u00e8s, tr\u00e8s en col\u00e8re vis-\u00e0-vis de son p\u00e8re \u00bb, a-t-elle poursuivi, tandis qu&rsquo;Elyah, \u00ab tr\u00e8s spontan\u00e9e, solaire, et qui parle en toute innocence dit qu&rsquo;elle a une baguette magique, fait la formule abracadabra pour que sa maman revienne \u00bb.<\/p>\n","protected":false},"excerpt":{"rendered":"L\u2019administratrice en charge du suivi et de la protection des enfants du couple Jubillar invite\u00a0leur p\u00e8re C\u00e9dric \u00e0&hellip;\n","protected":false},"author":2,"featured_media":412595,"comment_status":"","ping_status":"","sticky":false,"template":"","format":"standard","meta":{"footnotes":""},"categories":[2],"tags":[11,271,272,12255,41602,274,107,1011,27,329,12,25],"class_list":{"0":"post-412594","1":"post","2":"type-post","3":"status-publish","4":"format-standard","5":"has-post-thumbnail","7":"category-actualites","8":"tag-actualites","9":"tag-crime","10":"tag-delit-et-contravention","11":"tag-direct-actualite","12":"tag-disparition-de-delphine-jubillar","13":"tag-faits-divers-justice","14":"tag-fil-info","15":"tag-fr","16":"tag-france","17":"tag-france-monde","18":"tag-news","19":"tag-republique-francaise"},"share_on_mastodon":{"url":"https:\/\/pubeurope.com\/@fr\/115255105603156305","error":""},"_links":{"self":[{"href":"https:\/\/www.europesays.com\/fr\/wp-json\/wp\/v2\/posts\/412594","targetHints":{"allow":["GET"]}}],"collection":[{"href":"https:\/\/www.europesays.com\/fr\/wp-json\/wp\/v2\/posts"}],"about":[{"href":"https:\/\/www.europesays.com\/fr\/wp-json\/wp\/v2\/types\/post"}],"author":[{"embeddable":true,"href":"https:\/\/www.europesays.com\/fr\/wp-json\/wp\/v2\/users\/2"}],"replies":[{"embeddable":true,"href":"https:\/\/www.europesays.com\/fr\/wp-json\/wp\/v2\/comments?post=412594"}],"version-history":[{"count":0,"href":"https:\/\/www.europesays.com\/fr\/wp-json\/wp\/v2\/posts\/412594\/revisions"}],"wp:featuredmedia":[{"embeddable":true,"href":"https:\/\/www.europesays.com\/fr\/wp-json\/wp\/v2\/media\/412595"}],"wp:attachment":[{"href":"https:\/\/www.europesays.com\/fr\/wp-json\/wp\/v2\/media?parent=412594"}],"wp:term":[{"taxonomy":"category","embeddable":true,"href":"https:\/\/www.europesays.com\/fr\/wp-json\/wp\/v2\/categories?post=412594"},{"taxonomy":"post_tag","embeddable":true,"href":"https:\/\/www.europesays.com\/fr\/wp-json\/wp\/v2\/tags?post=412594"}],"curies":[{"name":"wp","href":"https:\/\/api.w.org\/{rel}","templated":true}]}}