{"id":412608,"date":"2025-09-23T18:56:15","date_gmt":"2025-09-23T18:56:15","guid":{"rendered":"https:\/\/www.europesays.com\/fr\/412608\/"},"modified":"2025-09-23T18:56:15","modified_gmt":"2025-09-23T18:56:15","slug":"12-million-de-telespectateurs-devant-om-psg-sur-ligue-1-lequipe","status":"publish","type":"post","link":"https:\/\/www.europesays.com\/fr\/412608\/","title":{"rendered":"1,2 million de t\u00e9l\u00e9spectateurs devant OM-PSG sur Ligue 1+ &#8211; L&#039;\u00c9quipe"},"content":{"rendered":"<ol>\n<li><a href=\"https:\/\/news.google.com\/rss\/articles\/CBMiqAFBVV95cUxOSFJqSW50Rjh2bTVDcUNFNHBnbXZONFFGSF9YMjBnUXp0ckZPSWs1T1pQZnFpUU5kMmNQWVM5V05OM09xb2Z0ZmRhcEd1ZDdBTEoySWlwcXFHU2xlZGVwWmQwSTdmWU9EcG1oaXFLcHVjdlBPbDdLWTBGeDJ6MGNUTEJFVi1KRFNGVVpRWExMY1N0UFhRZjU4dlBWdnpscjZCeG9ESk1NOVQ?oc=5\" target=\"_blank\" rel=\"noopener\">1,2 million de t\u00e9l\u00e9spectateurs devant OM-PSG sur Ligue 1+<\/a>&nbsp;&nbsp;L&rsquo;\u00c9quipe<\/li>\n<li><a href=\"https:\/\/news.google.com\/rss\/articles\/CBMiggJBVV95cUxOR0szVEY3cm10OTB4cVZOVGR1RmtxbGlQNDJ5Mkk1aUJsUnBGeWppM2RlYVF4NVA5Z2I3SGlCOWotanZkYVZnRHY3S3BLT0piNWo4NnVieTNhOXl6aV9YNFE0dzdHem01akhHTDB5a0JVN0JkS25iYmNqbnZRTzB3QXh3MUhEbGN4ZHdITUJWdUtKM2J5YWVLZHVHcTlLZGhwV3pDWHV3UUEtRUh3SkJJMFRwMTZzZUVRd2t0UGJ1c0Q1VlNjTnRrM2xmeEtFTnFjYS1lVUR0eENmTmdlRUt5bGw2NVN3eEFudl9mcDBYMkhxZEY2UEhMNlBnSTlZUUY5R2c?oc=5\" target=\"_blank\" rel=\"noopener\">D&rsquo;abord attribu\u00e9 \u00e0 Nayef Aguerd, le but de la victoire de l&rsquo;OM face au PSG est finalement un contre son camp de Marquinhos<\/a>&nbsp;&nbsp;L&rsquo;\u00c9quipe<\/li>\n<li><a href=\"https:\/\/news.google.com\/rss\/articles\/CBMivAFBVV95cUxNcUEzcVJ5ZThxV2VQUlFRZnkxaS0xUkpXOGZlZC10OGhEWFNieVB6M2dYaG1WbHRvZ0dZcXBkUjJIT0o2YnhkQWhIdjllWnhqYTk5V3huaU51UUdBQ2E5cXBua1JzVktIQlZCc1g2SUhSMXFaeEJBUnBmYWxhaUZ4eDBJamhGWm82eEs0QjV0WTBkNmg0X013ZVV5N3lXMDhnOE5yNTVfaGRlV084cXN3NEdFTDhoM1pCQlFZSdIBwgFBVV95cUxNRjBPLS1kUENuVkgwWDFzcHlxYlpxdC1td1pNZFpUV0JuREYxUjlWdXJ2dlFmT2FYXzNoTjRUUld5UnA4UEVWMUZTRVFodENqX3JoZ1NYdnVxQlhqbkJoc2I0VTI5eVRQSzVjckpST0pfanBPLXR0YUZTZmEtWjhpeDhRWWdsZUQ4aEw3ZmdaNmZ4UnNrdDBlaldYUEVnUFB5VVRTUHp5cEVjbUZZVW5WcUsydGpjTmQzVDFUQzYtR1Fmdw?oc=5\" target=\"_blank\" rel=\"noopener\">Audience record pour Ligue 1 +<\/a>&nbsp;&nbsp;Boursorama<\/li>\n<li><a href=\"https:\/\/news.google.com\/rss\/articles\/CBMi5wFBVV95cUxObHI1bjFtRXc4VlpiU2RQRWlwSkg3U3ZfNlV3UnQtVDhRRnF4X3c1T2lMbHllZ2w0cm5fSWtUVElETkdtR1JWNDRiU1lMNG5Tby15SlJBTkxxaUdyQUx3VFE2MVlvV0Z1M1hYbWdKYlFHZGdZWlJEUG9lckVKRDVQaHZyU0h6amFDMm11Wnp0dzJsOU9OajRJNFhvWU8zRmMyNWdRNE1XNEo5NWNoRURVVHJubm8yRm5nOFhjbXF1NGZtNzdOMDhSNFVZUmV1YTVYbkM3T1c5NVp6ZnhZZVJEOWY5RDZnakk?oc=5\" target=\"_blank\" rel=\"noopener\">\u00ab\u00a0Hier tu chantais, tu fanfaronnais\u00a0\u00bb: Di Meco savoure sa revanche contre Rothen apr\u00e8s OM-PSG<\/a>&nbsp;&nbsp;RMC Sport<\/li>\n<li><a href=\"https:\/\/news.google.com\/rss\/articles\/CBMisAFBVV95cUxOZXVBUnREdHoySDFjcjVDbmduQy1HVTBvQjljQ21ndmVubG1ORnp0SU9LWGZEN0hKeDZSRTJ4a25OOTFXYWQtVVdQMzJTaFlhSjA1LXBMRTI4UGl1V3p1VE10T21aTU1abEVDTlduZ0pWUzRiRWtmNEJKR184dTQ0UE9XbXdkTDZtZEI5SU5KMUp3NVJnZXduUUJBNk5EUkJITnMweUMzU2JGYnI0c0FqOA?oc=5\" target=\"_blank\" rel=\"noopener\">PSG : le message de Lucas Chevalier apr\u00e8s sa boulette contre l\u2019OM<\/a>&nbsp;&nbsp;Foot Mercato<\/li>\n<\/ol>\n","protected":false},"excerpt":{"rendered":"1,2 million de t\u00e9l\u00e9spectateurs devant OM-PSG sur Ligue 1+&nbsp;&nbsp;L&rsquo;\u00c9quipe D&rsquo;abord attribu\u00e9 \u00e0 Nayef Aguerd, le but de la&hellip;\n","protected":false},"author":2,"featured_media":412609,"comment_status":"","ping_status":"","sticky":false,"template":"","format":"standard","meta":{"footnotes":""},"categories":[1412],"tags":[1451,1452,1453,1454,1455,1011,27,60],"class_list":{"0":"post-412608","1":"post","2":"type-post","3":"status-publish","4":"format-standard","5":"has-post-thumbnail","7":"category-f1","8":"tag-f1","9":"tag-formula-1","10":"tag-formula1","11":"tag-formule-1","12":"tag-formule1","13":"tag-fr","14":"tag-france","15":"tag-sports"},"share_on_mastodon":{"url":"https:\/\/pubeurope.com\/@fr\/115255140931153585","error":""},"_links":{"self":[{"href":"https:\/\/www.europesays.com\/fr\/wp-json\/wp\/v2\/posts\/412608","targetHints":{"allow":["GET"]}}],"collection":[{"href":"https:\/\/www.europesays.com\/fr\/wp-json\/wp\/v2\/posts"}],"about":[{"href":"https:\/\/www.europesays.com\/fr\/wp-json\/wp\/v2\/types\/post"}],"author":[{"embeddable":true,"href":"https:\/\/www.europesays.com\/fr\/wp-json\/wp\/v2\/users\/2"}],"replies":[{"embeddable":true,"href":"https:\/\/www.europesays.com\/fr\/wp-json\/wp\/v2\/comments?post=412608"}],"version-history":[{"count":0,"href":"https:\/\/www.europesays.com\/fr\/wp-json\/wp\/v2\/posts\/412608\/revisions"}],"wp:featuredmedia":[{"embeddable":true,"href":"https:\/\/www.europesays.com\/fr\/wp-json\/wp\/v2\/media\/412609"}],"wp:attachment":[{"href":"https:\/\/www.europesays.com\/fr\/wp-json\/wp\/v2\/media?parent=412608"}],"wp:term":[{"taxonomy":"category","embeddable":true,"href":"https:\/\/www.europesays.com\/fr\/wp-json\/wp\/v2\/categories?post=412608"},{"taxonomy":"post_tag","embeddable":true,"href":"https:\/\/www.europesays.com\/fr\/wp-json\/wp\/v2\/tags?post=412608"}],"curies":[{"name":"wp","href":"https:\/\/api.w.org\/{rel}","templated":true}]}}