{"id":412612,"date":"2025-09-23T18:58:11","date_gmt":"2025-09-23T18:58:11","guid":{"rendered":"https:\/\/www.europesays.com\/fr\/412612\/"},"modified":"2025-09-23T18:58:11","modified_gmt":"2025-09-23T18:58:11","slug":"lol-se-retrouve-a-nouveau-seule-meilleure-defense","status":"publish","type":"post","link":"https:\/\/www.europesays.com\/fr\/412612\/","title":{"rendered":"l&rsquo;OL se retrouve \u00e0 nouveau seule meilleure d\u00e9fense"},"content":{"rendered":"<p>                            <img width=\"770\" height=\"433\" src=\"https:\/\/www.europesays.com\/fr\/wp-content\/uploads\/2025\/09\/Mata-1-e1756618702149-770x433.jpg\" class=\"attachment-article size-article wp-post-image\" alt=\"Clinton Mata devant Amine Gouiri lors d'OM - OL\" decoding=\"async\" fetchpriority=\"high\"  \/><\/p>\n<p>Clinton Mata devant Amine Gouiri lors d\u2019OM \u2013 OL (Photo by Nathan Barange \/ DPPI via AFP)<\/p>\n<p>Avec la d\u00e9faite du PSG \u00e0 Marseille, l&rsquo;OL est seul tout en haut du classement de la meilleure d\u00e9fense. Peu auraient mis\u00e9 dessus, m\u00eame apr\u00e8s seulement cinq journ\u00e9es.<\/p>\n<p>Si offensivement, la prestation lyonnaise <a href=\"https:\/\/www.olympique-et-lyonnais.com\/lol-une-animation-offensive-encore-en-rodage,380875.html\" target=\"_blank\" rel=\"noopener\">a \u00e9t\u00e9 assez poussive<\/a> contre Angers vendredi (1-0), celle de l&rsquo;autre c\u00f4t\u00e9 de terrain a \u00e9t\u00e9 dans la continuit\u00e9 du d\u00e9but de saison. Pour la <a href=\"https:\/\/www.olympique-et-lyonnais.com\/ol-un-4e-clean-sheet-pour-debuter-une-premiere-depuis-une-decennie,380848.html\" target=\"_blank\" rel=\"noopener\">quatri\u00e8me fois en cinq sorties<\/a> en championnat, l&rsquo;OL a gagn\u00e9 sans prendre le moindre but. Une solide performance au vu du chantier que repr\u00e9sentait la d\u00e9fense la saison pass\u00e9e.<\/p>\n<p>Mais aujourd&rsquo;hui, en tout cas statistiquement, personne ne fait aussi bien en Ligue 1. M\u00eame le Paris Saint-Germain, battu \u00e0 Marseille lundi (1-0) a c\u00e9d\u00e9 \u00e0 quatre reprises au total. Comme l&rsquo;OM et le SCO d&rsquo;ailleurs. Les Rhodaniens occupent donc seuls ce classement tr\u00e8s provisoire de meilleure arri\u00e8re-garde du pays.<\/p>\n<p>L&rsquo;OL face au d\u00e9fi de l&rsquo;attaque lilloise <\/p>\n<p>Apr\u00e8s cinq journ\u00e9es, l&rsquo;OL peut se f\u00e9liciter de n&rsquo;avoir encaiss\u00e9 aucune r\u00e9alisation \u00e0 11 contre 11. <a href=\"http:\/\/&quot;On est une \u00e9quipe en \u00e9volution. Dans l\u2019esprit de groupe, on n\u2019a pris aucun but \u00e0 onze contre onze, et c\u2019est un axe d\u2019\u00e9volution. Dans l\u2019inconscient, \u00e7a compte chez les joueurs&quot;\">Ce que soulignait<\/a> l&rsquo;adjoint de Paulo <strong>Fonseca<\/strong>, Jorge <strong>Maciel<\/strong>, la semaine pass\u00e9e. Finalement, il aura d\u00e9jou\u00e9 dans ce secteur seulement 15 minutes \u00e0 Rennes (3-1), avec le sc\u00e9nario que l&rsquo;on conna\u00eet. <\/p>\n<p>Prochain test d\u00e9terminant dimanche \u00e0 Lille (17h45). L&rsquo;occasion pour l&rsquo;Olympique lyonnais et sa d\u00e9fense de prouver qu&rsquo;ils peuvent \u00eatre solides, m\u00eame face \u00e0 une belle adversit\u00e9. Car <a href=\"https:\/\/www.olympique-et-lyonnais.com\/lille-ol-genesio-laisse-planer-le-doute-sur-perraud-et-andre,380954.html\" target=\"_blank\" rel=\"noopener\">le LOSC<\/a> misera lui sur Olivier <strong>Giroud<\/strong>, F\u00e9lix <strong>Correia<\/strong>, Hamza <strong>Igamane <\/strong>ou encore H\u00e1kon\u00a0<strong>Haraldsson <\/strong>et Mat\u00edas<strong> Fern\u00e1ndez-Pardo<\/strong> pour bousculer son adversaire. <\/p>\n","protected":false},"excerpt":{"rendered":"Clinton Mata devant Amine Gouiri lors d\u2019OM \u2013 OL (Photo by Nathan Barange \/ DPPI via AFP) Avec&hellip;\n","protected":false},"author":2,"featured_media":412613,"comment_status":"","ping_status":"","sticky":false,"template":"","format":"standard","meta":{"footnotes":""},"categories":[1410],"tags":[63,1011,27,66,241,60],"class_list":{"0":"post-412612","1":"post","2":"type-post","3":"status-publish","4":"format-standard","5":"has-post-thumbnail","7":"category-football","8":"tag-football","9":"tag-fr","10":"tag-france","11":"tag-ligue-1","12":"tag-ol","13":"tag-sports"},"share_on_mastodon":{"url":"https:\/\/pubeurope.com\/@fr\/115255149904539004","error":""},"_links":{"self":[{"href":"https:\/\/www.europesays.com\/fr\/wp-json\/wp\/v2\/posts\/412612","targetHints":{"allow":["GET"]}}],"collection":[{"href":"https:\/\/www.europesays.com\/fr\/wp-json\/wp\/v2\/posts"}],"about":[{"href":"https:\/\/www.europesays.com\/fr\/wp-json\/wp\/v2\/types\/post"}],"author":[{"embeddable":true,"href":"https:\/\/www.europesays.com\/fr\/wp-json\/wp\/v2\/users\/2"}],"replies":[{"embeddable":true,"href":"https:\/\/www.europesays.com\/fr\/wp-json\/wp\/v2\/comments?post=412612"}],"version-history":[{"count":0,"href":"https:\/\/www.europesays.com\/fr\/wp-json\/wp\/v2\/posts\/412612\/revisions"}],"wp:featuredmedia":[{"embeddable":true,"href":"https:\/\/www.europesays.com\/fr\/wp-json\/wp\/v2\/media\/412613"}],"wp:attachment":[{"href":"https:\/\/www.europesays.com\/fr\/wp-json\/wp\/v2\/media?parent=412612"}],"wp:term":[{"taxonomy":"category","embeddable":true,"href":"https:\/\/www.europesays.com\/fr\/wp-json\/wp\/v2\/categories?post=412612"},{"taxonomy":"post_tag","embeddable":true,"href":"https:\/\/www.europesays.com\/fr\/wp-json\/wp\/v2\/tags?post=412612"}],"curies":[{"name":"wp","href":"https:\/\/api.w.org\/{rel}","templated":true}]}}