{"id":412614,"date":"2025-09-23T18:59:13","date_gmt":"2025-09-23T18:59:13","guid":{"rendered":"https:\/\/www.europesays.com\/fr\/412614\/"},"modified":"2025-09-23T18:59:13","modified_gmt":"2025-09-23T18:59:13","slug":"meghan-markle-publie-une-photo-inedite-de-ses-enfants-et-il-y-a-une-grosse-difference-physique-entre-archie-et-lilibet","status":"publish","type":"post","link":"https:\/\/www.europesays.com\/fr\/412614\/","title":{"rendered":"Meghan Markle publie une photo in\u00e9dite de ses enfants et il y a une grosse diff\u00e9rence physique entre Archie et Lilibet"},"content":{"rendered":"<p data-start=\"510\" data-end=\"851\"><a href=\"https:\/\/www.closermag.fr\/royautes\/harry-et-meghan-ont-fini-declipser-la-famille-royale-les-sussex-font-all-in-pour-se-reconcilier-3567603\" target=\"_blank\" rel=\"noopener\"><br \/>\nLa famille Sussex<\/a> s\u2019est offert une parenth\u00e8se enchant\u00e9e. En<br \/>\njuin dernier, <a href=\"https:\/\/www.closermag.fr\/royautes\/meghan-markle-son-attitude-publique-avec-le-prince-harry-pointee-du-doigt-pour-une-raison-genante-3581894\" target=\"_blank\" rel=\"noopener\"><br \/>\nMeghan Markle<\/a> et le <a href=\"https:\/\/www.closermag.fr\/royautes\/prince-harry-son-pere-charles-iii-lui-inflige-un-coup-malgre-leurs-recentes-retrouvailles-3581620\" target=\"_blank\" rel=\"noopener\"><br \/>\nprince Harry<\/a> ont emmen\u00e9 <a href=\"https:\/\/www.closermag.fr\/royautes\/prince-harry-sa-mise-au-clair-sur-lavenir-darchie-apres-bon-nombre-de-speculations-3581909\" target=\"_blank\" rel=\"noopener\"><br \/>\nArchie<\/a>, 6 ans, et <a href=\"https:\/\/www.closermag.fr\/royautes\/harry-de-retour-en-angleterre-et-si-cetait-la-derniere-fois-sans-meghan-archie-et-lilibet-3576288\" target=\"_blank\" rel=\"noopener\"><br \/>\nLilibet<\/a>, 4 ans, \u00e0 <a href=\"https:\/\/www.closermag.fr\/royautes\/prepares-toi-le-prince-harry-et-meghan-markle-cote-a-cote-dans-une-video-surprise-il-la-met-en-garde-3580346\" target=\"_blank\" rel=\"noopener\"><br \/>\nDisneyland<\/a>. Un voyage en famille <strong>immortalis\u00e9 par<br \/>\nquelques clich\u00e9s<\/strong>, d\u00e9voil\u00e9s dans le documentaire The<br \/>\nHappiest Story On Earth: 70 Years Of Disneyland, diffus\u00e9<br \/>\ndimanche dernier sur ABC.<\/p>\n<p data-start=\"853\" data-end=\"1150\">Parmi les images partag\u00e9es, une<br \/>\nphoto in\u00e9dite a retenu toutes les attentions : Archie et Lilibet,<br \/>\nde dos, admirant un superbe g\u00e2teau \u00e0 l\u00a0\u00bb\u00e9figie de La Petite<br \/>\nSir\u00e8ne\u00a0pr\u00e9par\u00e9 pour <strong>le quatri\u00e8me anniversaire de<br \/>\nla cadette<\/strong>. Si la sc\u00e8ne a fait fondre les t\u00e9l\u00e9spectateurs,<br \/>\nun d\u00e9tail physique n\u2019a \u00e9chapp\u00e9 \u00e0 personne\u2026<\/p>\n<p>Meghan Markle : quelle est<br \/>\ncette diff\u00e9rence remarquable entre ses enfants Lilibet et Archie<br \/>\n?<\/p>\n<p data-start=\"1237\" data-end=\"1660\">Sur l\u2019adorable clich\u00e9, Archie<br \/>\net Lilibet apparaissent coll\u00e9s l\u2019un contre l\u2019autre, plong\u00e9s dans la<br \/>\ncontemplation de ce d\u00e9licieux g\u00e2teau aux couleurs vives. Mais tr\u00e8s<br \/>\nvite, ce sont les cheveux de la petite princesse qui ont vol\u00e9 la<br \/>\nvedette. \u00ab\u00a0Les cheveux de<br \/>\nLilibet sont si \u00e9paix et longs ! Avec une belle couleur en<br \/>\nplus\u00a0\u00bb, \u00a0a comment\u00e9 un internaute sur X (anciennement<br \/>\nTwitter). D\u2019autres ont ajout\u00e9 : \u00ab\u00a0Les cheveux de Lili sont diff\u00e9rents, ils ont l&rsquo;air blonds,<br \/>\ndor\u00e9s\u00a0\u00bb<\/p>\n<p data-start=\"1662\" data-end=\"2002\">Archie, lui, affiche<br \/>\n<strong>une chevelure plus fonc\u00e9e<\/strong>, contrastant nettement<br \/>\navec les reflets dor\u00e9s et cuivr\u00e9s de sa s\u0153ur. Cette diff\u00e9rence a<br \/>\namus\u00e9 les fans de la famille royale britannique, fascin\u00e9s par<br \/>\nl\u2019\u00e9volution physique des deux enfants du couple. \u00ab\u00a0[Archie and Lilibet] grandissent<br \/>\ntellement\u00a0\u00bb a r\u00e9agi un autre internaute, \u00e9mu de les voir<br \/>\n\u00e9voluer \u00e0 une vitesse folle.<\/p>\n<p data-start=\"1662\" data-end=\"2002\"><img loading=\"lazy\" decoding=\"async\" itemprop=\"thumbnailUrl\" class=\"alignnone size-full wp-image-3581945 img-responsive\" src=\"https:\/\/www.europesays.com\/fr\/wp-content\/uploads\/2025\/09\/99129021-15122333-_they_re_like_this_is_amazing_the_father_of_two_recalled_of_his_-a-15_175854931826.jpeg\" alt=\"\" width=\"634\" height=\"939\"\/> \u00a9<br \/>\ninstagram<\/p>\n<p data-start=\"1662\" data-end=\"2002\"><img loading=\"lazy\" decoding=\"async\" class=\"alignnone size-large wp-image-3581946 img-responsive\" src=\"https:\/\/www.europesays.com\/fr\/wp-content\/uploads\/2025\/09\/capture-decran-2025-09-23-a-17.57.57-729x1024.png\" alt=\"\" width=\"729\" height=\"1024\"\/> \u00a9<br \/>\nInstagram<\/p>\n<p>Des<br \/>\nsouvenirs inoubliables pour les Sussex \u00e0 Disneyland<\/p>\n<p data-start=\"2066\" data-end=\"2484\">Au-del\u00e0 des commentaires, ce<br \/>\ns\u00e9jour \u00e0 Disneyland a \u00e9t\u00e9 <strong>une v\u00e9ritable bouff\u00e9e<br \/>\nd\u2019air<\/strong> pour Harry et Meghan. Sur Instagram, la duchesse a<br \/>\npartag\u00e9 une vid\u00e9o o\u00f9 l\u2019on voit Archie et Lilibet rencontrer Elsa de<br \/>\nLa Reine des Neiges, s\u2019amuser sur Dumbo, la Cars Ride ou<br \/>\nencore croiser les c\u00e9l\u00e8bres Stormtroopers de Star Wars. En l\u00e9gende,<br \/>\nMeghan a \u00e9crit : \u00ab\u00a0Merci<br \/>\n@disneyland pour avoir donn\u00e9 \u00e0 notre famille deux jours de pur<br \/>\nbonheur !\u00a0\u00bb<\/p>\n<p data-start=\"2486\" data-end=\"2908\">De son c\u00f4t\u00e9, Harry est revenu<br \/>\nsur ces moments magiques dans le documentaire : \u00ab\u00a0Voir ses enfants se jeter dans ces<br \/>\nexp\u00e9riences alors qu&rsquo;ils n&rsquo;avaient aucune id\u00e9e de ce qui les<br \/>\nattendait, c&rsquo;\u00e9tait g\u00e9nial. Et \u00e7a fait ressentir l&rsquo;enfant en<br \/>\nvous\u00a0\u00bb, avant de se rappeler, amus\u00e9 : \u00ab\u00a0C&rsquo;\u00e9tait formidable ! Et je leur ai dit &lsquo;Les gars,<br \/>\nce n&rsquo;est m\u00eame pas le premier rang. Pr\u00e9parez-vous. <strong>Vous<br \/>\nallez \u00eatre \u00e9merveill\u00e9s<\/strong>.\u00a0\u00bb\u00a0 Entre souvenirs<br \/>\nd\u2019enfance, fous rires sur Space Mountain et complicit\u00e9 \u00e0 quatre,<br \/>\nles Sussex ont prouv\u00e9 que m\u00eame loin des obligations royales, leur<br \/>\nfamille \u00e9crivait ses propres contes de f\u00e9es.<\/p>\n","protected":false},"excerpt":{"rendered":"La famille Sussex s\u2019est offert une parenth\u00e8se enchant\u00e9e. En juin dernier, Meghan Markle et le prince Harry ont&hellip;\n","protected":false},"author":2,"featured_media":412615,"comment_status":"","ping_status":"","sticky":false,"template":"","format":"standard","meta":{"footnotes":""},"categories":[1359],"tags":[548,11288,58,59,1011,27,23894,13418,973,20439],"class_list":{"0":"post-412614","1":"post","2":"type-post","3":"status-publish","4":"format-standard","5":"has-post-thumbnail","7":"category-people","8":"tag-article-simple","9":"tag-cheveux","10":"tag-divertissement","11":"tag-entertainment","12":"tag-fr","13":"tag-france","14":"tag-le-prince-harry-et-meghan-markle","15":"tag-lilibet","16":"tag-people","17":"tag-prince-archie"},"share_on_mastodon":{"url":"https:\/\/pubeurope.com\/@fr\/115255152950326823","error":""},"_links":{"self":[{"href":"https:\/\/www.europesays.com\/fr\/wp-json\/wp\/v2\/posts\/412614","targetHints":{"allow":["GET"]}}],"collection":[{"href":"https:\/\/www.europesays.com\/fr\/wp-json\/wp\/v2\/posts"}],"about":[{"href":"https:\/\/www.europesays.com\/fr\/wp-json\/wp\/v2\/types\/post"}],"author":[{"embeddable":true,"href":"https:\/\/www.europesays.com\/fr\/wp-json\/wp\/v2\/users\/2"}],"replies":[{"embeddable":true,"href":"https:\/\/www.europesays.com\/fr\/wp-json\/wp\/v2\/comments?post=412614"}],"version-history":[{"count":0,"href":"https:\/\/www.europesays.com\/fr\/wp-json\/wp\/v2\/posts\/412614\/revisions"}],"wp:featuredmedia":[{"embeddable":true,"href":"https:\/\/www.europesays.com\/fr\/wp-json\/wp\/v2\/media\/412615"}],"wp:attachment":[{"href":"https:\/\/www.europesays.com\/fr\/wp-json\/wp\/v2\/media?parent=412614"}],"wp:term":[{"taxonomy":"category","embeddable":true,"href":"https:\/\/www.europesays.com\/fr\/wp-json\/wp\/v2\/categories?post=412614"},{"taxonomy":"post_tag","embeddable":true,"href":"https:\/\/www.europesays.com\/fr\/wp-json\/wp\/v2\/tags?post=412614"}],"curies":[{"name":"wp","href":"https:\/\/api.w.org\/{rel}","templated":true}]}}