{"id":412616,"date":"2025-09-23T19:00:14","date_gmt":"2025-09-23T19:00:14","guid":{"rendered":"https:\/\/www.europesays.com\/fr\/412616\/"},"modified":"2025-09-23T19:00:14","modified_gmt":"2025-09-23T19:00:14","slug":"cent-ans-apres-sa-mort-le-plus-francais-des-peintres-americains-john-singer-sargent-celebre-a-orsay-telerama","status":"publish","type":"post","link":"https:\/\/www.europesays.com\/fr\/412616\/","title":{"rendered":"Cent ans apr\u00e8s sa mort, \u201cle plus fran\u00e7ais des peintres am\u00e9ricains\u201d, John Singer Sargent, c\u00e9l\u00e9br\u00e9 \u00e0 Orsay &#8211; T\u00e9l\u00e9rama"},"content":{"rendered":"<ol>\n<li><a href=\"https:\/\/news.google.com\/rss\/articles\/CBMi3gFBVV95cUxPakc1UWxUQTdYd3o5RWN2MDZRMGdHeGdaVEEwZzRXNnFCbWstajBma3BFS0lCWWtXbHl6RTJHUkF0SndWTG1YUkxneEhlZ1lET1ZHMHUtdHREaVlTckJVRVNOMmpXcFR2d0E4ZHlKcW8ycV9GajQ3NjJTZ1Via3VfMmhEYUF1clFzbVNHTFRsYVkyN3RsNXdNTzJrcE1GX2ZON092dHpIVWtnRC1ZSmRicEtsUHZadWJWRHd3bDhNaWxWSmZoZzhxMnRiWDJBaG5TODhaUHZXNTdibTQ2aHc?oc=5\" target=\"_blank\" rel=\"nofollow noopener\">Cent ans apr\u00e8s sa mort, \u201cle plus fran\u00e7ais des peintres am\u00e9ricains\u201d, John Singer Sargent, c\u00e9l\u00e9br\u00e9 \u00e0 Orsay<\/a>&nbsp;&nbsp;T\u00e9l\u00e9rama<\/li>\n<li><a href=\"https:\/\/news.google.com\/rss\/articles\/CBMi4gFBVV95cUxPNXdzNmliQlk3MExfX2gwMHc3Y2s1bzVoN1hpUTNiLWxiS1VzR0NHbTV6bmZZNUJUSmxtQ0xidVM2RDFlZllVYU9STndRczJmcE1xSVFnLWpnMHMxTl9XRnZZM05yM3lIaTl5dmIxOUJmamlPaWVnRXo2YWRUSWpacFlGRWQ1alNjLTRpTUVEcVN4aWpIbUYtTDR2QkFqNDZTeC1kRDZxVmZBOU9zX0Fwa2tLLUxuMW5JUGplR2dSaW5yeU9sLTVtYzZ0RkdRUktLbk9yakk3aXFKYnlfZEZwT2FB?oc=5\" target=\"_blank\" rel=\"nofollow noopener\">Au Mus\u00e9e d\u2019Orsay, l\u2019all\u00e9chante production parisienne du ph\u00e9nom\u00e9nal portraitiste John Singer Sargent<\/a>&nbsp;&nbsp;Le Figaro<\/li>\n<li><a href=\"https:\/\/news.google.com\/rss\/articles\/CBMi1AFBVV95cUxOM19US1VfSXJ0Mm1jM2xNUE1iNy1CdVdwd2xfUFcycDVnOEtvOXpZakljWnlPNW84ZXNwakl5WWthbzlCWTh3NnBBZzNGcGMteEoyWUo5UmI5UTJmOVAxLXBsRUxzX2Z6TW9vVkdWZEN6eWN0STRBTWZNVlhtUFlZdVNQNDlLZFJPMXlqMDUyMmpJekpCMW5iS19pWHJOSFFlZEtNeDdoNGhjVnRfY195dmk4RHMyMG8tZmZjejhSUXlrRFk3OG9GRmF1V3BOUEtTWkFrRQ?oc=5\" target=\"_blank\" rel=\"nofollow noopener\">Quelle musique entendez-vous sur le tableau \u00ab\u00a0En route pour la p\u00eache\u00a0\u00bb de John Singer Sargent ?<\/a>&nbsp;&nbsp;Radio France<\/li>\n<li><a href=\"https:\/\/news.google.com\/rss\/articles\/CBMizAFBVV95cUxQdUtXLW9GVDBCekdRWjV0aU1heTZCZkFQR1d3amNDTi1UNm8xMS1uS1RrdVZlZzJudkt6dkhRR2J2N0otQkg0MXlCTkxldzlHWGpSWmRhWWpNS041MG9aV3M2YTBsb1AzdDFGUlQ3bjZjdmpYa1cybmVpcWZFUVJxcEV0b3RucllUdXh3VHltSC1UQmlRSTJSY2pHMHR5bVlIai14M1plUWtmYnlVelVEN0k4NW9KZWxkcnd3S0J0YXhWeXhSNmd3SE9QdU8?oc=5\" target=\"_blank\" rel=\"nofollow noopener\">L&rsquo;exposition John Singer Sargent \u00e9blouit Paris au mus\u00e9e d&rsquo;Orsay<\/a>&nbsp;&nbsp;Sortir \u00e0 Paris<\/li>\n<li><a href=\"https:\/\/news.google.com\/rss\/articles\/CBMilwJBVV95cUxQLWhvUkhPdGRiV0xaRm11ZnVWazZXeFRYdUo2OEk0cFBJU2c5Zmd3QWc4VHRaclU3LUxpa3A0MUpCMV91QVlEMEpuelg4T1c5Q0kzY29yaDR6WXNkcUZVZXVtX3h1cElDdDl2Z2dMdnJTZm1hQ2NyQ1NwMEFzRjMwcXZLQ3hMQkdNeWNrVHJvZnBqY21JRjBoMm80Y3BOWV9GRW5PQzI3MVhlN0RJcXpYejRTR0lmRjBBbmlQejdoYjVsMmlsTGtzQTdMOFFkRm1pSWpHS3luWHVlMHBWeGZlRC1DRTdXZkZGODd3RzVhOV9CSVpXUDlHTnJoQzJ3bXlkVU85TGdyMG5NZU1WT3hTbFNjUTlhcDA?oc=5\" target=\"_blank\" rel=\"nofollow noopener\">\u00ab Un talent prodigieux, une technique virtuose \u00bb : l\u2019exposition Sargent va illuminer le mus\u00e9e d\u2019Orsay<\/a>&nbsp;&nbsp;Le Parisien<\/li>\n<\/ol>\n","protected":false},"excerpt":{"rendered":"Cent ans apr\u00e8s sa mort, \u201cle plus fran\u00e7ais des peintres am\u00e9ricains\u201d, John Singer Sargent, c\u00e9l\u00e9br\u00e9 \u00e0 Orsay&nbsp;&nbsp;T\u00e9l\u00e9rama Au&hellip;\n","protected":false},"author":2,"featured_media":412617,"comment_status":"","ping_status":"","sticky":false,"template":"","format":"standard","meta":{"footnotes":""},"categories":[1358],"tags":[1348,1384,1385,1386,58,59,1011,27],"class_list":{"0":"post-412616","1":"post","2":"type-post","3":"status-publish","4":"format-standard","5":"has-post-thumbnail","7":"category-arts-et-design","8":"tag-arts","9":"tag-arts-and-design","10":"tag-arts-et-design","11":"tag-design","12":"tag-divertissement","13":"tag-entertainment","14":"tag-fr","15":"tag-france"},"share_on_mastodon":{"url":"https:\/\/pubeurope.com\/@fr\/115255156929666178","error":""},"_links":{"self":[{"href":"https:\/\/www.europesays.com\/fr\/wp-json\/wp\/v2\/posts\/412616","targetHints":{"allow":["GET"]}}],"collection":[{"href":"https:\/\/www.europesays.com\/fr\/wp-json\/wp\/v2\/posts"}],"about":[{"href":"https:\/\/www.europesays.com\/fr\/wp-json\/wp\/v2\/types\/post"}],"author":[{"embeddable":true,"href":"https:\/\/www.europesays.com\/fr\/wp-json\/wp\/v2\/users\/2"}],"replies":[{"embeddable":true,"href":"https:\/\/www.europesays.com\/fr\/wp-json\/wp\/v2\/comments?post=412616"}],"version-history":[{"count":0,"href":"https:\/\/www.europesays.com\/fr\/wp-json\/wp\/v2\/posts\/412616\/revisions"}],"wp:featuredmedia":[{"embeddable":true,"href":"https:\/\/www.europesays.com\/fr\/wp-json\/wp\/v2\/media\/412617"}],"wp:attachment":[{"href":"https:\/\/www.europesays.com\/fr\/wp-json\/wp\/v2\/media?parent=412616"}],"wp:term":[{"taxonomy":"category","embeddable":true,"href":"https:\/\/www.europesays.com\/fr\/wp-json\/wp\/v2\/categories?post=412616"},{"taxonomy":"post_tag","embeddable":true,"href":"https:\/\/www.europesays.com\/fr\/wp-json\/wp\/v2\/tags?post=412616"}],"curies":[{"name":"wp","href":"https:\/\/api.w.org\/{rel}","templated":true}]}}