{"id":412618,"date":"2025-09-23T19:01:11","date_gmt":"2025-09-23T19:01:11","guid":{"rendered":"https:\/\/www.europesays.com\/fr\/412618\/"},"modified":"2025-09-23T19:01:11","modified_gmt":"2025-09-23T19:01:11","slug":"le-prix-gouincourt-clin-doeil-lesbien-au-goncourt-a-devoile-sa-premiere-selection-liberation","status":"publish","type":"post","link":"https:\/\/www.europesays.com\/fr\/412618\/","title":{"rendered":"Le prix Gouincourt, clin d\u2019\u0153il lesbien au Goncourt, a d\u00e9voil\u00e9 sa premi\u00e8re s\u00e9lection \u2013 Lib\u00e9ration"},"content":{"rendered":"<p class=\"sc-cPiKLX AiZTS text-element\">Non non, ce n\u2019est pas une coquille. C\u2019est bien du prix Gouincourt (prononcez \u00abGou-1-court\u00bb) dont il s\u2019agit, qui inaugure en cette rentr\u00e9e sa toute premi\u00e8re \u00e9dition. Clin d\u2019\u0153il malicieux \u00e0 la distinction litt\u00e9raire vieille de cent vingt-deux ans, cette r\u00e9compense s\u2019appr\u00eate \u00e0 couronner un futur classique de la litt\u00e9rature lesbienne, <a href=\"https:\/\/www.liberation.fr\/culture\/livres\/lacademie-goncourt-devoile-les-15-romans-en-lice-pour-decrocher-son-prix-en-novembre-dont-emmanuel-carrere-20250903_RDCLZH6USRGUHPYA3YLYHFEQEA\/?redirected=1\" target=\"_blank\" rel=\"noopener\" title=\"https:\/\/www.liberation.fr\/culture\/livres\/lacademie-goncourt-devoile-les-15-romans-en-lice-pour-decrocher-son-prix-en-novembre-dont-emmanuel-carrere-20250903_RDCLZH6USRGUHPYA3YLYHFEQEA\/?redirected=1\">dans la lign\u00e9e de l\u2019annonce de la premi\u00e8re s\u00e9lection du Goncourt<\/a>. <\/p>\n<p class=\"sc-cPiKLX AiZTS text-element\">A l\u2019origine de cette petite r\u00e9volution dans le monde litt\u00e9raire, une initiative de Lauriane Nicol, fondatrice du m\u00e9dia pure player Lesbien raisonnable, et Alex Lachkar, chercheur en litt\u00e9rature lesbienne contemporaine \u00e0 l\u2019universit\u00e9 de Vienne, en Autriche. <\/p>\n<p class=\"sc-cPiKLX AiZTS text-element\">Le tout jeune prix Gouincourt, qui cherche encore des m\u00e9c\u00e8nes, est avant tout une distinction symbolique et bon enfant. \u00abC\u2019est un clin d\u2019\u0153il bienveillant et humoristique. Les lesbiennes ont une longue tradition \u00e0 la fois du jeu de mots et de la r\u00e9appropriation de l\u2019insulte, c\u2019est donc assez naturellement qu\u2019est venue l\u2019id\u00e9e de ce mot-valise\u00bb, explique Lauriane Nicol \u00e0 Livres Hebdo. <\/p>\n<p class=\"sc-cPiKLX AiZTS text-element\">Selon sa cr\u00e9atrice, interrog\u00e9e par ActuaLitt\u00e9, le but d\u2019une telle distinction est aussi d\u2019aller piocher des noms dans de plus \u00ab\u201cpetites\u201d maisons d\u2019\u00e9dition engag\u00e9es\u00bb, dans un contexte o\u00f9 les prix d\u2019automne r\u00e9compensent souvent les m\u00eames \u00e9diteurs. <\/p>\n<p class=\"sc-cPiKLX AiZTS text-element\">Le jury rassemble plusieurs autrices contemporaines, comme Meryem Alqamar, Lauren Delphe, Virginie Despentes, Jo\u00eblle Sambi, l\u2019\u00e9crivain\u00b7e Al Baylac, mais aussi l\u2019historienne et critique <a href=\"https:\/\/www.liberation.fr\/debats\/2017\/07\/11\/elisabeth-lebovici-dans-la-lutte-contre-le-vih-les-representations-culturelles-deviennent-un-enjeu-p_1583193\/\" target=\"_blank\" rel=\"noopener\" title=\"https:\/\/www.liberation.fr\/debats\/2017\/07\/11\/elisabeth-lebovici-dans-la-lutte-contre-le-vih-les-representations-culturelles-deviennent-un-enjeu-p_1583193\/\">Elisabeth Lebovici<\/a>, la com\u00e9dienne <a href=\"https:\/\/www.liberation.fr\/culture\/scenes\/anna-mouglalis-la-je-suis-vivante-je-suis-dans-ma-voix-je-suis-la-20250919_XIPLKLBINRAH5HPE56EW22G4JY\/\" target=\"_blank\" rel=\"noopener\" title=\"https:\/\/www.liberation.fr\/culture\/scenes\/anna-mouglalis-la-je-suis-vivante-je-suis-dans-ma-voix-je-suis-la-20250919_XIPLKLBINRAH5HPE56EW22G4JY\/\">Anna Mouglalis<\/a>, l\u2019\u00e9ditrice M\u00e9lie Chen, la libraire Olivia Sanchez et la bookfluenceuse Lou Edin. <\/p>\n<p class=\"sc-cPiKLX AiZTS text-element\">Le prix concerne la litt\u00e9rature francophone, et pas seulement fran\u00e7aise, publi\u00e9e au cours de l\u2019ann\u00e9e 2025, sans quoi le Gouincourt aurait surtout r\u00e9compens\u00e9 un ensemble \u00abd\u2019auteur.ices blanc.hes, cis, valides\u00bb, d\u2019apr\u00e8s le compte Instagram de Lesbien raisonnable. <\/p>\n<p class=\"sc-cPiKLX AiZTS text-element\">\u00abDans une p\u00e9riode o\u00f9 le racisme, la transphobie, le validisme et, plus globalement, la mont\u00e9e de l\u2019extr\u00eame droite sont palpables partout \u2013 y compris dans le monde de l\u2019\u00e9dition \u2013 nous voulons affirmer les valeurs que nous d\u00e9fendons\u00bb, ajoute le m\u00e9dia militant \u00e0 l\u2019origine du prix. <\/p>\n<p class=\"sc-cPiKLX AiZTS text-element\">Voici la liste des livres s\u00e9lectionn\u00e9s : <\/p>\n<ul class=\"List__ListComponentUnordored-sc-13iftgo-0 jheGAG\">\n<li class=\"sc-cPiKLX AiZTS\">Corps \u00e9tranger sous la peau, de Nour Bekkar (Blast)<\/li>\n<li class=\"sc-cPiKLX AiZTS\">Mais cette vie-l\u00e0 demande. toujours. plus. de. lumi\u00e8re., de Sabrina Calvo (Editions du commun)<\/li>\n<li class=\"sc-cPiKLX AiZTS\"><a href=\"https:\/\/www.liberation.fr\/culture\/livres\/en-librairies-jakuta-alikavazovic-ghislaine-dunant-camille-corcejoli-20250823_VC6PNBZ3GFDWXHAP4QEJMZGGTE\/\" target=\"_blank\" rel=\"noopener\" title=\"https:\/\/www.liberation.fr\/culture\/livres\/en-librairies-jakuta-alikavazovic-ghislaine-dunant-camille-corcejoli-20250823_VC6PNBZ3GFDWXHAP4QEJMZGGTE\/\">Transatlantique<\/a>, de Camille Corc\u00e9joli (La Contre All\u00e9e)<\/li>\n<li class=\"sc-cPiKLX AiZTS\"><a href=\"https:\/\/www.liberation.fr\/culture\/livres\/en-librairies-fatima-daas-vanessa-schneider-johanna-luyssen-20250919_VGRXOKDSTNCGDJ3JI4BSRSEQKI\/\" target=\"_blank\" rel=\"noopener\" title=\"https:\/\/www.liberation.fr\/culture\/livres\/en-librairies-fatima-daas-vanessa-schneider-johanna-luyssen-20250919_VGRXOKDSTNCGDJ3JI4BSRSEQKI\/\">Jouer le jeu<\/a>, de Fatima Daas (L\u2019Olivier)<\/li>\n<li class=\"sc-cPiKLX AiZTS\">Le Parlement de l\u2019eau, de Wendy Delorme (Cambourakis)<\/li>\n<li class=\"sc-cPiKLX AiZTS\"><a href=\"https:\/\/www.liberation.fr\/culture\/livres\/en-librairies-clothilde-salelles-juliet-drouar-capucine-delattre-20250110_R63RGJWDUNDVVHRZLIFROFQDRE\/\" target=\"_blank\" rel=\"noopener\" title=\"https:\/\/www.liberation.fr\/culture\/livres\/en-librairies-clothilde-salelles-juliet-drouar-capucine-delattre-20250110_R63RGJWDUNDVVHRZLIFROFQDRE\/\">Cui-cui<\/a>, de Juliet Drouar (Seuil)<\/li>\n<li class=\"sc-cPiKLX AiZTS\">Parthenia, de Pauline Gonthier (Les L\u00e9onides)<\/li>\n<li class=\"sc-cPiKLX AiZTS\">Fatal*e ou l\u2019Impossible phantasme, de Gorge (Trou Noir)<\/li>\n<li class=\"sc-cPiKLX AiZTS\">La Grande Verdure, de Lucie Heder (La Volte)<\/li>\n<li class=\"sc-cPiKLX AiZTS\">L\u2019Endroit de mon trouble, de Lumen (La Musardine)<\/li>\n<li class=\"sc-cPiKLX AiZTS\"><a href=\"https:\/\/www.liberation.fr\/culture\/livres\/celine-minard-avec-ce-roman-jai-voulu-peter-tout-le-beton-20250829_ZBXNPW7WPRHNFKJ4QM2DYDZF5M\/\" target=\"_blank\" rel=\"noopener\" title=\"https:\/\/www.liberation.fr\/culture\/livres\/celine-minard-avec-ce-roman-jai-voulu-peter-tout-le-beton-20250829_ZBXNPW7WPRHNFKJ4QM2DYDZF5M\/\">Tovaangar<\/a>, de C\u00e9line Minard (Rivages)<\/li>\n<li class=\"sc-cPiKLX AiZTS\">A croquer, de Anne-Fleur Multon (Thierry Magnier)<\/li>\n<li class=\"sc-cPiKLX AiZTS\">Entre ici et avant il y a la mer, de Nelly Slim (Hyst\u00e9riques\u00a0&amp;\u00a0Associ\u00e9Es)<\/li>\n<li class=\"sc-cPiKLX AiZTS\"><a href=\"https:\/\/www.liberation.fr\/culture\/livres\/laura-vazquez-ecrivaine-soit-on-donne-tout-soit-ce-nest-pas-la-peine-20250822_JQ2C6PJQSFET7I6KQLE743ZTLI\/\" target=\"_blank\" rel=\"noopener\" title=\"https:\/\/www.liberation.fr\/culture\/livres\/laura-vazquez-ecrivaine-soit-on-donne-tout-soit-ce-nest-pas-la-peine-20250822_JQ2C6PJQSFET7I6KQLE743ZTLI\/\">Les Forces<\/a>, de Laura Vazquez (Editions du Sous-Sol)<\/li>\n<\/ul>\n<p class=\"sc-cPiKLX AiZTS text-element\">Une deuxi\u00e8me s\u00e9lection viendra en octobre, avant l\u2019annonce du texte laur\u00e9at pr\u00e9vue le 7 novembre, trois jours apr\u00e8s le Goncourt. <\/p>\n","protected":false},"excerpt":{"rendered":"Non non, ce n\u2019est pas une coquille. C\u2019est bien du prix Gouincourt (prononcez \u00abGou-1-court\u00bb) dont il s\u2019agit, qui&hellip;\n","protected":false},"author":2,"featured_media":412619,"comment_status":"","ping_status":"","sticky":false,"template":"","format":"standard","meta":{"footnotes":""},"categories":[1357],"tags":[1379,58,59,1011,27,9087,1380,37338],"class_list":{"0":"post-412618","1":"post","2":"type-post","3":"status-publish","4":"format-standard","5":"has-post-thumbnail","7":"category-livres","8":"tag-books","9":"tag-divertissement","10":"tag-entertainment","11":"tag-fr","12":"tag-france","13":"tag-lgbt","14":"tag-livres","15":"tag-rentree-litteraire"},"share_on_mastodon":{"url":"https:\/\/pubeurope.com\/@fr\/115255160762389118","error":""},"_links":{"self":[{"href":"https:\/\/www.europesays.com\/fr\/wp-json\/wp\/v2\/posts\/412618","targetHints":{"allow":["GET"]}}],"collection":[{"href":"https:\/\/www.europesays.com\/fr\/wp-json\/wp\/v2\/posts"}],"about":[{"href":"https:\/\/www.europesays.com\/fr\/wp-json\/wp\/v2\/types\/post"}],"author":[{"embeddable":true,"href":"https:\/\/www.europesays.com\/fr\/wp-json\/wp\/v2\/users\/2"}],"replies":[{"embeddable":true,"href":"https:\/\/www.europesays.com\/fr\/wp-json\/wp\/v2\/comments?post=412618"}],"version-history":[{"count":0,"href":"https:\/\/www.europesays.com\/fr\/wp-json\/wp\/v2\/posts\/412618\/revisions"}],"wp:featuredmedia":[{"embeddable":true,"href":"https:\/\/www.europesays.com\/fr\/wp-json\/wp\/v2\/media\/412619"}],"wp:attachment":[{"href":"https:\/\/www.europesays.com\/fr\/wp-json\/wp\/v2\/media?parent=412618"}],"wp:term":[{"taxonomy":"category","embeddable":true,"href":"https:\/\/www.europesays.com\/fr\/wp-json\/wp\/v2\/categories?post=412618"},{"taxonomy":"post_tag","embeddable":true,"href":"https:\/\/www.europesays.com\/fr\/wp-json\/wp\/v2\/tags?post=412618"}],"curies":[{"name":"wp","href":"https:\/\/api.w.org\/{rel}","templated":true}]}}