{"id":412629,"date":"2025-09-23T19:07:18","date_gmt":"2025-09-23T19:07:18","guid":{"rendered":"https:\/\/www.europesays.com\/fr\/412629\/"},"modified":"2025-09-23T19:07:18","modified_gmt":"2025-09-23T19:07:18","slug":"exclu-public-vincent-mcdoom-temoigne-comme-jamais-jai-ete-en-couple-avec-pierre-palmade-pendant-six-mois","status":"publish","type":"post","link":"https:\/\/www.europesays.com\/fr\/412629\/","title":{"rendered":"Exclu Public &#8211; Vincent McDoom t\u00e9moigne comme jamais : \u00ab\u00a0J\u2019ai \u00e9t\u00e9 en couple avec Pierre Palmade pendant six mois\u00a0\u00bb"},"content":{"rendered":"<p>Pendant six mois, <a href=\"https:\/\/www.public.fr\/tag\/pierre-palmade\" target=\"_blank\" rel=\"noopener\">Pierre Palmade<\/a> et <a href=\"https:\/\/www.public.fr\/tag\/vincent-mcdoom\" target=\"_blank\" rel=\"noopener\">Vincent McDoom<\/a> auraient nag\u00e9 en plein bonheur. C\u2019est en tout cas ce qu\u2019assure ce dernier dans un entretien accord\u00e9 \u00e0 Jordan de Luxe \u00e0 d\u00e9couvrir ce mercredi 24 septembre 2025.<\/p>\n<p>Une r\u00e9v\u00e9lation de taille faite par le mannequin lorsque celui-ci \u00e9voque sa vie priv\u00e9e. Alors qu\u2019il indique \u00e0 notre confr\u00e8re qu\u2019il ne \u00ab\u00a0coucherait jamais avec quelqu\u2019un avec lequel il travaille\u00a0\u00bb, l\u2019ancien candidat de <strong>La Ferme C\u00e9l\u00e9brit\u00e9s<\/strong> r\u00e9v\u00e8le que cette situation s\u2019est produite une seule fois au cours de sa vie.<\/p>\n<p><img loading=\"lazy\" decoding=\"async\" width=\"1024\" height=\"595\" src=\"https:\/\/www.europesays.com\/fr\/wp-content\/uploads\/2025\/09\/Exclu-Public-Vincent-McDoom-temoigne-comme-jamais-22Jai-ete-en-couple-avec-Pierre-Palmade-pendant-si.png\" alt=\"Exclu Public - Vincent McDoom t\u00e9moigne comme jamais : &quot;J\u2019ai \u00e9t\u00e9 en couple avec Pierre Palmade pendant six mois&quot;\"  \/><\/p>\n<p>Le Jet de Luxe<\/p>\n<p>Vincent McDoom r\u00e9v\u00e8le avoir \u00e9t\u00e9 en couple avec Pierre Palmade<\/p>\n<p>\u00ab\u00a0Et \u00e7a s&rsquo;est mal termin\u00e9. Je gardais une certaine amiti\u00e9 avec cette personne-l\u00e0, mais \u00e7a s&rsquo;est mal termin\u00e9 pour lui et moi\u00a0\u00bb, indique Vincent McDoom avant de lever le voile sur l\u2019identit\u00e9 de l\u2019heureux \u00e9lu : \u00ab\u00a0C\u2019\u00e9tait Pierre Palmade, en fait. <strong>J&rsquo;\u00e9tais en couple avec Pierre pendant six mois.<\/strong> C&rsquo;est la v\u00e9rit\u00e9\u00a0\u00bb.<\/p>\n<p>Jordan de Luxe, choqu\u00e9 par la r\u00e9v\u00e9lation, lui demande alors plus d\u2019informations. \u00ab\u00a0C\u2019est quelque chose que je n\u2019ai jamais dit, en fait. \u00c0 un moment donn\u00e9, tu dis les choses. Tu sais quand Pierre, il a eu les d\u00e9boires avec la justice par rapport \u00e0 tout ce qui se passe, j&rsquo;ai eu beaucoup des coups de fil de la presse qui voulait que je parle. Parce que la presse, on en a parl\u00e9, en fait\u00a0\u00bb, indique alors le mannequin.\u00a0<\/p>\n<p>Pendant six mois, <strong>Pierre Palmade et Vincent McDoom auraient partag\u00e9 de nombreux moments complices<\/strong>. <a href=\"https:\/\/www.public.fr\/jean-marie-bigard-80-millions-deuros-partis-en-fumee\" target=\"_blank\" rel=\"noopener\">Jean-Marie Bigard<\/a> aurait d\u2019ailleurs toujours \u00e9t\u00e9 au courant de cette romance selon les dires de l\u2019homme abandonn\u00e9 par sa m\u00e8re : \u00ab\u00a0je suis parti \u00e0 Mougins avec lui, chez Jean-Marie Bigard. Jean-marie Bigard, il le sait. Parce qu&rsquo;on a pass\u00e9 des week-ends chez Jean-Marie Bigard\u00a0\u00bb.\u00a0<\/p>\n<p>Pourquoi leur histoire a-t-elle pris fin ? <\/p>\n<p>Si leur histoire n\u2019a pas dur\u00e9, c\u2019est parce que <a href=\"https:\/\/www.public.fr\/pas-ami-laurent-ruquier-sans-fard-sur-ses-relations-avec-stephane-plaza-et-pierre-palmade\" target=\"_blank\" rel=\"noopener\">l\u2019homme condamn\u00e9 \u00e0 5 ans de prison<\/a> en novembre 2024 apr\u00e8s le violent accident de la route qu&rsquo;il a provoqu\u00e9 en f\u00e9vrier 2023, menait une vie qui ne correspondait pas \u00e0 son ancien compagnon.<\/p>\n<p>\u00ab\u00a0\u00c7a s&rsquo;est arr\u00eat\u00e9 tout simplement parce que<strong> le mode de vie de Pierre n&rsquo;allait pas avec la mienne<\/strong> (la consommation de drogue:ndlr). Effectivement, c&rsquo;est l&rsquo;une des raisons pourquoi je l&rsquo;ai quitt\u00e9. Je ne suis pas quelqu&rsquo;un qui boit,<strong> je ne prends pas la drogue, je ne fume pas.<\/strong> Et Pierre, c&rsquo;\u00e9tait quelqu&rsquo;un qui vivait \u00e0 cent \u00e0 l&rsquo;heure. Moi, je suis quelqu&rsquo;un de beaucoup plus calme\u00a0\u00bb, explique-t-il \u00e0 Jordan de Luxe.<\/p>\n<p>M\u00eame si leur histoire a pris fin, Vincent McDoom assure avoir \u00e9t\u00e9 amoureux de Pierre Palmade au cours de leur histoire. Aujourd\u2019hui, il se dit fier de <a href=\"https:\/\/vsd.fr\/tag\/pierre-palmade\/\" target=\"_blank\" rel=\"noopener\">l\u2019humoriste<\/a> pour sa repentance. <\/p>\n<p>\u00ab\u00a0Pour le moment, Pierre, il est en train d&rsquo;accepter les cons\u00e9quences de ce qu&rsquo;il a fait. Et moi, je suis fier de lui, en fait. Que lui, il est en train d&rsquo;accepter,<strong> il est en train de payer<\/strong>, il est en train de faire le n\u00e9cessaire pour aller bien\u00a0\u00bb, se r\u00e9jouit-il.<\/p>\n<p>Toute reproduction interdite sans la mention Public et un lien r\u00e9digeant sur cet article<\/p>\n<p>      Mentionn\u00e9s dans cet article<\/p>\n<p>      Sur le m\u00eame sujet<\/p>\n","protected":false},"excerpt":{"rendered":"Pendant six mois, Pierre Palmade et Vincent McDoom auraient nag\u00e9 en plein bonheur. C\u2019est en tout cas ce&hellip;\n","protected":false},"author":2,"featured_media":412630,"comment_status":"","ping_status":"","sticky":false,"template":"","format":"standard","meta":{"footnotes":""},"categories":[8],"tags":[1193,58,59,5411,1011,27,4829,1250,54344],"class_list":{"0":"post-412629","1":"post","2":"type-post","3":"status-publish","4":"format-standard","5":"has-post-thumbnail","7":"category-divertissement","8":"tag-couple","9":"tag-divertissement","10":"tag-entertainment","11":"tag-exclusivite-public","12":"tag-fr","13":"tag-france","14":"tag-jordan-de-luxe","15":"tag-pierre-palmade","16":"tag-vincent-mcdoom"},"share_on_mastodon":{"url":"https:\/\/pubeurope.com\/@fr\/115255184775531916","error":""},"_links":{"self":[{"href":"https:\/\/www.europesays.com\/fr\/wp-json\/wp\/v2\/posts\/412629","targetHints":{"allow":["GET"]}}],"collection":[{"href":"https:\/\/www.europesays.com\/fr\/wp-json\/wp\/v2\/posts"}],"about":[{"href":"https:\/\/www.europesays.com\/fr\/wp-json\/wp\/v2\/types\/post"}],"author":[{"embeddable":true,"href":"https:\/\/www.europesays.com\/fr\/wp-json\/wp\/v2\/users\/2"}],"replies":[{"embeddable":true,"href":"https:\/\/www.europesays.com\/fr\/wp-json\/wp\/v2\/comments?post=412629"}],"version-history":[{"count":0,"href":"https:\/\/www.europesays.com\/fr\/wp-json\/wp\/v2\/posts\/412629\/revisions"}],"wp:featuredmedia":[{"embeddable":true,"href":"https:\/\/www.europesays.com\/fr\/wp-json\/wp\/v2\/media\/412630"}],"wp:attachment":[{"href":"https:\/\/www.europesays.com\/fr\/wp-json\/wp\/v2\/media?parent=412629"}],"wp:term":[{"taxonomy":"category","embeddable":true,"href":"https:\/\/www.europesays.com\/fr\/wp-json\/wp\/v2\/categories?post=412629"},{"taxonomy":"post_tag","embeddable":true,"href":"https:\/\/www.europesays.com\/fr\/wp-json\/wp\/v2\/tags?post=412629"}],"curies":[{"name":"wp","href":"https:\/\/api.w.org\/{rel}","templated":true}]}}