{"id":412635,"date":"2025-09-23T19:10:10","date_gmt":"2025-09-23T19:10:10","guid":{"rendered":"https:\/\/www.europesays.com\/fr\/412635\/"},"modified":"2025-09-23T19:10:10","modified_gmt":"2025-09-23T19:10:10","slug":"lotan-se-dit-prete-a-tirer-trump-sermonne-leurope-et-la-russie-avance","status":"publish","type":"post","link":"https:\/\/www.europesays.com\/fr\/412635\/","title":{"rendered":"L\u2019Otan se dit pr\u00eate \u00e0 tirer, Trump sermonne l\u2019Europe et la Russie avance"},"content":{"rendered":"<p>Vous avez rat\u00e9 les derniers \u00e9v\u00e9nements sur la guerre en Ukraine\u00a0? 20 Minutes fait le point pour vous tous les soirs. Voici l\u2019essentiel de ce mardi 23\u00a0septembre, 1.308e jour du conflit.<\/p>\n<p>Le fait du jour<\/p>\n<p>Je vous demande vous arr\u00eater\u2026 L\u2019<a href=\"https:\/\/www.20minutes.fr\/monde\/otan\/\" class=\"c-link c-link--is-underlined\" target=\"_blank\" rel=\"noopener\">Otan<\/a> a averti mardi Moscou que l&rsquo;\u00ab\u00a0escalade\u00a0\u00bb devait cesser, apr\u00e8s plusieurs intrusions russes dans son espace a\u00e9rien. \u00ab\u00a0La Russie porte l\u2019enti\u00e8re responsabilit\u00e9 de ces agissements, qui sont de nature \u00e0 conduire \u00e0 une escalade, risquent de donner lieu \u00e0 une erreur d\u2019appr\u00e9ciation et mettent des vies en danger. Tout cela doit cesser\u00a0\u00bb, a mis en garde l\u2019Alliance, dans un communiqu\u00e9.<\/p>\n<p>Les 32 pays alli\u00e9s de l\u2019Otan \u00ab\u00a0emploieront, dans le respect du droit international, tous les outils militaires et non militaires qu\u2019ils jugeront n\u00e9cessaires pour se d\u00e9fendre et pour \u00e9carter toutes les menaces, d\u2019o\u00f9 qu\u2019elles viennent\u00a0\u00bb, pr\u00e9cise le texte. L\u2019Otan ouvrira le feu \u00ab\u00a0en fonction des renseignements disponibles concernant la menace pos\u00e9e\u00a0\u00bb par des avions ou des drones, a ensuite expliqu\u00e9 devant la presse son secr\u00e9taire g\u00e9n\u00e9ral Mark Rutte.<\/p>\n<\/p>\n<p>Des drones ont \u00e9galement survol\u00e9 lundi Copenhague, la capitale du Danemark, contraignant les autorit\u00e9s \u00e0 fermer l\u2019a\u00e9roport pendant plusieurs heures. Mais Mark Rutte a indiqu\u00e9 qu\u2019il \u00e9tait encore \u00ab\u00a0trop t\u00f4t\u00a0\u00bb pour savoir si la Russie \u00e9tait \u00e9galement impliqu\u00e9e dans ce nouvel incident.<\/p>\n<p>La Russie a ni\u00e9 sa responsabilit\u00e9 dans toutes les \u00ab\u00a0intrusions\u00a0\u00bb pr\u00e9c\u00e9dentes, en Pologne et en Estonie notamment.<\/p>\n<p>La d\u00e9claration du jour<\/p>\n<blockquote class=\"mx-m@xs mx-xxl@md color-ultramarine c-citation\">\n<p class=\"font-weight-regular@xs text-italic font-source-serif-pro text-l@xs c-citation__content\">\u00ab\u00a0La Chine et l\u2019Inde sont les premiers soutiens financiers de la guerre en cours parce qu\u2019ils continuent \u00e0 acheter du p\u00e9trole russe. Mais, de fa\u00e7on inexcusable, m\u00eame les pays de l\u2019Otan n\u2019ont pas suffisamment r\u00e9duit l\u2019\u00e9nergie russe\u00a0\u00bb<\/p>\n<\/blockquote>\n<p><a href=\"https:\/\/www.20minutes.fr\/dossier\/donald_trump\" class=\"c-link c-link--is-underlined\" target=\"_blank\" rel=\"noopener\">Donald Trump<\/a> n\u2019a m\u00e9nag\u00e9 personne \u00e0 la tribune des Nations unies, pas m\u00eame Vladimir Poutine, ce qui confirme que leurs relations se sont bien refroidies. Le pr\u00e9sident am\u00e9ricain a laiss\u00e9 \u00e0 nouveau entendre qu\u2019il voulait affaiblir la <a href=\"https:\/\/www.20minutes.fr\/monde\/russie\/\" class=\"c-link c-link--is-underlined\" target=\"_blank\" rel=\"noopener\">Russie<\/a> en ass\u00e9chant ses exportations \u00e9nerg\u00e9tiques. Quant aux Europ\u00e9ens, \u00ab\u00a0ils doivent imm\u00e9diatement arr\u00eater tout achat d\u2019\u00e9nergie russe. Sinon, nous perdons beaucoup de temps\u00a0\u00bb, a-t-il ajout\u00e9, visant particuli\u00e8rement la Hongrie et la Slovaquie.<\/p>\n<p>Le chiffre du jour<\/p>\n<p>92\u00a0%. La proportion des civils ukrainiens qui ont affirm\u00e9 avoir subi des tortures ou des mauvais traitements durant leur captivit\u00e9 aux mains des soldats russes. Ce chiffre a \u00e9t\u00e9 d\u00e9voil\u00e9 dans un rapport du Haut-Commissariat aux droits de l&rsquo;homme de l\u2019ONU dont les enqu\u00eateurs ont interrog\u00e9 216 civils lib\u00e9r\u00e9s depuis juin\u00a02023.<\/p>\n<p>La tendance<\/p>\n<p>L\u2019arm\u00e9e russe affirme avoir gagn\u00e9 du terrain dans la ville cl\u00e9 de Koupiansk, dans la r\u00e9gion ukrainienne de Kharkiv (au nord-est du pays), pr\u00e9cisant vouloir reprendre cette cit\u00e9 afin de poursuivre une avanc\u00e9e plus large dans cette r\u00e9gion. \u00ab\u00a0Le contr\u00f4le de Koupiansk permettra \u00e0 l\u2019avenir de d\u00e9velopper une offensive en profondeur dans la r\u00e9gion de Kharkiv, y compris en direction d\u2019Izioum et de Tchougou\u00efv\u00a0\u00bb, deux autres villes de la r\u00e9gion sous contr\u00f4le ukrainien, a indiqu\u00e9 le minist\u00e8re russe de la D\u00e9fense dans un communiqu\u00e9 sur Telegram.<\/p>\n<p>Selon cette source, les forces russes ont \u00e0 moiti\u00e9 encercl\u00e9 un groupe de soldats ukrainiens \u00e0 Koupiansk et des combats se poursuivent pour boucler cet encerclement.<\/p>\n<p><a href=\"https:\/\/www.20minutes.fr\/monde\/ukraine\" class=\"c-link c-btn c-btn--primary\" target=\"_blank\" rel=\"noopener\">Notre dossier sur la guerre en Ukraine<\/a><\/p>\n<p>La carte du site d\u2019analyse militaire DeepState, r\u00e9put\u00e9 proche de l\u2019arm\u00e9e de Kiev, indique que des troupes ukrainiennes sont actuellement prises en tenaille \u00e0 Koupiansk, mais pas encercl\u00e9es.<\/p>\n","protected":false},"excerpt":{"rendered":"Vous avez rat\u00e9 les derniers \u00e9v\u00e9nements sur la guerre en Ukraine\u00a0? 20 Minutes fait le point pour vous&hellip;\n","protected":false},"author":2,"featured_media":412636,"comment_status":"","ping_status":"","sticky":false,"template":"","format":"standard","meta":{"footnotes":""},"categories":[5],"tags":[47,11,145,75,1011,27,131,14,74,12,3521,136,132,135,28],"class_list":{"0":"post-412635","1":"post","2":"type-post","3":"status-publish","4":"format-standard","5":"has-post-thumbnail","7":"category-international","8":"tag-actualite","9":"tag-actualites","10":"tag-danemark","11":"tag-donald-trump","12":"tag-fr","13":"tag-france","14":"tag-guerre-en-ukraine","15":"tag-international","16":"tag-monde","17":"tag-news","18":"tag-onu","19":"tag-otan","20":"tag-russie","21":"tag-vladimir-poutine","22":"tag-world"},"share_on_mastodon":{"url":"https:\/\/pubeurope.com\/@fr\/115255196020384267","error":""},"_links":{"self":[{"href":"https:\/\/www.europesays.com\/fr\/wp-json\/wp\/v2\/posts\/412635","targetHints":{"allow":["GET"]}}],"collection":[{"href":"https:\/\/www.europesays.com\/fr\/wp-json\/wp\/v2\/posts"}],"about":[{"href":"https:\/\/www.europesays.com\/fr\/wp-json\/wp\/v2\/types\/post"}],"author":[{"embeddable":true,"href":"https:\/\/www.europesays.com\/fr\/wp-json\/wp\/v2\/users\/2"}],"replies":[{"embeddable":true,"href":"https:\/\/www.europesays.com\/fr\/wp-json\/wp\/v2\/comments?post=412635"}],"version-history":[{"count":0,"href":"https:\/\/www.europesays.com\/fr\/wp-json\/wp\/v2\/posts\/412635\/revisions"}],"wp:featuredmedia":[{"embeddable":true,"href":"https:\/\/www.europesays.com\/fr\/wp-json\/wp\/v2\/media\/412636"}],"wp:attachment":[{"href":"https:\/\/www.europesays.com\/fr\/wp-json\/wp\/v2\/media?parent=412635"}],"wp:term":[{"taxonomy":"category","embeddable":true,"href":"https:\/\/www.europesays.com\/fr\/wp-json\/wp\/v2\/categories?post=412635"},{"taxonomy":"post_tag","embeddable":true,"href":"https:\/\/www.europesays.com\/fr\/wp-json\/wp\/v2\/tags?post=412635"}],"curies":[{"name":"wp","href":"https:\/\/api.w.org\/{rel}","templated":true}]}}