{"id":412637,"date":"2025-09-23T19:11:09","date_gmt":"2025-09-23T19:11:09","guid":{"rendered":"https:\/\/www.europesays.com\/fr\/412637\/"},"modified":"2025-09-23T19:11:09","modified_gmt":"2025-09-23T19:11:09","slug":"mort-sur-la-plage-de-ouistreham-marc-felix-etait-la-locomotive-de-la-normandy-beach-race","status":"publish","type":"post","link":"https:\/\/www.europesays.com\/fr\/412637\/","title":{"rendered":"Mort sur la plage de Ouistreham, Marc F\u00e9lix \u00e9tait \u00ab\u00a0la locomotive\u00a0\u00bb de la Normandy Beach Race"},"content":{"rendered":"<p>            Par<br \/>\n        <strong><br \/>\n            <a href=\"https:\/\/actu.fr\/auteur\/arnaud-heroult\" title=\"Consulter tous les articles de Arnaud H\u00e9roult\" target=\"_blank\" rel=\"noopener\">Arnaud H\u00e9roult<\/a><br \/>\n        <\/strong><\/p>\n<p>        Publi\u00e9 le<\/p>\n<p>            23 sept. 2025 \u00e0 18h22        <\/p>\n<p>Lundi 22 septembre 2025, au lendemain du d\u00e9c\u00e8s de Marc F\u00e9lix \u00e0 Ouistreham, sur la <a href=\"https:\/\/actu.fr\/tag\/cote-de-nacre\" target=\"_blank\" rel=\"noopener\">C\u00f4te de Nacre<\/a> (Calvados), le conseil municipal de la ville a observ\u00e9 <b>une minute de silence <\/b>en la m\u00e9moire de l\u2019organisateur de la <b>Normandy Beach Race<\/b>, <a href=\"https:\/\/actu.fr\/normandie\/ouistreham_14488\/grave-accident-a-ouistreham-sur-la-normandy-beach-race-une-voiture-fait-trois-tonneaux-le-site-evacue_63192781.html\" target=\"_blank\" rel=\"noopener\">d\u00e9c\u00e9d\u00e9 \u00e0 la suite d\u2019un accident sur la plage de Riva-Bella<\/a>, ce dimanche 21 septembre.<\/p>\n<p>\u00ab Un r\u00f4le majeur \u00bb<\/p>\n<p class=\" wall-content\">Le maire de la commune, Romain Bail, a \u00e9voqu\u00e9 le \u00ab<b> r\u00f4le majeur<\/b> de Marc F\u00e9lix dans ce projet. \u00bb<\/p>\n<blockquote class=\"ac-article-quote wall-content\">\n<p>Marc F\u00e9lix \u00e9tait un passionn\u00e9, il a \u00e9t\u00e9 emport\u00e9 par sa passion.<\/p>\n<p>Romain Bail, maire de Ouistreham<\/p><\/blockquote>\n<p class=\" wall-content\">Le maire s\u2019est rappel\u00e9 \u00ab d\u2019un coup de t\u00e9l\u00e9phone, il cherchait une plage pour des <b>r\u00e9unions de v\u00e9hicules anciens<\/b>.<a href=\"https:\/\/actu.fr\/normandie\/ouistreham_14488\/comment-la-normandy-beach-race-est-devenue-le-hellfest-mecanique-sur-la-plage-de-ouistreham_63175395.html\" target=\"_blank\" rel=\"noopener\"> La Normandy Beach Race<\/a> a pris une envergure qui nous a d\u00e9pass\u00e9, de 15 000\u00a0personnes en 2019 \u00e0 100 000 lors de la troisi\u00e8me \u00e9dition. <b>C\u2019\u00e9tait tr\u00e8s festif<\/b>, mais aussi tr\u00e8s s\u00e9rieux, avec une s\u00e9curisation complexe \u00e0 laquelle Marc F\u00e9lix avait r\u00e9pondu. \u00bb<\/p>\n<p>Chef d\u2019entreprise, p\u00e8re de trois enfants<\/p>\n<p class=\" wall-content\">Vivant en r\u00e9gion parisienne, Marc F\u00e9lix, 54\u00a0ans, p\u00e8re de trois enfants, \u00e9tait un <b>chef d\u2019entreprise dans le domaine de l\u2019\u00e9v\u00e9nementiel.<\/b> Il avait, avec ses amis Thomas Herv\u00e9 et Jean-Marc Lazzari, cr\u00e9\u00e9 la Normandy Beach Race apr\u00e8s avoir assist\u00e9 \u00e0 <b>des runs de vieux v\u00e9hicules<\/b> sur des plages<b> aux \u00c9tats-Unis.<\/b><\/p>\n<p>\u00ab Il transmettait sa passion \u00bb<\/p>\n<p class=\" wall-content\">Deux jours apr\u00e8s le drame, un membre de l\u2019organisation, a bien voulu \u00e9voquer Marc F\u00e9lix dont il \u00e9tait proche.<\/p>\n<p>Vid\u00e9os : en ce moment sur Actu<\/p>\n<p class=\" wall-content\">\u00ab C\u2019\u00e9tait <b>un passionn\u00e9 de m\u00e9canique ancienne<\/b>. Il arrivait \u00e0 f\u00e9d\u00e9rer \u00e9norm\u00e9ment de monde autour de lui. C\u2019\u00e9tait <b>une vraie locomotive <\/b>pour l\u2019association dans laquelle il \u00e9tait tr\u00e8s impliqu\u00e9. Il transmettait sa passion, m\u00eame \u00e0 des gens qui, au d\u00e9part, n\u2019\u00e9taient pas des fans de ces m\u00e9caniques, parce que c\u2019\u00e9tait lui \u00e0 la t\u00eate, avec Thomas et Jean-Marc. \u00bb<\/p>\n<p class=\" wall-content\">Personnalisez votre actualit\u00e9 en ajoutant vos villes et m\u00e9dias en favori avec <a href=\"https:\/\/moncompte.actu.fr\" title=\"D\u00e9couvez Mon Actu\" rel=\"nofollow noopener\" data-trk=\"{&quot;cta&quot;:{&quot;action&quot;:&quot;https:\\\/\\\/moncompte.actu.fr&quot;,&quot;category&quot;:&quot;mon compte&quot;,&quot;from&quot;:&quot;article footer&quot;,&quot;name&quot;:&quot;Mon actu&quot;,&quot;type&quot;:&quot;cta&quot;}}\" target=\"_blank\">Mon Actu<\/a>.<\/p>\n","protected":false},"excerpt":{"rendered":"Par Arnaud H\u00e9roult Publi\u00e9 le 23 sept. 2025 \u00e0 18h22 Lundi 22 septembre 2025, au lendemain du d\u00e9c\u00e8s&hellip;\n","protected":false},"author":2,"featured_media":412638,"comment_status":"","ping_status":"","sticky":false,"template":"","format":"standard","meta":{"footnotes":""},"categories":[4],"tags":[11,1011,27,1391,12,3515,54345,25,104],"class_list":{"0":"post-412637","1":"post","2":"type-post","3":"status-publish","4":"format-standard","5":"has-post-thumbnail","7":"category-france","8":"tag-actualites","9":"tag-fr","10":"tag-france","11":"tag-necrologie","12":"tag-news","13":"tag-ouistreham","14":"tag-plages-du-debarquement","15":"tag-republique-francaise","16":"tag-societe"},"share_on_mastodon":{"url":"https:\/\/pubeurope.com\/@fr\/115255199944878769","error":""},"_links":{"self":[{"href":"https:\/\/www.europesays.com\/fr\/wp-json\/wp\/v2\/posts\/412637","targetHints":{"allow":["GET"]}}],"collection":[{"href":"https:\/\/www.europesays.com\/fr\/wp-json\/wp\/v2\/posts"}],"about":[{"href":"https:\/\/www.europesays.com\/fr\/wp-json\/wp\/v2\/types\/post"}],"author":[{"embeddable":true,"href":"https:\/\/www.europesays.com\/fr\/wp-json\/wp\/v2\/users\/2"}],"replies":[{"embeddable":true,"href":"https:\/\/www.europesays.com\/fr\/wp-json\/wp\/v2\/comments?post=412637"}],"version-history":[{"count":0,"href":"https:\/\/www.europesays.com\/fr\/wp-json\/wp\/v2\/posts\/412637\/revisions"}],"wp:featuredmedia":[{"embeddable":true,"href":"https:\/\/www.europesays.com\/fr\/wp-json\/wp\/v2\/media\/412638"}],"wp:attachment":[{"href":"https:\/\/www.europesays.com\/fr\/wp-json\/wp\/v2\/media?parent=412637"}],"wp:term":[{"taxonomy":"category","embeddable":true,"href":"https:\/\/www.europesays.com\/fr\/wp-json\/wp\/v2\/categories?post=412637"},{"taxonomy":"post_tag","embeddable":true,"href":"https:\/\/www.europesays.com\/fr\/wp-json\/wp\/v2\/tags?post=412637"}],"curies":[{"name":"wp","href":"https:\/\/api.w.org\/{rel}","templated":true}]}}